{"id":6632,"date":"2022-03-19T21:30:38","date_gmt":"2022-03-19T20:30:38","guid":{"rendered":"http:\/\/zapatrzonawksiazki.pl\/?p=6632"},"modified":"2022-11-29T01:07:40","modified_gmt":"2022-11-29T00:07:40","slug":"zatraceni-w-sobie-k-m-dyga","status":"publish","type":"post","link":"https:\/\/zapatrzonawksiazki.pl\/index.php\/2022\/03\/19\/zatraceni-w-sobie-k-m-dyga\/","title":{"rendered":"Zatraceni w sobie K.M. Dyga"},"content":{"rendered":"<blockquote>\n<p style=\"text-align: justify;\">&#8211; S\u0142owa nie\u00adwy\u00adpo\u00adwie\u00addzia\u00adne s\u0105 kwia\u00adta\u00admi ciszy.*<\/p>\n<\/blockquote>\n<p style=\"text-align: justify;\"><img decoding=\"async\" loading=\"lazy\" class=\"size-medium wp-image-6633 alignleft\" src=\"http:\/\/zapatrzonawksiazki.pl\/wp-content\/uploads\/2022\/03\/zatraceni-w-sobie-trylogia-zatraceni-tom-1-b-iext104055992-209x300.jpg\" alt=\"\" width=\"209\" height=\"300\" srcset=\"https:\/\/zapatrzonawksiazki.pl\/wp-content\/uploads\/2022\/03\/zatraceni-w-sobie-trylogia-zatraceni-tom-1-b-iext104055992-209x300.jpg 209w, https:\/\/zapatrzonawksiazki.pl\/wp-content\/uploads\/2022\/03\/zatraceni-w-sobie-trylogia-zatraceni-tom-1-b-iext104055992-768x1101.jpg 768w, https:\/\/zapatrzonawksiazki.pl\/wp-content\/uploads\/2022\/03\/zatraceni-w-sobie-trylogia-zatraceni-tom-1-b-iext104055992-714x1024.jpg 714w, https:\/\/zapatrzonawksiazki.pl\/wp-content\/uploads\/2022\/03\/zatraceni-w-sobie-trylogia-zatraceni-tom-1-b-iext104055992.jpg 837w\" sizes=\"(max-width: 209px) 100vw, 209px\" \/>Prawdziwe \u017cycie to nie ksi\u0105\u017cka, w kt\u00f3rej kobieta spotyka m\u0119\u017cczyzn\u0119 swojego \u017cycia i nagle ich drogi nieustannie si\u0119 \u0142\u0105cz\u0105. To nie cudowne zbiegi okoliczno\u015bci i czas na przerwy w wydarzeniach, by m\u00f3c pomy\u015ble\u0107 o tym, co si\u0119 czuje lub akurat ko\u0142acze w g\u0142owie. W realnym \u015bwiecie nie ma na to miejsca, prawda?<\/p>\n<h3 style=\"text-align: justify;\">Zarys fabu\u0142y<\/h3>\n<p style=\"text-align: justify;\">Ida wiedzie skromny tryb \u017cycia. Posiada niewielkie mieszkanko i jest zadowolona ze swojej obecnej pracy, kt\u00f3ra pomaga jej prze\u017cy\u0107 ka\u017cdy miesi\u0105c i przy tym nie przeszkadza w studiowaniu. Gdy pewnego dnia wpada na jakiego\u015b m\u0119\u017cczyzn\u0119, nie jest \u015bwiadoma, \u017ce w\u0142a\u015bnie w jej \u017cyciu co\u015b si\u0119 zmienia. Po tym, jak ca\u0142e zam\u00f3wienie l\u0105duje na nim, a ona obdziera sobie kolana, niezadowolona wyra\u017ca swoj\u0105 opini\u0119 i odje\u017cd\u017ca. Pr\u0119dzej jednak kategorycznie domaga si\u0119 zwrotu koszt\u00f3w i zostawia mu wizyt\u00f3wk\u0119. Jaki\u015b czas p\u00f3\u017aniej dostaje informacje o rozmowie o prac\u0119. Gdy na nie dociera, jest w szoku, gdy odkrywa, kto chce j\u0105 zatrudni\u0107 i z jakich powod\u00f3w.<\/p>\n<p style=\"text-align: justify;\"><em>Zatraceni w sobie<\/em> to troch\u0119 taki m\u00f3j kaprys, bo przeczuwa\u0142am, \u017ce mo\u017ce wyst\u0105pi\u0107 w ksi\u0105\u017cce tr\u00f3jk\u0105t mi\u0142osny, ale jednak by\u0142am ciekawa tej historii. Musia\u0142a jednak troch\u0119 odczeka\u0107 na swoj\u0105 kolej. W ko\u0144cu uda\u0142o mi si\u0119 za ni\u0105 zabra\u0107 i pomimo tego w\u0105tku mi\u0142o sp\u0119dzi\u0107 z bohaterami odrobin\u0119 czasu.<\/p>\n<h3 style=\"text-align: justify;\">Moje wra\u017cenia<\/h3>\n<p style=\"text-align: justify;\">Nie da si\u0119 zaprzeczy\u0107, \u017ce autorka nie stworzy\u0142a typowego romansu biurowego. <em>Zatraceni w sobie<\/em> nie s\u0105 kolejn\u0105 powie\u015bci\u0105, w kt\u00f3rej bohaterowie szybko zaczynaj\u0105 l\u0105dowa\u0107 w \u0142\u00f3\u017cku lub na biurku. K.M. Dyga, skupia si\u0119 bardziej na sferze emocjonalnej, ni\u017c seksualnej. Skrupulatnie buduje mi\u0119dzy nimi napi\u0119cie, bawi ich rozmowami i tym jak sobie dokuczaj\u0105, podnosi ci\u015bnienie intymnymi momentami, by nagle da\u0107 pstryczka w nos nie tylko jednej ze stron, ale i czytelnikowi. Potrafi r\u00f3wnie\u017c trafi\u0107 do serca i przerazi\u0107. Du\u017co w tej ksi\u0105\u017cce si\u0119 dzieje, sporo tajemnic oraz niewypowiedzianych s\u0142\u00f3w komplikuje wydarzenia jeszcze bardziej, ni\u017c trzeba. Jedno jest pewne, nie zabrak\u0142o w historii wydarze\u0144, zwrot\u00f3w akcji oraz emocji.<\/p>\n<h3 style=\"text-align: justify;\">S\u0142\u00f3w kilka o bohaterach<\/h3>\n<p style=\"text-align: justify;\">Ida te\u017c jest ogromnym atutem tej historii. Niezwykle si\u0119 wyr\u00f3\u017cnia swoj\u0105 osobowo\u015bci\u0105. Idealnie pasuje do niej okre\u015blenie, kt\u00f3re pada w ksi\u0105\u017cce &#8211; rajski ptak. Kolorowa, oryginalna i uparta. Ma sw\u00f3j styl i za nic nie zamierza si\u0119 zmienia\u0107. Polubi\u0142am ja za jej charyzm\u0119, optymizm i podej\u015bcie do \u017cycia. Mam jednak problem z Konradem. Jest dla mnie taki nijaki, niby tajemniczy i nieprzewidywalny, a jednak te jego wahania bardziej wywo\u0142ywa\u0142y u mnie przewracanie oczami ni\u017c fascynacj\u0119. Bardziej zaciekawi\u0142 mnie pewien samuraj.<\/p>\n<h3 style=\"text-align: justify;\">Na zako\u0144czenie<\/h3>\n<p style=\"text-align: justify;\">Dawno nie mia\u0142am tak, \u017ce prowadzi\u0142am w g\u0142owie dyskusji o tym, czy jestem bardziej za, czy te\u017c przeciw. Z jednej strony niezwykle podoba\u0142o mi si\u0119 to, \u017ce autorka pokaza\u0142a, i\u017c nie trzeba tryliona scen seksu, by doda\u0107 historii pikanterii, wystarczy dobrze przekaza\u0107 emocje, skupi\u0107 si\u0119 na chemii i przyci\u0105ganiu mi\u0119dzy bohaterami. No i moje ukochane powolne poznawanie i budowanie relacji, nie cierpi\u0119, gdy wszystko dzieje si\u0119 za szybko. Ba, tutaj czasami a\u017c chcia\u0142am krzycze\u0107, by w ko\u0144cu co\u015b zrobili, bo ile\u017c mo\u017cna czeka\u0107, no! A z drugiej mamy tr\u00f3jk\u0105t mi\u0142osny i Konrada, kt\u00f3ry m\u00f3wi, wezm\u0119 to na klat\u0119, przecie\u017c j\u0105 odepchn\u0105\u0142em, niech czuje co\u015b do tego drugiego, b\u0119d\u0119 na to patrzy\u0142. No serio? Chyba bym nie chcia\u0142a by\u0107 z takim facetem. I mam dylemat, bo nie mog\u0142am oderwa\u0107 si\u0119 od tej historii, wraca\u0142am do czytania w ka\u017cdej wolnej chwili, prze\u017cywa\u0142am j\u0105 i nie mog\u0142am doczeka\u0107 si\u0119 zako\u0144czenia. Dobrze, \u017ce mam drugi tom pod r\u0119k\u0105, co\u015b czuj\u0119, \u017ce musz\u0119 zabra\u0107 si\u0119 za niego w najbli\u017cszym czasie.<\/p>\n<p style=\"text-align: justify;\"><em>Zatraceni w sobie<\/em> to romans biurowy, kt\u00f3ry wzbudza skrajne emocje. Zachwyca subtelno\u015bci\u0105, nieoczywistymi sytuacjami i skrajno\u015bciami. K.M. Dyga, punktuje tym, \u017ce stworzy\u0142a histori\u0119 nieprzewidywaln\u0105, pe\u0142na humoru i z niezwykle wyrazist\u0105 bohaterk\u0105. Z pewno\u015bci\u0105 szybko nie wypadnie z g\u0142owy, czy z serca r\u00f3wnie\u017c, to ju\u017c zale\u017cy od waszego odbioru.<\/p>\n<p style=\"text-align: justify;\">Autor: K.M. Dyga<br \/>\nTytu\u0142: Zatraceni w sobie<br \/>\nWydawnictwo: Sz\u00f3sty Zmys\u0142<br \/>\nWydanie: I<br \/>\nData wydania: 2021-10-13<br \/>\nKategoria: romans<br \/>\nISBN: 9788366737358<br \/>\nLiczba stron: 320<br \/>\n<img decoding=\"async\" loading=\"lazy\" class=\"aligncenter wp-image-5879 size-large\" src=\"http:\/\/zapatrzonawksiazki.pl\/wp-content\/uploads\/2021\/05\/ocena-Zapatrzona-7-1024x195.png\" alt=\"\" width=\"1024\" height=\"195\" srcset=\"https:\/\/zapatrzonawksiazki.pl\/wp-content\/uploads\/2021\/05\/ocena-Zapatrzona-7-1024x195.png 1024w, https:\/\/zapatrzonawksiazki.pl\/wp-content\/uploads\/2021\/05\/ocena-Zapatrzona-7-300x57.png 300w, https:\/\/zapatrzonawksiazki.pl\/wp-content\/uploads\/2021\/05\/ocena-Zapatrzona-7-768x146.png 768w\" sizes=\"(max-width: 1024px) 100vw, 1024px\" \/><\/p>\n<p style=\"text-align: center;\">Zatraceni<br \/>\n<em>Tom 1<\/em> | Tom 2 | Tom 3<\/p>\n","protected":false},"excerpt":{"rendered":"<p>&#8211; S\u0142owa nie\u00adwy\u00adpo\u00adwie\u00addzia\u00adne s\u0105 kwia\u00adta\u00admi ciszy.* Prawdziwe \u017cycie to nie ksi\u0105\u017cka, w kt\u00f3rej kobieta spotyka m\u0119\u017cczyzn\u0119 swojego \u017cycia i nagle ich drogi nieustannie si\u0119 \u0142\u0105cz\u0105. To nie cudowne zbiegi okoliczno\u015bci i czas na przerwy w wydarzeniach, by m\u00f3c pomy\u015ble\u0107 o tym, co si\u0119 czuje lub akurat ko\u0142acze w g\u0142owie. W realnym \u015bwiecie nie ma na [&hellip;]<\/p>\n","protected":false},"author":2,"featured_media":6634,"comment_status":"open","ping_status":"open","sticky":false,"template":"","format":"standard","meta":[],"categories":[5,4],"tags":[31,1894,17,76,1895,1549],"jetpack_featured_media_url":"https:\/\/zapatrzonawksiazki.pl\/wp-content\/uploads\/2022\/03\/zatraceni-w-sobie-zapatrzonawksiazki-pl.jpg","_links":{"self":[{"href":"https:\/\/zapatrzonawksiazki.pl\/index.php\/wp-json\/wp\/v2\/posts\/6632"}],"collection":[{"href":"https:\/\/zapatrzonawksiazki.pl\/index.php\/wp-json\/wp\/v2\/posts"}],"about":[{"href":"https:\/\/zapatrzonawksiazki.pl\/index.php\/wp-json\/wp\/v2\/types\/post"}],"author":[{"embeddable":true,"href":"https:\/\/zapatrzonawksiazki.pl\/index.php\/wp-json\/wp\/v2\/users\/2"}],"replies":[{"embeddable":true,"href":"https:\/\/zapatrzonawksiazki.pl\/index.php\/wp-json\/wp\/v2\/comments?post=6632"}],"version-history":[{"count":2,"href":"https:\/\/zapatrzonawksiazki.pl\/index.php\/wp-json\/wp\/v2\/posts\/6632\/revisions"}],"predecessor-version":[{"id":7375,"href":"https:\/\/zapatrzonawksiazki.pl\/index.php\/wp-json\/wp\/v2\/posts\/6632\/revisions\/7375"}],"wp:featuredmedia":[{"embeddable":true,"href":"https:\/\/zapatrzonawksiazki.pl\/index.php\/wp-json\/wp\/v2\/media\/6634"}],"wp:attachment":[{"href":"https:\/\/zapatrzonawksiazki.pl\/index.php\/wp-json\/wp\/v2\/media?parent=6632"}],"wp:term":[{"taxonomy":"category","embeddable":true,"href":"https:\/\/zapatrzonawksiazki.pl\/index.php\/wp-json\/wp\/v2\/categories?post=6632"},{"taxonomy":"post_tag","embeddable":true,"href":"https:\/\/zapatrzonawksiazki.pl\/index.php\/wp-json\/wp\/v2\/tags?post=6632"}],"curies":[{"name":"wp","href":"https:\/\/api.w.org\/{rel}","templated":true}]}}