{"id":6467,"date":"2022-01-26T16:25:03","date_gmt":"2022-01-26T15:25:03","guid":{"rendered":"http:\/\/zapatrzonawksiazki.pl\/?p=6467"},"modified":"2022-02-05T02:37:44","modified_gmt":"2022-02-05T01:37:44","slug":"odlecimy-stad-anna-dabrowska","status":"publish","type":"post","link":"https:\/\/zapatrzonawksiazki.pl\/index.php\/2022\/01\/26\/odlecimy-stad-anna-dabrowska\/","title":{"rendered":"Odlecimy st\u0105d Anna D\u0105browska"},"content":{"rendered":"<blockquote>\n<p style=\"text-align: justify;\">Mi\u0142o\u015bci nie mo\u017cna zaplanowa\u0107 ani nauczy\u0107 si\u0119 j\u0105 czu\u0107. Ona po prostu rodzi si\u0119 w naszych sercach i z biegiem czasu rozkwita.*<\/p>\n<\/blockquote>\n<p style=\"text-align: justify;\"><img decoding=\"async\" loading=\"lazy\" class=\"size-medium wp-image-6468 alignleft\" src=\"http:\/\/zapatrzonawksiazki.pl\/wp-content\/uploads\/2022\/02\/odlecimy-stad-1-188x300.jpg\" alt=\"\" width=\"188\" height=\"300\" srcset=\"https:\/\/zapatrzonawksiazki.pl\/wp-content\/uploads\/2022\/02\/odlecimy-stad-1-188x300.jpg 188w, https:\/\/zapatrzonawksiazki.pl\/wp-content\/uploads\/2022\/02\/odlecimy-stad-1.jpg 300w\" sizes=\"(max-width: 188px) 100vw, 188px\" \/>Nikt nie zas\u0142uguje na to, by cierpie\u0107 i ba\u0107 si\u0119 okazywa\u0107 uczucia. Niestety nie zawsze jest to mo\u017cliwe i ju\u017c jako dzieci poznajemy smak porzucenia, braku akceptacji oraz wytykania palcami. Z ka\u017cdym takim ciosem co\u015b si\u0119 w nas zmienia, chowamy swoje emocje i obawy za grubym pancerzem. \u015awiatu za\u015b pokazujemy zamaskowane oblicze, chroni\u0105ce przed kolejnymi ciosami.<\/p>\n<h3 style=\"text-align: justify;\">Zarys fabu\u0142y<\/h3>\n<p style=\"text-align: justify;\">O Delfinie z ca\u0142\u0105 pewno\u015bci\u0105 nie da si\u0119 powiedzie\u0107, \u017ce jest typow\u0105 nastolatk\u0105. Stroni od ludzi i to tak bardzo, \u017ce nie ma nawet jednej przyjaci\u00f3\u0142ki. Jej \u015bwiatem jest nauka, muzyka i praca w warsztacie samochodowym dziadka. To bardzo dojrza\u0142a jak na sw\u00f3j wiek m\u0142oda kobieta, kt\u00f3ra bardzo szybko poczu\u0142a smak odrzucenia. Teraz ma przy sobie tylko dziadka oraz kota i jest pewna, \u017ce niczego wi\u0119cej nie potrzebuje. Wszystko zmienia si\u0119 jednak w momencie pojawienia si\u0119 w jej \u017cyciu Jakuba. M\u0119\u017cczyzna sprawia, \u017ce jej mury obronne dr\u017c\u0105 w posadach, a ona zaczyna wierzy\u0107, \u017ce warto ryzykowa\u0107. Tylko czy naprawd\u0119?<\/p>\n<p style=\"text-align: justify;\">Ju\u017c dawno nie czyta\u0142am nic Anny D\u0105browskiej, dlatego te\u017c skusi\u0142am si\u0119 na <em>Odlecimy st\u0105d<\/em>. By\u0142am ciekawa, czym tym razem zaskoczy mnie autorka i czy po raz kolejny zostan\u0119 poch\u0142oni\u0119ta przez emocje zawarte w tre\u015bci. Czy by\u0142o warto po\u015bwi\u0119ci\u0107 sw\u00f3j czas tej historii?<\/p>\n<h3 style=\"text-align: justify;\">Moje wra\u017cenia<\/h3>\n<p style=\"text-align: justify;\">Znam styl pisania Ani i wiem, czego mog\u0119 si\u0119 po niej spodziewa\u0107. By\u0142am pewna, \u017ce od pocz\u0105tku fabu\u0142a b\u0119dzie interesuj\u0105ca i moja ciekawo\u015b\u0107, zacznie tylko wzrasta\u0107. <em>Odlecimy st\u0105d<\/em>, ju\u017c na pocz\u0105tku pokazuje, \u017ce nie b\u0119dzie to s\u0142odkie love story, a historia niezwykle bolesna i poruszaj\u0105ca. Autorka w swoim stylu ukazuje losy dw\u00f3ch os\u00f3b i splata ze sob\u0105 \u015bcie\u017cki ich \u017cycia. Pokazuje, jak trudne i bolesne mo\u017ce by\u0107 \u017cycie, ale r\u00f3wnie\u017c to, \u017ce zawsze mo\u017cemy mie\u0107 nadziej\u0119 na odrobin\u0119 szcz\u0119\u015bcia, a trudno\u015bci da si\u0119 pokona\u0107, gdy tylko tego bardzo chcemy. Opr\u00f3cz realno\u015bci i du\u017cej dawki emocji pozytywnym aspektem jest tutaj te\u017c czas. Nic w tej historii nie dzieje si\u0119 nagle, nie ma cudownych rozwi\u0105za\u0144 i szybkiego przepracowania traum. S\u0105 dobre i z\u0142e momenty, s\u0142owa goj\u0105ce rany i je rozrywaj\u0105ce, walka i poddanie si\u0119. Jak w \u017cyciu.<\/p>\n<h3 style=\"text-align: justify;\">O bohaterach s\u0142\u00f3w kilka<\/h3>\n<p style=\"text-align: justify;\">Je\u015bli chodzi o bohater\u00f3w, to u Ani nigdy nie s\u0105 to postacie \u0142atwe do rozszyfrowania. W tym przypadku wi\u0119ksz\u0105 zagadka by\u0142 dla mnie Kuba. Jakby mia\u0142 dwie twarze i trudno by\u0142o mi rozszyfrowa\u0107, kt\u00f3ra z nich to on. Podoba\u0142a mi si\u0119 ta jego nie idealno\u015b\u0107. Z jednej strony walczy\u0142 o Delfine, o to, by zacz\u0119\u0142a \u017cy\u0107 i wbija\u0142 jej do g\u0142owy, \u017ce zas\u0142uguje na wi\u0119cej, a z drugiej sam potrafi\u0142 zrani\u0107. Teraz ju\u017c znam jego motyw zachowania, ale nadal nie popieram niekt\u00f3rych decyzji. No i jest Delfina, z ni\u0105 si\u0119 z\u017cy\u0142am i rozumia\u0142am jej b\u00f3l oraz potrzeb\u0119 ochrony serca. Wiem, jak trudno jest pokona\u0107 l\u0119ki i wyj\u015b\u0107 ze strefy komfortu. Jej si\u0119 nie da nie lubi\u0107, niby krucha, a ma w sobie pazur i dobre serce.<\/p>\n<h3 style=\"text-align: justify;\">Na zako\u0144czenie<\/h3>\n<p style=\"text-align: justify;\">Pomimo wszystko mam jednak pewien drobny problem z <em>Odlecimy st\u0105d<\/em>, bo z jednej strony od pocz\u0105tku wci\u0105gn\u0119\u0142am si\u0119 w fabu\u0142\u0119. By\u0142am \u017cywo zainteresowana tym, co b\u0119dzie dalej i czym obarczy\u0142a swoich bohater\u00f3w Ania. Musia\u0142am si\u0119 dowiedzie\u0107, jak potoczy si\u0119 ta znajomo\u015b\u0107 i czym tym razem sk\u0142oni mnie do przemy\u015ble\u0144 poprzez zawarty w tek\u015bcie przekaz. Z drugiej za\u015b strony pierwsza po\u0142owa ksi\u0105\u017cki, a raczej emocje w nich zawarte by\u0142y jakby za szk\u0142em. Czu\u0142am je, ale nie tak mocno, jakbym chcia\u0142a. Nie odbiera\u0142o mi to jednak przyjemno\u015bci z czytania. Zako\u0144czenie za\u015b by\u0142o hu\u015btawk\u0105 &#8211; to by\u0142am pe\u0142na rado\u015bci, to czu\u0142am jak krwawi mi serce.<\/p>\n<p style=\"text-align: justify;\">Je\u015bli zatem lubicie ksi\u0105\u017cki \u017cyciowe i pe\u0142ne przer\u00f3\u017cnych emocji, to polecam <em>Odlecimy st\u0105d<\/em>. Ta historia nie tylko wywo\u0142uje mas\u0119 emocji, ale r\u00f3wnie\u017c zach\u0119ca do refleksji. To s\u0142odko gorzka opowie\u015b\u0107 i strachu, cierpieniu, nadziei oraz mi\u0142o\u015bci.<\/p>\n<p style=\"text-align: justify;\"><strong>Autor:<\/strong> Anna D\u0105browska<br \/>\n<strong>Tytu\u0142:<\/strong> Odlecimy st\u0105d<br \/>\n<strong>Wydawnictwo:<\/strong> Novae Res<br \/>\n<strong>Wydanie:<\/strong> I<br \/>\n<strong>Data wydania:<\/strong> 2020-03-17<br \/>\n<strong>Kategoria:<\/strong> new adult<br \/>\n<strong>ISBN:<\/strong> 9788381477284<br \/>\n<strong>Liczba stron:<\/strong> 332<br \/>\n<img decoding=\"async\" loading=\"lazy\" class=\"aligncenter wp-image-5879 size-large\" src=\"http:\/\/zapatrzonawksiazki.pl\/wp-content\/uploads\/2021\/05\/ocena-Zapatrzona-7-1024x195.png\" alt=\"\" width=\"1024\" height=\"195\" srcset=\"https:\/\/zapatrzonawksiazki.pl\/wp-content\/uploads\/2021\/05\/ocena-Zapatrzona-7-1024x195.png 1024w, https:\/\/zapatrzonawksiazki.pl\/wp-content\/uploads\/2021\/05\/ocena-Zapatrzona-7-300x57.png 300w, https:\/\/zapatrzonawksiazki.pl\/wp-content\/uploads\/2021\/05\/ocena-Zapatrzona-7-768x146.png 768w\" sizes=\"(max-width: 1024px) 100vw, 1024px\" \/><\/p>\n<p style=\"text-align: center;\">P\u0142omienie<br \/>\n<em>Odlecimy st\u0105d<\/em> | W deszczu | Czas na cisz\u0119<\/p>\n<hr \/>\n<p style=\"text-align: center;\"><strong>Dzi\u0119kuj\u0119!<\/strong><br \/>\n<img decoding=\"async\" loading=\"lazy\" class=\"size-medium wp-image-5924 aligncenter\" src=\"http:\/\/zapatrzonawksiazki.pl\/wp-content\/uploads\/2021\/07\/duzeKa-300x151.jpg\" alt=\"\" width=\"300\" height=\"151\" srcset=\"https:\/\/zapatrzonawksiazki.pl\/wp-content\/uploads\/2021\/07\/duzeKa-300x151.jpg 300w, https:\/\/zapatrzonawksiazki.pl\/wp-content\/uploads\/2021\/07\/duzeKa.jpg 350w\" sizes=\"(max-width: 300px) 100vw, 300px\" \/><\/p>\n","protected":false},"excerpt":{"rendered":"<p>Mi\u0142o\u015bci nie mo\u017cna zaplanowa\u0107 ani nauczy\u0107 si\u0119 j\u0105 czu\u0107. Ona po prostu rodzi si\u0119 w naszych sercach i z biegiem czasu rozkwita.* Nikt nie zas\u0142uguje na to, by cierpie\u0107 i ba\u0107 si\u0119 okazywa\u0107 uczucia. Niestety nie zawsze jest to mo\u017cliwe i ju\u017c jako dzieci poznajemy smak porzucenia, braku akceptacji oraz wytykania palcami. Z ka\u017cdym takim [&hellip;]<\/p>\n","protected":false},"author":2,"featured_media":6469,"comment_status":"open","ping_status":"open","sticky":false,"template":"","format":"standard","meta":[],"categories":[5,4],"tags":[31,104,61,23,88,17,1855],"jetpack_featured_media_url":"https:\/\/zapatrzonawksiazki.pl\/wp-content\/uploads\/2022\/02\/odlecimy-stad-zapatrzonawksiazki-pl.jpg","_links":{"self":[{"href":"https:\/\/zapatrzonawksiazki.pl\/index.php\/wp-json\/wp\/v2\/posts\/6467"}],"collection":[{"href":"https:\/\/zapatrzonawksiazki.pl\/index.php\/wp-json\/wp\/v2\/posts"}],"about":[{"href":"https:\/\/zapatrzonawksiazki.pl\/index.php\/wp-json\/wp\/v2\/types\/post"}],"author":[{"embeddable":true,"href":"https:\/\/zapatrzonawksiazki.pl\/index.php\/wp-json\/wp\/v2\/users\/2"}],"replies":[{"embeddable":true,"href":"https:\/\/zapatrzonawksiazki.pl\/index.php\/wp-json\/wp\/v2\/comments?post=6467"}],"version-history":[{"count":1,"href":"https:\/\/zapatrzonawksiazki.pl\/index.php\/wp-json\/wp\/v2\/posts\/6467\/revisions"}],"predecessor-version":[{"id":6470,"href":"https:\/\/zapatrzonawksiazki.pl\/index.php\/wp-json\/wp\/v2\/posts\/6467\/revisions\/6470"}],"wp:featuredmedia":[{"embeddable":true,"href":"https:\/\/zapatrzonawksiazki.pl\/index.php\/wp-json\/wp\/v2\/media\/6469"}],"wp:attachment":[{"href":"https:\/\/zapatrzonawksiazki.pl\/index.php\/wp-json\/wp\/v2\/media?parent=6467"}],"wp:term":[{"taxonomy":"category","embeddable":true,"href":"https:\/\/zapatrzonawksiazki.pl\/index.php\/wp-json\/wp\/v2\/categories?post=6467"},{"taxonomy":"post_tag","embeddable":true,"href":"https:\/\/zapatrzonawksiazki.pl\/index.php\/wp-json\/wp\/v2\/tags?post=6467"}],"curies":[{"name":"wp","href":"https:\/\/api.w.org\/{rel}","templated":true}]}}