{"id":6371,"date":"2021-01-01T17:45:05","date_gmt":"2021-01-01T16:45:05","guid":{"rendered":"http:\/\/zapatrzonawksiazki.pl\/?p=6371"},"modified":"2022-01-03T01:12:45","modified_gmt":"2022-01-03T00:12:45","slug":"pejzaz-z-aniolem-magdalena-kordel","status":"publish","type":"post","link":"https:\/\/zapatrzonawksiazki.pl\/index.php\/2021\/01\/01\/pejzaz-z-aniolem-magdalena-kordel\/","title":{"rendered":"Pejza\u017c z Anio\u0142em Magdalena Kordel [ChristmasBooks]"},"content":{"rendered":"<blockquote>\n<p style=\"text-align: justify;\">Ka\u017cdy poranek to zarazem kt\u00f3ry\u015b z kolei pierwszy krok, a pierwszy krok zawsze daje nadziej\u0119, \u017ce wszystko jest jeszcze przed nami, to lepsze, nieznane, oczekiwane&#8230;*<\/p>\n<\/blockquote>\n<p style=\"text-align: justify;\"><img decoding=\"async\" loading=\"lazy\" class=\"size-medium wp-image-6372 alignleft\" src=\"http:\/\/zapatrzonawksiazki.pl\/wp-content\/uploads\/2022\/01\/pejzaz-z-aniolem-b-iext53243069-207x300.jpg\" alt=\"\" width=\"207\" height=\"300\" srcset=\"https:\/\/zapatrzonawksiazki.pl\/wp-content\/uploads\/2022\/01\/pejzaz-z-aniolem-b-iext53243069-207x300.jpg 207w, https:\/\/zapatrzonawksiazki.pl\/wp-content\/uploads\/2022\/01\/pejzaz-z-aniolem-b-iext53243069.jpg 345w\" sizes=\"(max-width: 207px) 100vw, 207px\" \/>Wi\u0119kszo\u015b\u0107 z nas zawsze cieszy si\u0119 z nadchodz\u0105cych \u015bwi\u0105t. Wyczekujemy momentu, gdy b\u0119dzie mo\u017cna ju\u017c s\u0142ucha\u0107 kol\u0119d, stroi\u0107 dom i mie\u0107 z tego frajd\u0119. S\u0105 te\u017c jednak osoby, kt\u00f3re chcia\u0142yby, aby ten czas min\u0105\u0142 jak najszybciej, bo jedyne, co z nim si\u0119 wi\u0105\u017ce, to smutek, rozczarowanie i b\u00f3l&#8230;<\/p>\n<h3 style=\"text-align: justify;\">Zarys fabu\u0142y<\/h3>\n<p style=\"text-align: justify;\">Ada kiedy\u015b kocha\u0142a \u015bwi\u0119ta. Gdy by\u0142a ma\u0142\u0105 dziewczynk\u0105, jej tata robi\u0142 wszystko, by grudzie\u0144 by\u0142 dla niej czasem pe\u0142nym mi\u0142o\u015bci i tej gwiazdkowej magii. Wszystko si\u0119 jednak sko\u0144czy\u0142o wraz z jego odej\u015bciem. Chc\u0105c czy nie opiek\u0119 nad ni\u0105, musia\u0142a przej\u0105\u0107 matka, a jej daleko by\u0142o do rodzicielek kochaj\u0105cych swoje dzieci. Dziewczynka od tego czasu musia\u0142a po\u017cegna\u0107 si\u0119 z tym, co dobre i nauczy\u0107 \u017cy\u0107 w zupe\u0142nie innym \u015bwiecie. Teraz dla Ady Bo\u017ce Narodzenie, to najgorszy czas w roku. Za bardzo w tym czasie t\u0119skni za utraconym tat\u0105 i zbyt dobrze pami\u0119ta ch\u0142\u00f3d p\u0142yn\u0105cy od matki. Jedyne, o czym marzy, to odci\u0105\u0107 si\u0119 od ludzi oraz \u015bwi\u0105tecznego gwaru. Za spraw\u0105 jednej rozmowy decyduje si\u0119 wyjecha\u0107 i udaje si\u0119 do starej znajomej, kt\u00f3ra bez w\u0105chania zapewnia jej lokum na ten czas. Czy wyjazd da Adze to, czego pragnie?<\/p>\n<p style=\"text-align: justify;\">Magda Kordel ma sw\u00f3j styl pisania i trzeba lubi\u0107 to, jak pisze o emocjach, \u017cyciu i ludzkich problemach. <em>Pejza\u017c z Anio\u0142em<\/em> troch\u0119 na swoj\u0105 kolej musia\u0142 odczeka\u0107 &#8211; czu\u0142am, \u017ce na ten tytu\u0142 musi by\u0107 odpowiedni moment. Czy warto by\u0142o tyle czeka\u0107?<\/p>\n<h3 style=\"text-align: justify;\">Moje wra\u017cenia<\/h3>\n<p style=\"text-align: justify;\">Magda Kordel ma niebywa\u0142e lekki styl pisania i to \u0142atwo wyczu\u0107 ju\u017c od pierwszych stron. Za ka\u017cdym razem, gdy bior\u0119 do r\u0119ki jej ksi\u0105\u017cki, mam wra\u017cenie, \u017ce przenosz\u0119 si\u0119 do \u015bwiata, kt\u00f3ry jest tym realnym. W kt\u00f3rym dzieje si\u0119 du\u017co z\u0142a i niesprawiedliwo\u015bci, ale jednocze\u015bnie wiem, \u017ce to przej\u015bciowe, bo po z\u0142ych chwilach nadchodz\u0105 te dobre. Po niew\u0142a\u015bciwych osobach spotykamy te, kt\u00f3re wnios\u0105 do naszego \u017cycia rado\u015b\u0107, mi\u0142o\u015b\u0107, pewno\u015b\u0107 i bezpiecze\u0144stwo. Mo\u017ce si\u0119 wydawa\u0107, \u017ce to nic takiego, a jednak tym prostym przekazem autorka daje nadziej\u0119. <em>Pejza\u017c z Anio\u0142em<\/em> jest w\u0142a\u015bnie takim przyk\u0142adem. Pocz\u0105tkowo ksi\u0105\u017cka smuci i przypomina, \u017ce nie ka\u017cdy jest dobry. Z czasem oczarowuje magi\u0105 ma\u0142ego miasteczka, ludzk\u0105 dobroci\u0105, no i oczywi\u015bcie poczuciem humoru. To zaledwie kilka dni z \u017cycia bohater\u00f3w, a tyle w nich akcji i zaskakuj\u0105cych wydarze\u0144.<\/p>\n<h3 style=\"text-align: justify;\">S\u0142\u00f3w kilka o bohaterach<\/h3>\n<p style=\"text-align: justify;\">Now\u0105 postaci\u0105 jest tutaj Ada, reszta to dobrze znani i starzy przyjaciele. Mi\u0142o by\u0142o ponownie do nich zawita\u0107 i zobaczy\u0107, \u017ce w ich domu nic si\u0119 nie zmieni\u0142o. Tylko mi\u0142o\u015b\u0107 jakby wi\u0119ksza i mocniejsza. Poza tym nieustannie s\u0142ycha\u0107 jakie\u015b sprzeczki, krzyki i m\u0105dro\u015bci dzieci. Tutaj mi\u0142o\u015b\u0107 przeplata si\u0119 z troskami, a obserwowanie ka\u017cdej chwili w tym domu, to nieustanna rozrywka. Co do samej Ady, mia\u0142am ochot\u0119 do niej zagada\u0107 i powiedzie\u0107, \u017ce b\u0119dzie dobrze. Tak du\u017co prze\u017cy\u0142a i nawet rozumiem jej niech\u0119\u0107 do ludzi, ale plusem jest to, \u017ce nie sta\u0142a si\u0119 wredna czy nieczu\u0142a. Sama szybko si\u0119 przekona\u0142a, \u017ce z w\u0142a\u015bciwymi lud\u017ami wszystko jest du\u017co lepsze. Nawet \u015bwi\u0119ta mog\u0105 ponownie sta\u0107 si\u0119 pi\u0119kne.<\/p>\n<h3 style=\"text-align: justify;\">Na zako\u0144czenie<\/h3>\n<p style=\"text-align: justify;\">Zaledwie par\u0119 godzin wystarczy\u0142o mi, by przeczyta\u0107 <em>Pejza\u017c z Anio\u0142em<\/em>. Potem nawet tego troch\u0119 \u017ca\u0142owa\u0142am, bo zbyt szybko musia\u0142am rozsta\u0107 si\u0119 ze swoimi ulubie\u0144cami oraz Ad\u0105, kt\u00f3r\u0105 pozna\u0142am. Powiem wam, \u017ce dzia\u0142o si\u0119 w tej ksi\u0105\u017cce. Nie tylko w domu Madeleine, ale i u Leontyny, czy to dzi\u0119ki Panu Mieciowi. Och, dzia\u0142o si\u0119, a ja z rado\u015bci\u0105 i ciekawo\u015bci\u0105 wkroczy\u0142am w ten \u015bwiat i wraz z bohaterami prze\u017cywa\u0142am ka\u017cd\u0105 chwil\u0119. Magda potrafi wprowadzi\u0107 mnie w \u015bwi\u0105teczny klimat. Sprawi\u0107, \u017ce zachwycam si\u0119 miasteczkowym klimatem i tym, \u017ce ka\u017cdy si\u0119 zna i wie, co u kogo si\u0119 dzieje.<\/p>\n<p style=\"text-align: justify;\">Je\u015bli tylko lubicie takie klimatyczne opowie\u015bci, pe\u0142ne ciep\u0142a i specyficznej aury, to <em>Pejza\u017c z Anio\u0142em<\/em> b\u0119dzie idealn\u0105 pozycj\u0105 dla was. I to nie tylko ten tytu\u0142, a nawet ca\u0142a seria. Bo wiecie, autorka zabiera nas do swojego \u015bwiata i obdarza wszystkim, co w nim ma. Tym, co z\u0142e i dobre oraz tym, co pomi\u0119dzy. I uwierzcie, nie mo\u017ce by\u0107 nic lepszego od Malowniczego.<\/p>\n<p><strong>Autor:<\/strong> Magdalena Kordel<br \/>\n<strong>Tytu\u0142:<\/strong> Pejza\u017c z Anio\u0142em<br \/>\n<strong>Wydawnictwo:<\/strong> Znak<br \/>\n<strong>Wydanie:<\/strong> I<br \/>\n<strong>Data wydania:<\/strong> 2018-11-14<br \/>\n<strong>Kategoria:<\/strong> obyczajowa<br \/>\n<strong>ISBN:<\/strong> 9788324055111<br \/>\n<strong>Liczba stron:<\/strong> 370<br \/>\n<img decoding=\"async\" loading=\"lazy\" class=\"aligncenter wp-image-5880 size-large\" src=\"http:\/\/zapatrzonawksiazki.pl\/wp-content\/uploads\/2021\/05\/ocena-Zapatrzona-8-1024x195.png\" alt=\"\" width=\"1024\" height=\"195\" srcset=\"https:\/\/zapatrzonawksiazki.pl\/wp-content\/uploads\/2021\/05\/ocena-Zapatrzona-8-1024x195.png 1024w, https:\/\/zapatrzonawksiazki.pl\/wp-content\/uploads\/2021\/05\/ocena-Zapatrzona-8-300x57.png 300w, https:\/\/zapatrzonawksiazki.pl\/wp-content\/uploads\/2021\/05\/ocena-Zapatrzona-8-768x146.png 768w\" sizes=\"(max-width: 1024px) 100vw, 1024px\" \/><\/p>\n<p style=\"text-align: center;\">Malownicze<br \/>\nWymarzony dom | Wymarzony czas | Tajemnica bz\u00f3w | Nadzieje i marzenia | <em>Pejza\u017c z Anio\u0142em<\/em> | Bo nadal ci\u0119 kocham<\/p>\n","protected":false},"excerpt":{"rendered":"<p>Ka\u017cdy poranek to zarazem kt\u00f3ry\u015b z kolei pierwszy krok, a pierwszy krok zawsze daje nadziej\u0119, \u017ce wszystko jest jeszcze przed nami, to lepsze, nieznane, oczekiwane&#8230;* Wi\u0119kszo\u015b\u0107 z nas zawsze cieszy si\u0119 z nadchodz\u0105cych \u015bwi\u0105t. Wyczekujemy momentu, gdy b\u0119dzie mo\u017cna ju\u017c s\u0142ucha\u0107 kol\u0119d, stroi\u0107 dom i mie\u0107 z tego frajd\u0119. S\u0105 te\u017c jednak osoby, kt\u00f3re chcia\u0142yby, [&hellip;]<\/p>\n","protected":false},"author":2,"featured_media":6373,"comment_status":"open","ping_status":"open","sticky":false,"template":"","format":"standard","meta":[],"categories":[5,4],"tags":[20,169,42,17,547,171],"jetpack_featured_media_url":"https:\/\/zapatrzonawksiazki.pl\/wp-content\/uploads\/2022\/01\/pejzaz-z-aniolem-zapatrzonawksiazki-pl.jpg","_links":{"self":[{"href":"https:\/\/zapatrzonawksiazki.pl\/index.php\/wp-json\/wp\/v2\/posts\/6371"}],"collection":[{"href":"https:\/\/zapatrzonawksiazki.pl\/index.php\/wp-json\/wp\/v2\/posts"}],"about":[{"href":"https:\/\/zapatrzonawksiazki.pl\/index.php\/wp-json\/wp\/v2\/types\/post"}],"author":[{"embeddable":true,"href":"https:\/\/zapatrzonawksiazki.pl\/index.php\/wp-json\/wp\/v2\/users\/2"}],"replies":[{"embeddable":true,"href":"https:\/\/zapatrzonawksiazki.pl\/index.php\/wp-json\/wp\/v2\/comments?post=6371"}],"version-history":[{"count":2,"href":"https:\/\/zapatrzonawksiazki.pl\/index.php\/wp-json\/wp\/v2\/posts\/6371\/revisions"}],"predecessor-version":[{"id":6375,"href":"https:\/\/zapatrzonawksiazki.pl\/index.php\/wp-json\/wp\/v2\/posts\/6371\/revisions\/6375"}],"wp:featuredmedia":[{"embeddable":true,"href":"https:\/\/zapatrzonawksiazki.pl\/index.php\/wp-json\/wp\/v2\/media\/6373"}],"wp:attachment":[{"href":"https:\/\/zapatrzonawksiazki.pl\/index.php\/wp-json\/wp\/v2\/media?parent=6371"}],"wp:term":[{"taxonomy":"category","embeddable":true,"href":"https:\/\/zapatrzonawksiazki.pl\/index.php\/wp-json\/wp\/v2\/categories?post=6371"},{"taxonomy":"post_tag","embeddable":true,"href":"https:\/\/zapatrzonawksiazki.pl\/index.php\/wp-json\/wp\/v2\/tags?post=6371"}],"curies":[{"name":"wp","href":"https:\/\/api.w.org\/{rel}","templated":true}]}}