{"id":6344,"date":"2021-12-19T18:12:42","date_gmt":"2021-12-19T17:12:42","guid":{"rendered":"http:\/\/zapatrzonawksiazki.pl\/?p=6344"},"modified":"2021-12-29T00:19:20","modified_gmt":"2021-12-28T23:19:20","slug":"zapros-mnie-na-pumpkin-latte-anna-chaber","status":"publish","type":"post","link":"https:\/\/zapatrzonawksiazki.pl\/index.php\/2021\/12\/19\/zapros-mnie-na-pumpkin-latte-anna-chaber\/","title":{"rendered":"Zapro\u015b mnie na pumpkin latte Anna Chaber"},"content":{"rendered":"<blockquote>\n<p style=\"text-align: justify;\">Ile czasu mo\u017cna nosi\u0107 w sobie pustk\u0119, pogodzi\u0107 si\u0119 z ni\u0105 i postanowi\u0107, \u017ce jednak \u017cyje si\u0119 dalej?*<\/p>\n<\/blockquote>\n<p style=\"text-align: justify;\"><img decoding=\"async\" loading=\"lazy\" class=\"size-medium wp-image-6345 alignleft\" src=\"http:\/\/zapatrzonawksiazki.pl\/wp-content\/uploads\/2021\/12\/Zapros-mnie-na-pumpkin-latte-198x300.jpg\" alt=\"\" width=\"198\" height=\"300\" srcset=\"https:\/\/zapatrzonawksiazki.pl\/wp-content\/uploads\/2021\/12\/Zapros-mnie-na-pumpkin-latte-198x300.jpg 198w, https:\/\/zapatrzonawksiazki.pl\/wp-content\/uploads\/2021\/12\/Zapros-mnie-na-pumpkin-latte-768x1167.jpg 768w, https:\/\/zapatrzonawksiazki.pl\/wp-content\/uploads\/2021\/12\/Zapros-mnie-na-pumpkin-latte-674x1024.jpg 674w, https:\/\/zapatrzonawksiazki.pl\/wp-content\/uploads\/2021\/12\/Zapros-mnie-na-pumpkin-latte.jpg 790w\" sizes=\"(max-width: 198px) 100vw, 198px\" \/>Jednych jesie\u0144 zachwyca, inni pragn\u0105, by jak najszybciej si\u0119 sko\u0144czy\u0142a. Nie lubi\u0105 chlapy i tego, co z li\u015b\u0107mi robi nieustanny deszcz. Brakuje im s\u0142o\u0144ca, bo gdy wstaj\u0105 do pracy i z niej wracaj\u0105, nadal jest ciemno. Brakuje im energii i ch\u0119ci do czegokolwiek.<\/p>\n<h3 style=\"text-align: justify;\">Zarys fabu\u0142y<\/h3>\n<p style=\"text-align: justify;\">Dla Pauli zacz\u0119\u0142a si\u0119 najgorsza pora roku. Od dawna nie lubi jesieni i nic nie jest w stanie tego zmieni\u0107. Liczy jednak, \u017ce w tym roku w ko\u0144cu doczeka si\u0119 upragnionego awansu. Niestety dostaje go kto\u015b inny, dla niej jedyn\u0105 szans\u0105 na niego jest teraz zorganizowanie jesiennej imprezy, na kt\u00f3rej po\u017cegnaj\u0105 starego szefa i powitaj\u0105 nowego. I chocia\u017c bardzo si\u0119 stara, nie wszystko idzie po jej my\u015bli. Greg to uzdolniony barista pracuj\u0105cy dla sieci kawiarni. Jego marzeniem jest jednak otworzy\u0107 co\u015b w\u0142asnego. Niestety brakuje mu na to pieni\u0119dzy, ale dostrzega szans\u0119 na spe\u0142nienie marze\u0144 w konkursie na najlepszego barist\u0119. Drogi tych dwoje si\u0119 przecinaj\u0105, a ka\u017cde kolejne spotkanie pachnie nie tylko kaw\u0105, ale i nadziej\u0105.<\/p>\n<p style=\"text-align: justify;\">Kiedy tylko zobaczy\u0142am zapowied\u017a <em>Zapro\u015b mnie na pumpkin latte<\/em>, wiedzia\u0142am, \u017ce b\u0119d\u0119 chcia\u0142a pozna\u0107 losy bohater\u00f3w. Oczarowa\u0142a mnie nie tylko ok\u0142adka, ale i sam opis. Czy by\u0142o warto skusi\u0107 si\u0119 na jesienn\u0105 histori\u0119?<\/p>\n<h3 style=\"text-align: justify;\">Moje wra\u017cenia<\/h3>\n<p style=\"text-align: justify;\"><em>Zapro\u015b mnie na pumpkin latte<\/em>, jest debiutem Anny Chaber i to niezwykle udanym. To powie\u015b\u0107 obyczajowa i trudno unikn\u0105\u0107 czasem powtarzalno\u015bci, ale nie da si\u0119 ukry\u0107, \u017ce ju\u017c pierwsze zdania brzmi\u0105 intryguj\u0105co. I dzi\u0119ki nim a\u017c chce si\u0119 przewraca\u0107 kolejne strony i z coraz wi\u0119ksz\u0105 ciekawo\u015bci\u0105 zag\u0142\u0119bia\u0107 w fabu\u0142\u0119. Autorka zachwyca opisami jesiennych klimat\u00f3w, zabawnymi oraz uroczymi dialogami, oraz emocjami. Przez powie\u015b\u0107 si\u0119 wr\u0119cz p\u0142ynie, a do tego opr\u00f3cz romantycznego w\u0105tku Anna Chaber porusza dwa wa\u017cne tematy. W fabu\u0142\u0119 wplecione jest badanie piersi oraz molestowanie seksualne w miejscu pracy. W nienachalny spos\u00f3b pokazane zosta\u0142o, jak wa\u017cne jest, by tych dw\u00f3ch spraw nie bagatelizowa\u0107 i dzia\u0142a\u0107 na tyle, jak bardzo ma si\u0119 si\u0142\u0119.<\/p>\n<h3 style=\"text-align: justify;\">S\u0142\u00f3w kilka o bohaterach<\/h3>\n<p style=\"text-align: justify;\">Podoba\u0142o mi si\u0119 to, \u017ce bohaterowie s\u0105 postaciami zmagaj\u0105cymi si\u0119 z takimi problemami, jak my. Wiedz\u0105 co znacz\u0105 codzienne trudno\u015bci, czasami brak pieni\u0119dzy i walka o spe\u0142nienie marze\u0144, \u017ce nie zawsze jest kolorowo. \u017badne z nich nie jest te\u017c idealne, maj\u0105 r\u00f3wnie\u017c swoj\u0105 przesz\u0142o\u015b\u0107 i problemy do przepracowania. Fajne by\u0142o to, \u017ce nie by\u0142o nag\u0142ego wybuchu uczu\u0107, \u017ce si\u0119 docierali i poznawali. No mo\u017ce czasami brakowa\u0142o mi troch\u0119 chemii mi\u0119dzy nimi, ale nie przeszkadza\u0142o mi to zbytnio.<\/p>\n<h3 style=\"text-align: justify;\">Na zako\u0144czenie<\/h3>\n<p style=\"text-align: justify;\"><em>Zapro\u015b mnie na pumpkin latte<\/em> to i\u015bcie jesienna powie\u015b\u0107. Z ka\u017cdej strony wyczuwa si\u0119 jej aur\u0119, a do tego mia\u0142am szans\u0119 pozna\u0107 ciep\u0142\u0105, zabawn\u0105 i \u017cyciow\u0105 histori\u0119. Czyta\u0142o mi si\u0119 ja niebywale szybko i z ogromn\u0105 przyjemno\u015bci\u0105, z\u017cy\u0142am si\u0119 z bohaterami, polubi\u0142am ich i rozumia\u0142am targaj\u0105ce nimi l\u0119ki oraz uczucia. Kibicowa\u0142am relacji, jak\u0105 tworzyli oraz temu, co powoli planowali. To jeden z lepszych debiut\u00f3w, jakie czyta\u0142am. Anna Chaber stworzy\u0142a postacie, z kt\u00f3rymi \u0142atwo by\u0142o mi si\u0119 uto\u017csami\u0107 i opowie\u015b\u0107 mog\u0105c\u0105 dzia\u0107 si\u0119 gdzie\u015b obok nas. Zadba\u0142a o emocje oraz klimat.<\/p>\n<p style=\"text-align: justify;\">Gdybym nie wiedzia\u0142a, \u017ce <em>Zapro\u015b mnie na pumpkin latte<\/em>, to debiut wcale bym tego nie odczu\u0142a. Anna Chaber potrafi oczarowa\u0107 klimatem oraz emocjami. To idealna ksi\u0105\u017cka na jesienne wieczory sp\u0119dzone pod kocem. Wbrew pozorom nie tylko z kaw\u0105, u mnie sprawdzi\u0142a si\u0119 herbata.<\/p>\n<p style=\"text-align: justify;\"><strong>Autor:<\/strong> Anna Chaber<br \/>\n<strong>Tytu\u0142:<\/strong> Zapro\u015b mnie na pumpkin latte<br \/>\n<strong>Wydawnictwo:<\/strong> Czwarta Strona<br \/>\n<strong>Wydanie:<\/strong> I<br \/>\n<strong>Data wydania:<\/strong> 2021-09-16<br \/>\n<strong>Kategoria:<\/strong> obyczajowa<br \/>\n<strong>ISBN:<\/strong> 9788366981416<br \/>\n<strong>Liczba stron:<\/strong> 320<br \/>\n<img decoding=\"async\" loading=\"lazy\" class=\"aligncenter wp-image-5879 size-large\" src=\"http:\/\/zapatrzonawksiazki.pl\/wp-content\/uploads\/2021\/05\/ocena-Zapatrzona-7-1024x195.png\" alt=\"\" width=\"1024\" height=\"195\" srcset=\"https:\/\/zapatrzonawksiazki.pl\/wp-content\/uploads\/2021\/05\/ocena-Zapatrzona-7-1024x195.png 1024w, https:\/\/zapatrzonawksiazki.pl\/wp-content\/uploads\/2021\/05\/ocena-Zapatrzona-7-300x57.png 300w, https:\/\/zapatrzonawksiazki.pl\/wp-content\/uploads\/2021\/05\/ocena-Zapatrzona-7-768x146.png 768w\" sizes=\"(max-width: 1024px) 100vw, 1024px\" \/><\/p>\n","protected":false},"excerpt":{"rendered":"<p>Ile czasu mo\u017cna nosi\u0107 w sobie pustk\u0119, pogodzi\u0107 si\u0119 z ni\u0105 i postanowi\u0107, \u017ce jednak \u017cyje si\u0119 dalej?* Jednych jesie\u0144 zachwyca, inni pragn\u0105, by jak najszybciej si\u0119 sko\u0144czy\u0142a. Nie lubi\u0105 chlapy i tego, co z li\u015b\u0107mi robi nieustanny deszcz. Brakuje im s\u0142o\u0144ca, bo gdy wstaj\u0105 do pracy i z niej wracaj\u0105, nadal jest ciemno. Brakuje [&hellip;]<\/p>\n","protected":false},"author":2,"featured_media":6346,"comment_status":"open","ping_status":"open","sticky":false,"template":"","format":"standard","meta":[],"categories":[5,4],"tags":[31,1845,139,42],"jetpack_featured_media_url":"https:\/\/zapatrzonawksiazki.pl\/wp-content\/uploads\/2021\/12\/Zapros-mnie-na-pumpkin-latte-zapatrzonawksiazki-pl.jpg","_links":{"self":[{"href":"https:\/\/zapatrzonawksiazki.pl\/index.php\/wp-json\/wp\/v2\/posts\/6344"}],"collection":[{"href":"https:\/\/zapatrzonawksiazki.pl\/index.php\/wp-json\/wp\/v2\/posts"}],"about":[{"href":"https:\/\/zapatrzonawksiazki.pl\/index.php\/wp-json\/wp\/v2\/types\/post"}],"author":[{"embeddable":true,"href":"https:\/\/zapatrzonawksiazki.pl\/index.php\/wp-json\/wp\/v2\/users\/2"}],"replies":[{"embeddable":true,"href":"https:\/\/zapatrzonawksiazki.pl\/index.php\/wp-json\/wp\/v2\/comments?post=6344"}],"version-history":[{"count":1,"href":"https:\/\/zapatrzonawksiazki.pl\/index.php\/wp-json\/wp\/v2\/posts\/6344\/revisions"}],"predecessor-version":[{"id":6347,"href":"https:\/\/zapatrzonawksiazki.pl\/index.php\/wp-json\/wp\/v2\/posts\/6344\/revisions\/6347"}],"wp:featuredmedia":[{"embeddable":true,"href":"https:\/\/zapatrzonawksiazki.pl\/index.php\/wp-json\/wp\/v2\/media\/6346"}],"wp:attachment":[{"href":"https:\/\/zapatrzonawksiazki.pl\/index.php\/wp-json\/wp\/v2\/media?parent=6344"}],"wp:term":[{"taxonomy":"category","embeddable":true,"href":"https:\/\/zapatrzonawksiazki.pl\/index.php\/wp-json\/wp\/v2\/categories?post=6344"},{"taxonomy":"post_tag","embeddable":true,"href":"https:\/\/zapatrzonawksiazki.pl\/index.php\/wp-json\/wp\/v2\/tags?post=6344"}],"curies":[{"name":"wp","href":"https:\/\/api.w.org\/{rel}","templated":true}]}}