{"id":6272,"date":"2021-12-07T13:47:47","date_gmt":"2021-12-07T12:47:47","guid":{"rendered":"http:\/\/zapatrzonawksiazki.pl\/?p=6272"},"modified":"2021-12-11T14:05:29","modified_gmt":"2021-12-11T13:05:29","slug":"zima-w-pensjonacie-pod-bukami","status":"publish","type":"post","link":"https:\/\/zapatrzonawksiazki.pl\/index.php\/2021\/12\/07\/zima-w-pensjonacie-pod-bukami\/","title":{"rendered":"Zima w Pensjonacie pod Bukami [ChristmasBooks]"},"content":{"rendered":"<blockquote>\n<p style=\"text-align: justify;\">\u201eJeszcze zd\u0105\u017cymy w d\u017cungli ludzko\u015bci siebie odnale\u017a\u0107,<br \/>\nT\u0119skno\u015b\u0107 zawrotna przybli\u017ca nas.<br \/>\nZbiegn\u0105 si\u0119 wreszcie tory sieroce naszych dwu planet,<br \/>\nCudnie spokrewni\u0105 si\u0119 cia\u0142a nam.\u201d<br \/>\n\u2013 Stachura<\/p>\n<\/blockquote>\n<p style=\"text-align: justify;\"><img decoding=\"async\" loading=\"lazy\" class=\"size-medium wp-image-6274 alignleft\" src=\"http:\/\/zapatrzonawksiazki.pl\/wp-content\/uploads\/2021\/12\/zima-w-pensjonacie-pod-bukami-b-iext97334266-199x300.jpg\" alt=\"\" width=\"199\" height=\"300\" srcset=\"https:\/\/zapatrzonawksiazki.pl\/wp-content\/uploads\/2021\/12\/zima-w-pensjonacie-pod-bukami-b-iext97334266-199x300.jpg 199w, https:\/\/zapatrzonawksiazki.pl\/wp-content\/uploads\/2021\/12\/zima-w-pensjonacie-pod-bukami-b-iext97334266-768x1159.jpg 768w, https:\/\/zapatrzonawksiazki.pl\/wp-content\/uploads\/2021\/12\/zima-w-pensjonacie-pod-bukami-b-iext97334266-678x1024.jpg 678w, https:\/\/zapatrzonawksiazki.pl\/wp-content\/uploads\/2021\/12\/zima-w-pensjonacie-pod-bukami-b-iext97334266.jpg 795w\" sizes=\"(max-width: 199px) 100vw, 199px\" \/>Dla jednych czas \u015bwi\u0105teczny to czysta rado\u015b\u0107 i same mi\u0142e wspomnienia. Dla innych mo\u017ce by\u0107 to jednak moment godzenia si\u0119 z przesz\u0142o\u015bci\u0105, \u017cegnania z tym, co najwa\u017cniejsze lub odkrywania smutnej prawdy o najbli\u017cszych. To mog\u0105 by\u0107 dni pe\u0142ne \u015bwi\u0105tecznej magii lub jak ka\u017cde inne, kiedy staramy si\u0119 stawia\u0107 kolejne kroki naprz\u00f3d. S\u0105 jednak miejsca, gdzie ka\u017cdy poczuje si\u0119 dobrze i na tyle pewnie, \u017ce b\u0119dzie chcia\u0142 sp\u0119dzi\u0107 w nich chocia\u017c chwil\u0119.<\/p>\n<h3 style=\"text-align: justify;\">Zarys fabu\u0142y<\/h3>\n<p style=\"text-align: justify;\">Pensjonat pod Bukami i Pani R\u00f3\u017ca poznali ju\u017c bardzo wiele historii swoich go\u015bci. Czasami tylko fragment podczas jednego pobytu, ale r\u00f3wnie\u017c i kontynuacj\u0119 tych, kt\u00f3rzy wracaj\u0105. W\u0142a\u015bnie nadchodz\u0105 \u015bwi\u0119ta i miejsce te ma obfitowa\u0107 w du\u017cy ruch. Anastazja chcia\u0142a zrobi\u0107 niespodziank\u0119 swojemu partnerowi, ale od pocz\u0105tku nic nie uk\u0142ada si\u0119 tak, jak powinno i pokazuje jej rysy na szkle ich zwi\u0105zku. Zosia czuje, \u017ce to b\u0119d\u0105 kolejne \u015bwi\u0119ta pe\u0142ne bolesnych wspomnie\u0144, ale rodzina zabiera j\u0105 w Bieszczady, gdzie przesz\u0142o\u015b\u0107 daje o sobie zna\u0107. Pewne trzy kobiety pozwol\u0105 pozna\u0107 swoje historie. Majka w ko\u0144cu przekona si\u0119, kto j\u0105 kocha tak naprawd\u0119 i kogo ona sama darzy prawdziw\u0105 mi\u0142o\u015bci\u0105. Agat\u0119 poch\u0142on\u0105 wspomnienia, \u017cal z powodu pope\u0142nionych b\u0142\u0119d\u00f3w i potrzeba zmienienia czego\u015b w swoim \u017cyciu. Mi\u0142osz b\u0119dzie musia\u0142 zdecydowa\u0107, dla kogo tak naprawd\u0119 bije jego serce i czy warto rozpacza\u0107 za tym, co straci\u0142, czy te\u017c lepiej walczy\u0107 o to, co ma na wyci\u0105gni\u0119cie r\u0119ki. Jest jeszcze historia Macieja, kt\u00f3ry straci\u0142 \u017con\u0119 i w kolejn\u0105 rocznic\u0119, jak zawsze wybiera si\u0119 z c\u00f3reczkami do pensjonatu, tylko teraz na ich drodze staje pewna Julia ze swoimi problemami.<\/p>\n<p style=\"text-align: justify;\"><em>Zima w Pensjonacie pod Bukami<\/em> nie by\u0142a moj\u0105 planowan\u0105 lektur\u0105, ale gdy ju\u017c do mnie trafi\u0142a, nie mog\u0142am si\u0119 jej oprze\u0107. Kusi\u0142 mnie ten kominek na ok\u0142adce, dawa\u0142 obietnice ogrzania si\u0119 przed nim i poznania ciekawych historii. Czy tak by\u0142o?<\/p>\n<h3 style=\"text-align: justify;\">Moje wra\u017cenia<\/h3>\n<p style=\"text-align: justify;\">Siedem r\u00f3\u017cnych nazwisk i tyle samo innych opowiada\u0144, kt\u00f3re \u0142\u0105czy tylko pewna starsza kobieta, jej Pensjonat oraz Stachura. Musz\u0119 przyzna\u0107, \u017ce nawi\u0105zanie do jego poezji i SDM by\u0142o dla mnie cudowne. Kocham ich wykonania i to, co stworzy\u0142 poeta. Mam do nich sentyment i pi\u0119kne by\u0142o to, jak ka\u017cda z autorek wplot\u0142a go do swoich opowie\u015bci. Co\u015b niesamowitego. Poza tym, jak to w takich zbiorach bywa, ka\u017cde z opowiada\u0144 jest r\u00f3\u017cnorodne i nie do podrobienia. Z \u0142atwo\u015bci\u0105 mog\u0142am si\u0119 w nich odnale\u017a\u0107 i je rozdzieli\u0107. S\u0105 wzruszaj\u0105ce, pe\u0142ne prozy \u017cycia, jednak z odrobin\u0105 magii &#8211; mo\u017ce zbli\u017caj\u0105cych si\u0119 \u015bwi\u0105t, a mo\u017ce niezast\u0105pionej pani R\u00f3\u017cy. Kt\u00f3\u017c mo\u017ce to wiedzie\u0107. Wyr\u00f3\u017cnia je r\u00f3wnie\u017c styl pisania autorek ich spojrzenie na \u015bwiat i to, co chc\u0105 nam przekaza\u0107 za pomoc\u0105 tych kr\u00f3tkich tre\u015bci. Nie brak tutaj emocji, nag\u0142ych zwrot\u00f3w akcji, czasu na przemy\u015blenia, po\u017cegnania i nowe szanse.<\/p>\n<h3 style=\"text-align: justify;\">S\u0142\u00f3w kilka o bohaterach<\/h3>\n<p style=\"text-align: justify;\">Musz\u0119 by\u0107 szczera i przyznaj\u0119, \u017ce w ka\u017cdym z opowiada\u0144 mia\u0142am swoich faworyt\u00f3w. Podoba\u0142o mi si\u0119 to, \u017ce pomimo ograniczonej d\u0142ugo\u015bci autorkom tak rewelacyjnie wysz\u0142o opisanie charakter\u00f3w postaci i to w taki spos\u00f3b, \u017ce nie by\u0142o wszystkiego podanego na tacy, a oni wcale nie byli idealni. Mieli swoje baga\u017ce do\u015bwiadcze\u0144 i w pewnych kwestiach nadal uczyli si\u0119 funkcjonowania w \u017cyciu. To ludzie tacy jak my. Musz\u0105 je\u015b\u0107, pracowa\u0107, p\u0142aci\u0107 rachunki i podnosi\u0107 si\u0119, gdy upadn\u0105. Nie dostaj\u0105 gotowych rozwi\u0105za\u0144, a rado\u015bci mieszaj\u0105 si\u0119 ze skutkami.<\/p>\n<h3 style=\"text-align: justify;\">Na zako\u0144czenie<\/h3>\n<p style=\"text-align: justify;\">Zauroczy\u0142a mnie troch\u0119 ta antologia i j\u0105 sobie dawkowa\u0142am. Z zachwytem wraz z bohaterami przedziera\u0142am si\u0119 przez zaspy i oczyma wyobra\u017ani podziwia\u0142am widoki. Kocham bia\u0142\u0105 zim\u0119 i <em>Zima w Pensjonacie pod Bukami<\/em>, chocia\u017c w ma\u0142ym stopniu mi j\u0105 da\u0142a. Jak ju\u017c te\u017c wspomina\u0142am, du\u017cym plusem jest dla mnie wplecenie poezji Stachury. Co mog\u0119 napisa\u0107 o samych opowiadaniach? Ka\u017cde ma w sobie co\u015b wyj\u0105tkowego i jedynego w swoim rodzaju. Nie potrafi\u0119 wskaza\u0107 ulubionego czy te\u017c najlepszego. Wszystkie s\u0105 niezwykle \u017cyciowe, realne i uniwersalne. My\u015bl\u0119, \u017ce ka\u017cdy znajdzie w nich co\u015b dla siebie.<\/p>\n<p style=\"text-align: justify;\"><em>Zima w Pensjonacie pod Bukami<\/em> to pozycja idealna na ten zimowo-\u015bwi\u0105teczny czas. Pozwoli nam poczu\u0107 grudniow\u0105 magi\u0119, ale nie przyt\u0142acza ton\u0105 lukru. Wzrusza, smuci i bawi, daje nadziej\u0119 i zapewnia mi\u0142o sp\u0119dzony z ni\u0105 czas.<\/p>\n<p style=\"text-align: justify;\"><strong>Autor:<\/strong> Katarzyna Janus, Renata Kosin, Dorota Milli, Katarzyna Misio\u0142ek, Natasza Socha, Magda Stachula, Karolina Wilczy\u0144ska<br \/>\n<strong>Tytu\u0142:<\/strong> Zima w Pensjonacie pod Bukami<br \/>\n<strong>Wydawnictwo:<\/strong> Filia<br \/>\n<strong>Wydanie:<\/strong> I<br \/>\n<strong>Data wydania:<\/strong> 2021-10-27<br \/>\n<strong>Kategoria:<\/strong> obyczajowa<br \/>\n<strong>ISBN:<\/strong> 9788381957168<br \/>\n<strong>Liczba stron:<\/strong> 376<br \/>\n<img decoding=\"async\" loading=\"lazy\" class=\"aligncenter wp-image-5879 size-large\" src=\"http:\/\/zapatrzonawksiazki.pl\/wp-content\/uploads\/2021\/05\/ocena-Zapatrzona-7-1024x195.png\" alt=\"\" width=\"1024\" height=\"195\" srcset=\"https:\/\/zapatrzonawksiazki.pl\/wp-content\/uploads\/2021\/05\/ocena-Zapatrzona-7-1024x195.png 1024w, https:\/\/zapatrzonawksiazki.pl\/wp-content\/uploads\/2021\/05\/ocena-Zapatrzona-7-300x57.png 300w, https:\/\/zapatrzonawksiazki.pl\/wp-content\/uploads\/2021\/05\/ocena-Zapatrzona-7-768x146.png 768w\" sizes=\"(max-width: 1024px) 100vw, 1024px\" \/><\/p>\n","protected":false},"excerpt":{"rendered":"<p>\u201eJeszcze zd\u0105\u017cymy w d\u017cungli ludzko\u015bci siebie odnale\u017a\u0107, T\u0119skno\u015b\u0107 zawrotna przybli\u017ca nas. Zbiegn\u0105 si\u0119 wreszcie tory sieroce naszych dwu planet, Cudnie spokrewni\u0105 si\u0119 cia\u0142a nam.\u201d \u2013 Stachura Dla jednych czas \u015bwi\u0105teczny to czysta rado\u015b\u0107 i same mi\u0142e wspomnienia. Dla innych mo\u017ce by\u0107 to jednak moment godzenia si\u0119 z przesz\u0142o\u015bci\u0105, \u017cegnania z tym, co najwa\u017cniejsze lub odkrywania [&hellip;]<\/p>\n","protected":false},"author":2,"featured_media":6273,"comment_status":"open","ping_status":"open","sticky":false,"template":"","format":"standard","meta":[],"categories":[5,4],"tags":[31,1829,72,440,1827,1811,1830,187,42,17,1828],"jetpack_featured_media_url":"https:\/\/zapatrzonawksiazki.pl\/wp-content\/uploads\/2021\/12\/zima-w-pensjonacie-pod-bukami-zapatrzonawksiazki-pl.jpg","_links":{"self":[{"href":"https:\/\/zapatrzonawksiazki.pl\/index.php\/wp-json\/wp\/v2\/posts\/6272"}],"collection":[{"href":"https:\/\/zapatrzonawksiazki.pl\/index.php\/wp-json\/wp\/v2\/posts"}],"about":[{"href":"https:\/\/zapatrzonawksiazki.pl\/index.php\/wp-json\/wp\/v2\/types\/post"}],"author":[{"embeddable":true,"href":"https:\/\/zapatrzonawksiazki.pl\/index.php\/wp-json\/wp\/v2\/users\/2"}],"replies":[{"embeddable":true,"href":"https:\/\/zapatrzonawksiazki.pl\/index.php\/wp-json\/wp\/v2\/comments?post=6272"}],"version-history":[{"count":1,"href":"https:\/\/zapatrzonawksiazki.pl\/index.php\/wp-json\/wp\/v2\/posts\/6272\/revisions"}],"predecessor-version":[{"id":6275,"href":"https:\/\/zapatrzonawksiazki.pl\/index.php\/wp-json\/wp\/v2\/posts\/6272\/revisions\/6275"}],"wp:featuredmedia":[{"embeddable":true,"href":"https:\/\/zapatrzonawksiazki.pl\/index.php\/wp-json\/wp\/v2\/media\/6273"}],"wp:attachment":[{"href":"https:\/\/zapatrzonawksiazki.pl\/index.php\/wp-json\/wp\/v2\/media?parent=6272"}],"wp:term":[{"taxonomy":"category","embeddable":true,"href":"https:\/\/zapatrzonawksiazki.pl\/index.php\/wp-json\/wp\/v2\/categories?post=6272"},{"taxonomy":"post_tag","embeddable":true,"href":"https:\/\/zapatrzonawksiazki.pl\/index.php\/wp-json\/wp\/v2\/tags?post=6272"}],"curies":[{"name":"wp","href":"https:\/\/api.w.org\/{rel}","templated":true}]}}