{"id":621,"date":"2014-03-09T21:19:00","date_gmt":"2014-03-09T21:19:00","guid":{"rendered":"http:\/\/zapatrzonawksiazki.pl\/index.php\/2014\/03\/09\/uginaja-sie-regay-82014\/"},"modified":"2018-10-07T00:30:18","modified_gmt":"2018-10-07T00:30:18","slug":"uginaja-sie-regay-82014","status":"publish","type":"post","link":"https:\/\/zapatrzonawksiazki.pl\/index.php\/2014\/03\/09\/uginaja-sie-regay-82014\/","title":{"rendered":"Uginaj\u0105 si\u0119 rega\u0142y #8\/2014"},"content":{"rendered":"<div style=\"text-align: justify;\">\n<i>Remont, no dobra, malowanie to zuo &#8211; tym bardziej te niezapowiedziane (!), to trwanie na walizkach\/kartonach\/workach, to brak mo\u017cliwo\u015bci odnalezienia tego czego akurat si\u0119 szuka, to brak czasu. Bujaczek to przechodzi\/\u0142. Niby pomieszczenia ju\u017c wymalowane, ale gruntowne porz\u0105dki potrwaj\u0105 jeszcze kilka dni (brrr). W momencie gdy trzeba by\u0142o wszystko zapakowa\u0107&nbsp; (jak najszybciej!) przerazi\u0142o Bujaczka ile tego jest! Ksi\u0105\u017cek, maskotek, kosmetyk\u00f3w, itp. itd. Ale wszystko Bujaczkowi jest potrzebne, niekt\u00f3re rzeczy to wspomnienia&#8230; Tak, teraz Bujaczek ma sajgon i ma\u0142o czasu na czytanie, ale gdy ju\u017c ogarnie&#8230; wtedy wszystko znowu b\u0119dzie pi\u0119knie. \ud83d\ude09<\/i><\/div>\n<div style=\"text-align: justify;\">\n<i>A teraz kolejne zdobycze, kt\u00f3re obecnie s\u0105 GDZIE\u015a ;))<\/i><\/div>\n<div style=\"text-align: justify;\">\n<\/div>\n<div class=\"separator\" style=\"clear: both; text-align: center;\">\n<a href=\"http:\/\/1.bp.blogspot.com\/-3OPUkbGDpng\/UxzSemj66XI\/AAAAAAAAIps\/qsZ8ZWsdEW8\/s1600\/100_2131.JPG\" imageanchor=\"1\" style=\"clear: left; float: left; margin-bottom: 1em; margin-right: 1em;\"><img decoding=\"async\" loading=\"lazy\" border=\"0\" src=\"http:\/\/1.bp.blogspot.com\/-3OPUkbGDpng\/UxzSemj66XI\/AAAAAAAAIps\/qsZ8ZWsdEW8\/s1600\/100_2131.JPG\" height=\"320\" width=\"212\" \/><\/a><\/div>\n<div style=\"text-align: justify;\">\n<i>&nbsp;<b>&#8220;Martwy punkt&#8221; Louise<\/b> &#8211; no bo wiecie, ten intryguj\u0105cy opis&#8230; Priorytet wi\u0119c recenzja pojawi si\u0119 w tym tygodniu (no, je\u015bli Bujaczek j\u0105 znajdzie&#8230;). <b>&#8220;Niewidzialny stra\u017cnik&#8221; Dolores Redondo <\/b>szed\u0142 do Bujaczka od yyy grudnia? No ale w ko\u0144cu ma i mo\u017ce w miar\u0119 szybko przeczyta&#8230; mo\u017ce&#8230; Teraz jednak Bujaczek wie, \u017ce warto by\u0142o czeka\u0107, bo podobno dobra ksi\u0105\u017cka, Bujaczek oceni. A <b>&#8220;Facet z grobu obok&#8221; Katariny Mazzeti <\/b>szed\u0142 do bujaczka od stycznia (hehe, ksi\u0105\u017cki Bujaczka nie lubi\u0105 :P), podobno zabawna, je\u015bli tak to Bujaczek kontenta, bo ostatnio lubi takie. A ta, <b>&#8220;na pokuszenie&#8221; PM Nowaka <\/b>sz\u0142o tylko od lutego :D. Bujaczek czyta\u0142 inn\u0105 ksi\u0105\u017ck\u0119 autora i si\u0119 Bujaczkowi podoba\u0142a, oby z t\u0105 by\u0142o tak samo. Na <b>&#8220;Wieczorem w Pary\u017cu&#8221; Nicolasa Barreau <\/b>skusi\u0142am i\u0119 troch\u0119 pod wp\u0142ywem chwili po przeczytaniu pozytywnych opinii. Bujaczek jest jej ogromnie ciekawa! Ha! Nowa pozycja <b>Cecelii Ahern &#8220;Sto imion&#8221; <\/b>to Bujaczka pere\u0142ka w tych zbiorach, bardzo bardzo lubi\u0119 jej tw\u00f3rczo\u015b\u0107. Je\u015bli chodzi o <b>&#8220;Powr\u00f3t do Ferrinu&#8221; Katarzyny Michalak <\/b>to ju\u017c Bujaczek zarezerwowa\u0142 sobie u kogo\u015b ksi\u0105\u017ck\u0119 bo ba\u0142 si\u0119, \u017ce ta co do niej zosta\u0142a wys\u0142ana zagin\u0119\u0142a, ale nie, dosz\u0142a i cieszy Bujaczka ocz\u0119ta! Nowa- nie nowa pozycja w dorobku <b>Agnieszki Lingas-\u0141oniewskiej &#8220;Brudny \u015bwiat&#8221;<\/b>, ksi\u0105\u017cka wreszcie doczeka\u0142a si\u0119 polskiej premiery i Bujaczek j\u0105 ma sasasasa :D. No i ostatnia aczkolwiek wcale nie najgorsza &#8211; <b>&#8220;Kamienie Liry. Potomek&#8221; A. E. Olss <\/b>&#8211; mo\u017ce by\u0107 ciekawie, oj mo\u017ce!<\/i><\/div>\n<div style=\"text-align: justify;\">\n<\/div>\n<div style=\"text-align: justify;\">\n<i>Bujaczek si\u0119 pochwali\u0142a, zapychacza wstawi\u0142a (\u017cart) to mo\u017ce i\u015b\u0107 poczyta\u0107 &#8220;Po\u0142o\u017cn\u0105&#8230;&#8221; Kalyty (to by\u0142o na wierzchu), bo ciekawie si\u0119 zapowiada! \ud83d\ude09 Zanim jednak sobie p\u00f3jdzie zada standardowe pytania. Czytali\u015bcie co\u015b? Polecacie? Odradzacie?<\/i><\/div>\n<div style=\"text-align: justify;\">\n<\/div>\n<div style=\"text-align: right;\">\n<i>Bujaczek&nbsp;<b> <\/b><\/i><\/div>\n","protected":false},"excerpt":{"rendered":"<p>Remont, no dobra, malowanie to zuo &#8211; tym bardziej te niezapowiedziane (!), to trwanie na walizkach\/kartonach\/workach, to brak mo\u017cliwo\u015bci odnalezienia tego czego akurat si\u0119 szuka, to brak czasu. Bujaczek to przechodzi\/\u0142. Niby pomieszczenia ju\u017c wymalowane, ale gruntowne porz\u0105dki potrwaj\u0105 jeszcze kilka dni (brrr). W momencie gdy trzeba by\u0142o wszystko zapakowa\u0107&nbsp; (jak najszybciej!) przerazi\u0142o Bujaczka ile [&hellip;]<\/p>\n","protected":false},"author":2,"featured_media":0,"comment_status":"open","ping_status":"open","sticky":false,"template":"","format":"standard","meta":[],"categories":[1],"tags":[501],"jetpack_featured_media_url":"","_links":{"self":[{"href":"https:\/\/zapatrzonawksiazki.pl\/index.php\/wp-json\/wp\/v2\/posts\/621"}],"collection":[{"href":"https:\/\/zapatrzonawksiazki.pl\/index.php\/wp-json\/wp\/v2\/posts"}],"about":[{"href":"https:\/\/zapatrzonawksiazki.pl\/index.php\/wp-json\/wp\/v2\/types\/post"}],"author":[{"embeddable":true,"href":"https:\/\/zapatrzonawksiazki.pl\/index.php\/wp-json\/wp\/v2\/users\/2"}],"replies":[{"embeddable":true,"href":"https:\/\/zapatrzonawksiazki.pl\/index.php\/wp-json\/wp\/v2\/comments?post=621"}],"version-history":[{"count":1,"href":"https:\/\/zapatrzonawksiazki.pl\/index.php\/wp-json\/wp\/v2\/posts\/621\/revisions"}],"predecessor-version":[{"id":2122,"href":"https:\/\/zapatrzonawksiazki.pl\/index.php\/wp-json\/wp\/v2\/posts\/621\/revisions\/2122"}],"wp:attachment":[{"href":"https:\/\/zapatrzonawksiazki.pl\/index.php\/wp-json\/wp\/v2\/media?parent=621"}],"wp:term":[{"taxonomy":"category","embeddable":true,"href":"https:\/\/zapatrzonawksiazki.pl\/index.php\/wp-json\/wp\/v2\/categories?post=621"},{"taxonomy":"post_tag","embeddable":true,"href":"https:\/\/zapatrzonawksiazki.pl\/index.php\/wp-json\/wp\/v2\/tags?post=621"}],"curies":[{"name":"wp","href":"https:\/\/api.w.org\/{rel}","templated":true}]}}