{"id":6111,"date":"2021-10-08T15:28:07","date_gmt":"2021-10-08T13:28:07","guid":{"rendered":"http:\/\/zapatrzonawksiazki.pl\/?p=6111"},"modified":"2021-10-13T01:48:13","modified_gmt":"2021-10-12T23:48:13","slug":"zapowiedzi-male-licho-i-babskie-sprawki-marty-kisiel","status":"publish","type":"post","link":"https:\/\/zapatrzonawksiazki.pl\/index.php\/2021\/10\/08\/zapowiedzi-male-licho-i-babskie-sprawki-marty-kisiel\/","title":{"rendered":"Zapowiedzi: Ma\u0142e Licho i babskie sprawki Marty Kisiel"},"content":{"rendered":"<p style=\"text-align: justify;\">Ma\u0142e Licho i babskie sprawki Marty Kisiel &#8211; ale\u017c ja si\u0119 nie mog\u0142am doczeka\u0107 premiery tego tytu\u0142u. Kocham Ma\u0142e Licho oraz Bo\u017cydara, t\u0119skni\u0119 za Krakersem i ca\u0142\u0105 reszt\u0105 tej zwariowanej ferajny.<\/p>\n<p style=\"text-align: justify;\">Znacie t\u0119 seri\u0119 Marty Kisiel? Czekacie na dzie\u0144 premiery r\u00f3wnie niecierpliwie.?<\/p>\n<h3 style=\"text-align: justify;\">Opis<\/h3>\n<p style=\"text-align: justify;\">Kolejny tom bestsellerowej serii dla dzieci, doros\u0142ych i potwor\u00f3w, bez wzgl\u0119du na wiek, kszta\u0142t b\u0105d\u017a liczb\u0119 macek!<\/p>\n<p style=\"text-align: justify;\">Czwarta klasa to nie przelewki, o czym Bo\u017cydar Antoni Jekie\u0142\u0142ek przekonuje si\u0119 na w\u0142asnej sk\u00f3rze. R\u00f3wnie\u017c w domu nie ma co liczy\u0107 na spok\u00f3j, kiedy z ka\u017cdego k\u0105ta wy\u0142a\u017c\u0105 krasnoludki i sikaj\u0105 do mleka, Tsadkiel organizuje korki z matmy, Licho zostaje kierownikiem sp\u00f3\u0142dzielni mieszkaniowej, a wujek Konrad usi\u0142uje pracowa\u0107. Ale prawdziwe zamieszanie zaczyna si\u0119, gdy do klasy czwartej be nieoczekiwanie wkracza Jedna Wielka Zmy\u0142ka, wywo\u0142uj\u0105c wilka z lasu. Czy te\u017c, jak w tym przypadku, widmowego Szcz\u0119snego z za\u015bwiat\u00f3w. Krasnoludki, babskie sprawki i tatu\u015b w przyp\u0142ywie romantyzmu. Nic dziwnego, \u017ce poch\u0142oni\u0119ty Sprawami Bo\u017cek nie zauwa\u017ca, co czai si\u0119 w szkolnym budynku. A jest to co\u015b straszniejszego ni\u017c pierwsza mi\u0142o\u015b\u0107, sprawdzian z matmy, a nawet chi\u0144skie gumki do mazania\u2026<\/p>\n<h3 style=\"text-align: justify;\">Metryczka<\/h3>\n<p style=\"text-align: justify;\">Autor: Marta Kisiel<br \/>\nIlustrator: Paulina Wyrt<br \/>\nWydawnictwo: Wilga<br \/>\nWydanie: I<br \/>\nData wydania: 2021-10-27<br \/>\nKategoria: fantastyka<br \/>\nISBN: 978-83-280-8807-8<br \/>\nLiczba stron: 304<\/p>\n<h3 style=\"text-align: center;\">FRAGMENT<\/h3>\n<p style=\"text-align: justify;\">Klasa zn\u00f3w zanios\u0142a si\u0119 chichotem, migiem jednak ucich\u0142a, gdy chrz\u0105kni\u0119cie nauczyciela przywo\u0142a\u0142o wszystkich do porz\u0105dku. Godzina wychowawcza pod wodz\u0105 Cebulona to by\u0142a powa\u017cna sprawa, \u017cadne tam \u015bmichy-chichy.<br \/>\n\u2014 C\u00f3\u017c. Nie mam nic wi\u0119cej do dodania, Bo\u017cydar wam wszystko wyja\u015bni\u0142. Wyj\u015bcie raz na jaki\u015b czas z b\u0105belka dobrze robi. Ka\u017cdemu. Dlatego dzi\u015b opu\u015bcicie sw\u00f3j b\u0105belek i zmierzycie si\u0119 z Nowym. Prosz\u0119, raz-dwa. Ka\u017cdy pakuje swoje rzeczy do plecaka i staje przy drzwiach. Bez dyskusji. Powiedzia\u0142em \u2014 doda\u0142 g\u0142o\u015bniej, ucinaj\u0105c w zarodku protesty, kt\u00f3re podnios\u0142y si\u0119 po tych s\u0142owach. \u2014 Bez. Dyskusji.<br \/>\nGdy ju\u017c st\u0142oczyli si\u0119 przed drzwiami, wychowawca zacz\u0105\u0107 wywo\u0142ywa\u0107 kolejnych uczni\u00f3w po imieniu i rozsadza\u0107 na nowo. J\u0119ki zawodu raz po raz nios\u0142y si\u0119 po klasie, od pierwszej a\u017c do ostatniej pary.<br \/>\n\u2014 Wykorzystajcie t\u0119 okazj\u0119, \u017ceby si\u0119 zintegrowa\u0107 wbrew dotychczasowym schematom towarzyskim \u2014 ni\u00f3s\u0142 si\u0119 nad nimi ch\u0142odny g\u0142os wychowawcy. \u2014 Pozna\u0107 nowych koleg\u00f3w z \u0142awki. Siebie samych. Sprawdzi\u0107 si\u0119 poza b\u0105belkiem.<br \/>\n\u2014 Sp\u0119dzi\u0142em p\u00f3\u0142 lipca z Dziwakiem, to chyba powinno si\u0119 liczy\u0107 jako wyj\u015bcie z b\u0105belka?\u2026 \u2014 rzuci\u0142 Witek w przestrze\u0144 zrz\u0119dliwym tonem, gdy\u017c oto przysz\u0142a jego kolej. Mo\u017cna by pomy\u015ble\u0107, \u017ce powt\u00f3rka z wakacji to ostatnie, na co mia\u0142by ochot\u0119, tymczasem naprawd\u0119 liczy\u0142, \u017ce podejdzie Cebulona, kt\u00f3ry z\u0142o\u015bliwie ka\u017ce mu usi\u0105\u015b\u0107 z Bo\u017ckiem. Lecz nauczyciel wskaza\u0142 ch\u0142opcu miejsce w trzeciej \u0142awce, pod \u015bcian\u0105, obok straszliwie gadatliwego Paw\u0142a. Mina Witka wyra\u017ca\u0142a wi\u0119cej ni\u017c tysi\u0105c s\u0142\u00f3w. Nie tylko dlatego, \u017ce wszystkie te s\u0142owa Pawe\u0142 zd\u0105\u017cy\u0142 zu\u017cy\u0107 w ci\u0105gu nast\u0119pnych pi\u0119ciu minut.<br \/>\nBo\u017cek najd\u0142u\u017cej czeka\u0142 na swoj\u0105 kolej. I bardzo si\u0119 zdziwi\u0142, gdy koniec ko\u0144c\u00f3w wychowawca kaza\u0142 mu wr\u00f3ci\u0107 tam, gdzie siedzia\u0142 dotychczas. Tyle \u017ce tym razem bez Tomka \u2014 bo Tomek wyl\u0105dowa\u0142 razem z Hank\u0105 w przedostatnim rz\u0119dzie od strony okna. Krzes\u0142o obok Bo\u017cka pozosta\u0142o puste. I teraz wszyscy z kim\u015b siedzieli, tylko nie on.<br \/>\nPrzez akcj\u0119 z b\u0105belkiem komfortu i wielkim przesadzaniem lekcja zlecia\u0142a im b\u0142yskawicznie i byli bardzo zaskoczeni, kiedy dzwonek na korytarzu rozbrz\u0119cza\u0142 si\u0119 metalicznie. Mimo to najszybsi uczniowie poderwali si\u0119 z krzese\u0142, jakby ich parzy\u0142y w pupy, i po sekundzie znale\u017ali si\u0119 za drzwiami, z wrzaskiem witaj\u0105c dwa dni wolno\u015bci.<br \/>\nKiedy w sali trzy kropka pi\u0119tna\u015bcie zrobi\u0142o si\u0119 cicho i pusto, wychowawca westchn\u0105\u0142 przeci\u0105gle i wzi\u0105\u0142 g\u0105bk\u0119, \u017ceby zetrze\u0107 tablic\u0119. Naraz k\u0105tem oka zobaczy\u0142 z\u0142otow\u0142osego ch\u0142opca. Sta\u0142 tam z plecakiem w gar\u015bci oraz min\u0105, kt\u00f3ra wieszczy\u0142a nieuchronn\u0105 Dyskusj\u0119.<br \/>\n\u2014 Tak, Bo\u017cydarze?<br \/>\nMarszcz\u0105c czo\u0142o, Bo\u017cek spojrza\u0142 na s\u0142owo B\u0104BELEK, wypisane czarnym markerem na bia\u0142ej tablicy. Dot\u0105d wydawa\u0142o mu si\u0119 zabawne i nie do ko\u0144ca powa\u017cne przez to ca\u0142e B\u0104 \u2014 kt\u00f3re a\u017c si\u0119 prosi\u0142o, \u017ceby je przeci\u0105ga\u0107 i powtarza\u0107 z upojeniem. Tymczasem teraz, gdy na nie patrzy\u0142, wydawa\u0142o si\u0119 niemal z\u0142owr\u00f3\u017cbne. B\u0105belek bolesnej niesprawiedliwo\u015bci.<br \/>\n\u2014 Chcia\u0142em powiedzie\u0107, \u017ce to niesprawiedliwe \u2014 wyrzuci\u0142 z siebie. \u2014 To ca\u0142e przesadzanie.<br \/>\n\u2014 Obawiam si\u0119, \u017ce \u017cycie nie operuje takimi kategoriami \u2014 wytkn\u0105\u0142 mu Cebulon. \u2014 Za to ka\u017cdego zmusi kiedy\u015b do wyj\u015bcia z b\u0105belka, czy tego chcemy, czy nie. Ka\u017cdemu co\u015b zabierze. Im pr\u0119dzej si\u0119 tego nauczycie, tym lepiej dla was. \u2014 G\u0105bka przemkn\u0119\u0142a po bia\u0142ej tablicy, a\u017c ze z\u0142owr\u00f3\u017cbnego b\u0105belka zosta\u0142a sina smuga. \u2014 No co? Wujek ci przecie\u017c t\u0142umaczy\u0142.<br \/>\n\u2014 Ale to tak dzia\u0142a tylko w ksi\u0105\u017ckach! \u2014 zaprotestowa\u0142 Bo\u017cek, wielkim wysi\u0142kiem woli ignoruj\u0105c przytyk, cho\u0107 a\u017c \u015bcisn\u0119\u0142o go w gardle. \u2014 W ksi\u0105\u017ckach bohater robi i czuje tak, jak mu ka\u017ce autor. I wcale nie jest powiedziane, \u017ce autor w og\u00f3le wie, co robi. Czasem autorzy pisz\u0105 cokolwiek, byle\u2026 byle tylko napisa\u0107!<br \/>\n\u2014 Ciekawe. Uwa\u017casz, \u017ce nie wiem, co robi\u0119?<br \/>\n\u2014 Tak.<br \/>\n\u2014 A z jakich przes\u0142anek wysnu\u0142e\u015b ten wniosek, Bo\u017cydarze? No? Podejd\u017amy do tego matematycznie. Jakie sk\u0142adniki r\u00f3wnania da\u0142y ci t\u0119 konkretn\u0105 sum\u0119?<br \/>\nCzuj\u0105c, jak czo\u0142o \u015bci\u0105ga mu gniew, ch\u0142opiec zacisn\u0105\u0142 mocniej palce na trzymanym plecaku. Cebulon zrobi\u0142 to specjalnie! Dobrze wiedzia\u0142, \u017ce matematyka zawsze wyprowadza go z r\u00f3wnowagi. Ale Bo\u017cek ani my\u015bla\u0142 si\u0119 temu podda\u0107. Wzi\u0105\u0142 g\u0142\u0119boki wdech, \u017ceby si\u0119 uspokoi\u0107. Niestety, niewiele mu to pomog\u0142o.<br \/>\n\u2014 Pan nas przesadzi\u0142 na chybi\u0142 trafi\u0142. Bez \u017cadnej koncepcji.<br \/>\n\u2014 Czy\u017cby?<br \/>\n\u2014 Tak. Antek ma kota, a Oliwka uczulenie na koci\u0105 sier\u015b\u0107 \u2014 Bo\u017cek zacz\u0105\u0142 wylicza\u0107 z narastaj\u0105c\u0105 satysfakcj\u0105 \u2014 wi\u0119c teraz b\u0119dzie na lekcjach ci\u0105gle kicha\u0107 i wszystkim przeszkadza\u0107. Witek nosi okulary, a pan go usadzi\u0142 za Eliz\u0105, kt\u00f3ra jest od niego wy\u017csza o g\u0142ow\u0119 i mu zas\u0142ania. Micha\u0142, ten drugi, co doszed\u0142 do nas w maju, ma k\u0142opoty z koncentracj\u0105 i nie powinien siedzie\u0107 z kim\u015b, na<br \/>\ndodatek od strony okna, bo b\u0119dzie mu jeszcze trudniej si\u0119 skupi\u0107. I te\u017c b\u0119dzie wszystkim przeszkadza\u0107. Pan nas przesadzi\u0142 na chybi\u0142 trafi\u0142 \u2014 powt\u00f3rzy\u0142 twardo \u2014 bo pan nas nie zna. Pan nic o nas nie wie.<br \/>\nCebulon stan\u0105\u0142 tu\u017c przed ch\u0142opcem i odezwa\u0142 si\u0119 beznami\u0119tnie:<br \/>\n\u2014 Mylisz si\u0119, Bo\u017cydarze. Na przyk\u0142ad o tobie ju\u017c wiem, \u017ce \u017cyjesz sobie w bardzo wygodnym, przytulnym b\u0105belku. I nosa z niego nie wychylasz. Bo\u017cek poderwa\u0142 g\u0142ow\u0119, \u017ceby spojrze\u0107 hardo w te czarne, nieprzeniknione okulary \u2014 i wtem powierzchnia rzeczywisto\u015bci zadr\u017ca\u0142a gwa\u0142townie pod jego stopami. Cie\u0144. Wsz\u0119dzie zobaczy\u0142 cie\u0144 \u2014 g\u0119sty, strz\u0119piasty, sk\u0142\u0119biony. Spowija\u0142 stoj\u0105c\u0105 przed ch\u0142opcem posta\u0107 nauczyciela, rozsnuwa\u0142 si\u0119, rozpe\u0142za\u0142, rozpo\u015bciera\u0142 po klasie. Szuka\u0142.<br \/>\nCzym ty jeste\u015b? \u2014 przez lepki chaos w g\u0142owie ch\u0142opca przebi\u0142o si\u0119 pytanie.<\/p>\n","protected":false},"excerpt":{"rendered":"<p>Ma\u0142e Licho i babskie sprawki Marty Kisiel &#8211; ale\u017c ja si\u0119 nie mog\u0142am doczeka\u0107 premiery tego tytu\u0142u. Kocham Ma\u0142e Licho oraz Bo\u017cydara, t\u0119skni\u0119 za Krakersem i ca\u0142\u0105 reszt\u0105 tej zwariowanej ferajny. Znacie t\u0119 seri\u0119 Marty Kisiel? Czekacie na dzie\u0144 premiery r\u00f3wnie niecierpliwie.? Opis Kolejny tom bestsellerowej serii dla dzieci, doros\u0142ych i potwor\u00f3w, bez wzgl\u0119du na [&hellip;]<\/p>\n","protected":false},"author":2,"featured_media":6112,"comment_status":"open","ping_status":"open","sticky":false,"template":"","format":"standard","meta":[],"categories":[1433],"tags":[25],"jetpack_featured_media_url":"https:\/\/zapatrzonawksiazki.pl\/wp-content\/uploads\/2021\/10\/ML4-zapatrzonawksiazki-pl.png","_links":{"self":[{"href":"https:\/\/zapatrzonawksiazki.pl\/index.php\/wp-json\/wp\/v2\/posts\/6111"}],"collection":[{"href":"https:\/\/zapatrzonawksiazki.pl\/index.php\/wp-json\/wp\/v2\/posts"}],"about":[{"href":"https:\/\/zapatrzonawksiazki.pl\/index.php\/wp-json\/wp\/v2\/types\/post"}],"author":[{"embeddable":true,"href":"https:\/\/zapatrzonawksiazki.pl\/index.php\/wp-json\/wp\/v2\/users\/2"}],"replies":[{"embeddable":true,"href":"https:\/\/zapatrzonawksiazki.pl\/index.php\/wp-json\/wp\/v2\/comments?post=6111"}],"version-history":[{"count":1,"href":"https:\/\/zapatrzonawksiazki.pl\/index.php\/wp-json\/wp\/v2\/posts\/6111\/revisions"}],"predecessor-version":[{"id":6113,"href":"https:\/\/zapatrzonawksiazki.pl\/index.php\/wp-json\/wp\/v2\/posts\/6111\/revisions\/6113"}],"wp:featuredmedia":[{"embeddable":true,"href":"https:\/\/zapatrzonawksiazki.pl\/index.php\/wp-json\/wp\/v2\/media\/6112"}],"wp:attachment":[{"href":"https:\/\/zapatrzonawksiazki.pl\/index.php\/wp-json\/wp\/v2\/media?parent=6111"}],"wp:term":[{"taxonomy":"category","embeddable":true,"href":"https:\/\/zapatrzonawksiazki.pl\/index.php\/wp-json\/wp\/v2\/categories?post=6111"},{"taxonomy":"post_tag","embeddable":true,"href":"https:\/\/zapatrzonawksiazki.pl\/index.php\/wp-json\/wp\/v2\/tags?post=6111"}],"curies":[{"name":"wp","href":"https:\/\/api.w.org\/{rel}","templated":true}]}}