{"id":609,"date":"2014-03-27T17:27:00","date_gmt":"2014-03-27T17:27:00","guid":{"rendered":"http:\/\/zapatrzonawksiazki.pl\/index.php\/2014\/03\/27\/dziecieca-krucjata\/"},"modified":"2018-10-07T00:30:17","modified_gmt":"2018-10-07T00:30:17","slug":"dziecieca-krucjata","status":"publish","type":"post","link":"https:\/\/zapatrzonawksiazki.pl\/index.php\/2014\/03\/27\/dziecieca-krucjata\/","title":{"rendered":"Dzieci\u0119ca krucjata"},"content":{"rendered":"<div class=\"MsoNormal\" style=\"tab-stops: 9.0pt; text-align: justify;\">\n<i style=\"mso-bidi-font-style: normal;\">&nbsp;&nbsp; <b style=\"mso-bidi-font-weight: normal;\">\u201eBo<br \/>\nwrogiem nie jest cz\u0142owiek, kt\u00f3ry wierzy w Boga; wr\u00f3g to ignorancja i ludzie,<br \/>\nkt\u00f3rzy nie wierz\u0105 w nic i niczego nie ceni\u0105.\u201d*<\/b><\/i><\/div>\n<div class=\"MsoNormal\" style=\"tab-stops: 9.0pt; text-align: justify;\">\n<\/div>\n<div class=\"MsoNormal\" style=\"tab-stops: 9.0pt; text-align: justify;\">\n<i style=\"mso-bidi-font-style: normal;\">&nbsp;&nbsp; Wykonuj\u0105c zadanie, kt\u00f3re otrzyma\u0142e\u015b<br \/>\nprzemierzasz miasta i miasteczka, obserwujesz ludzi i odchylenia od normy.<br \/>\nPoszukujesz znak\u00f3w i okre\u015blasz czy s\u0105 prawdziwe czy te\u017c tylko wymys\u0142em. Po<br \/>\ndrodze prze\u017cywasz mn\u00f3stwo przyg\u00f3d i z ka\u017cdym kolejnym dniem kszta\u0142tujesz swoj\u0105<br \/>\nosobowo\u015b\u0107. Nie wiesz co ci\u0119 czeka, jaki b\u0119dzie fina\u0142 kolejnego zadania, ale<br \/>\nwierzysz, \u017ce tak musi by\u0107 i idziesz na prz\u00f3d.<\/i><\/div>\n<div class=\"MsoNormal\" style=\"tab-stops: 9.0pt; text-align: justify;\">\n<\/div>\n<div class=\"MsoNormal\" style=\"tab-stops: 9.0pt; text-align: justify;\">\n<a href=\"http:\/\/3.bp.blogspot.com\/-cXhMsloA1Lo\/UzRcialZYTI\/AAAAAAAAIus\/yJ6xqbLGgT8\/s1600\/219105-352x500.jpg\" imageanchor=\"1\" style=\"clear: left; float: left; margin-bottom: 1em; margin-right: 1em;\"><img decoding=\"async\" loading=\"lazy\" border=\"0\" src=\"http:\/\/3.bp.blogspot.com\/-cXhMsloA1Lo\/UzRcialZYTI\/AAAAAAAAIus\/yJ6xqbLGgT8\/s1600\/219105-352x500.jpg\" height=\"320\" width=\"225\" \/><\/a><i style=\"mso-bidi-font-style: normal;\">&nbsp;&nbsp; Luce Vero, kt\u00f3ry razem ze swoim skrybom,<br \/>\nbratem Piotrem oraz przyjacielem Freize, poszukuje oznak ko\u0144ca \u015bwiata, po<br \/>\nuratowaniu od spalenia na stosie Izoldy oraz Iszrak oraz oddaniu matce dziecka<br \/>\ndalej podr\u00f3\u017cuje tras\u0105, kt\u00f3r\u0105 wyznacza mu mistrz Zakonu Ciemno\u015bci oraz sam<br \/>\nOjciec \u015awi\u0119ty. Kiedy grupa w\u0119drowc\u00f3w trafia do Piccolo dowiaduj\u0105 si\u0119, \u017ce do<br \/>\nmiasta zmierza krucjata, nazajutrz okazuje si\u0119, \u017ce sk\u0142ada si\u0119 ona z samych<br \/>\ndzieci prowadzonych przez Johanna Dobrego. Nastolatek twierdzi, \u017ce przemawia<br \/>\nprzez niego B\u00f3g i ka\u017ce pod\u0105\u017ca\u0107 mu do Jerozolimy, tam wierni na nowo spotkaj\u0105<br \/>\nsi\u0119 z rodzin\u0105, gdy\u017c umarli powstan\u0105 w dniu S\u0105du Ostatecznego, kt\u00f3ry jest coraz<br \/>\nbli\u017cej. Wys\u0142annik Papie\u017ca otrzymuje zadanie zbadania tego zjawiska i ocenienia<br \/>\nczy Johann rzeczywi\u015bcie jest powo\u0142any czy te\u017c kieruje nim Szatan. Jaka jest<br \/>\nprawda i czy Vero j\u0105 odkryje?<\/i><\/div>\n<div class=\"MsoNormal\" style=\"tab-stops: 9.0pt; text-align: justify;\">\n<\/div>\n<div class=\"MsoNormal\" style=\"tab-stops: 9.0pt; text-align: justify;\">\n<i style=\"mso-bidi-font-style: normal;\">&nbsp;&nbsp; Phlippia Gregory jest znana ze swoich<br \/>\npowie\u015bci historycznych, ale w tamtym roku wydany zosta\u0142 pierwszy tom Zakonu<br \/>\nCiemno\u015bci. Ksi\u0105\u017cka bardzo przypad\u0142a mi do gustu i niecierpliwie wyczekiwa\u0142am jej<br \/>\nkontynuacji. By\u0142am ciekawa co tym razem wymy\u015bli autorka i jakim torem p\u00f3jdzie. <\/i><\/div>\n<div class=\"MsoNormal\" style=\"tab-stops: 9.0pt; text-align: justify;\">\n<\/div>\n<div class=\"MsoNormal\" style=\"tab-stops: 9.0pt; text-align: justify;\">\n<i style=\"mso-bidi-font-style: normal;\">&nbsp;&nbsp; Czasy po upadku cesarstwa bizantyjskiego.<br \/>\nLudzie w tym okresie byli bardzo przes\u0105dni i spodziewali si\u0119 ko\u0144ca \u015bwiata, po<br \/>\ntym jak Turcy zdob\u0119d\u0105 Rzym. W tym w\u0142a\u015bnie okresie Gregory osadzi\u0142a akcj\u0119<br \/>\npowie\u015bci i przyzna\u0107 musz\u0119, \u017ce i tym razem pod wzgl\u0119dem pod\u0142o\u017ca historycznego<br \/>\nspisa\u0142a si\u0119 na medal. Szczeg\u00f3\u0142owo i obrazowo zarysowa\u0142a ten okres dziej\u00f3w.<br \/>\nOpisa\u0142a styl \u017cycia, mentalno\u015b\u0107 ludzi, ukaza\u0142a podzia\u0142 oraz w co wierzono i<br \/>\nczego si\u0119 obawiano. Wtedy bano si\u0119 wszystkiego co by\u0142o nie do wyja\u015bnienia i<br \/>\nuwa\u017cano za czary lub cuda. Bez problemu mo\u017cna wczu\u0107 si\u0119 w ten mroczny klimat.<br \/>\nWida\u0107, \u017ce autorka zna si\u0119 na tym co pisze i po\u015bwi\u0119ci\u0142a du\u017co czasu na zapoznanie<br \/>\nsi\u0119 z materia\u0142ami na dany temat. Dzi\u0119ki temu \u0142atwo by\u0142o wyobrazi\u0107 sobie stroje,<br \/>\nto jak mieszkali, podr\u00f3\u017cowali czy te\u017c postrzegali \u015bwiat. I chocia\u017c fabu\u0142a<br \/>\npowie\u015bci wci\u0105ga i sprawia, \u017ce czyta si\u0119 j\u0105 szybko i p\u0142ynnie nie jest ona ju\u017c<br \/>\ntak interesuj\u0105ca jak \u201eOdmieniec\u201d, kt\u00f3ry by\u0142 bardzo dobr\u0105 przygod\u00f3wk\u0105 z w\u0105tkiem<br \/>\nmi\u0142osnym w tle. W przypadku tej pozycji jest na odwr\u00f3t, co powoduje, \u017ce nie<br \/>\njest ju\u017c tak fajnie. <\/i><\/div>\n<div class=\"MsoNormal\" style=\"tab-stops: 9.0pt; text-align: justify;\">\n<\/div>\n<div class=\"MsoNormal\" style=\"tab-stops: 9.0pt; text-align: justify;\">\n<i style=\"mso-bidi-font-style: normal;\">&nbsp;&nbsp; Jak sama autorka wspomina na ko\u0144cu w tej<br \/>\ncz\u0119\u015bci jest du\u017co o uczuciach Luki, jak i kobiet mu towarzysz\u0105cych, co<br \/>\nniekoniecznie dobrze wp\u0142ywa na ca\u0142o\u015b\u0107 utworu, ale pozwala lepiej pozna\u0107<br \/>\nbohater\u00f3w, zobaczy\u0107 jak si\u0119 zmieniaj\u0105 i poznaj\u0105 \u015bwiat. Jest te\u017c du\u017co o Frezie,<br \/>\ncieszy mnie to bo polubi\u0142am go za to jaki jest oraz poczucie humoru, kt\u00f3re<br \/>\nposiada. Pojawi\u0142o si\u0119 r\u00f3wnie\u017c kilka nowych postaci, kt\u00f3re rozwin\u0105 si\u0119 w<br \/>\ndalszych cz\u0119\u015bciach, ale ju\u017c teraz intryguj\u0105 swoim zachowaniem i tym co rolami,<br \/>\nkt\u00f3re maj\u0105 odegra\u0107. Og\u00f3lnie m\u00f3wi\u0105c postacie s\u0105 dopracowane i realne, dzi\u0119ki<br \/>\nczemu nawet mimo r\u00f3\u017cnic w pogl\u0105dach \u0142atwiej jest si\u0119 z nimi uto\u017csami\u0107. <\/i><\/div>\n<div class=\"MsoNormal\" style=\"tab-stops: 9.0pt; text-align: justify;\">\n<\/div>\n<div class=\"MsoNormal\" style=\"tab-stops: 9.0pt; text-align: justify;\">\n<i style=\"mso-bidi-font-style: normal;\">&nbsp;&nbsp; Mam mieszane uczucia wzgl\u0119dem \u201eKrucjaty\u201d, bo<br \/>\nnie mog\u0119 powiedzie\u0107, \u017ce czyta\u0142o mi si\u0119 j\u0105 \u017ale, w brew przeciwnie, lektura by\u0142a<br \/>\nprzyjemna, miejscami wr\u0119cz intryguj\u0105ca, ale bardzo wadzi\u0142 mi fakt, \u017ce na<br \/>\npierwszy plan wysun\u0119\u0142y si\u0119 emocje, a nie to co akurat si\u0119 dzia\u0142o. Szczerze<br \/>\npowiem, \u017ce liczy\u0142am na mn\u00f3stwo przyg\u00f3d, a dosta\u0142am tekst o przelotnych<br \/>\nspojrzeniach, mu\u015bni\u0119ciach, zazdro\u015bci\u2026 No nie tego oczekiwa\u0142am i troch\u0119 si\u0119<br \/>\nzawiod\u0142am. Nie mniej jest to pozycja, kt\u00f3ra nie nu\u017cy\u0142a, a wci\u0105ga\u0142a, bawi\u0142a i<br \/>\nsprawia\u0142a, \u017ce z\u017cy\u0142am si\u0119 z bohaterami i by\u0142am \u017cywo zainteresowana kolejn\u0105<br \/>\nspraw\u0105 Luci. Przyznaj\u0119, \u017ce pomys\u0142 na dzieci\u0119c\u0105 krucjat\u0119 by\u0142 strza\u0142em w<br \/>\ndziesi\u0105tk\u0119. Fakt, \u017ce&nbsp; si\u0119 odrobin\u0119<br \/>\nrozczarowa\u0142am nie przeszkodzi mi jednak w si\u0119gni\u0119ciu po nast\u0119pne publikacje z<br \/>\ntego cyklu.<\/i><\/div>\n<div class=\"MsoNormal\" style=\"tab-stops: 9.0pt; text-align: justify;\">\n<\/div>\n<div class=\"MsoNormal\" style=\"tab-stops: 9.0pt; text-align: justify;\">\n<i style=\"mso-bidi-font-style: normal;\">&nbsp;&nbsp; \u201eKrucjata\u201d okaza\u0142 si\u0119 niestety by\u0107 gorsza od<br \/>\nswojej poprzedniczki, ale i tak uwa\u017cam, \u017ce warto j\u0105 przeczyta\u0107. Barwne opisy<br \/>\n\u015bredniowiecza, ciekawe przygody, dobrze wykreowane postacie. Gregory pisze<br \/>\nlekko i przyjemnie, ale po tym co zaserwowa\u0142a w \u201eOdmie\u0144cu\u201d wiem, \u017ce sta\u0107 j\u0105 na<br \/>\ndu\u017co wi\u0119cej. Nie jest \u017ale, ale mog\u0142oby by\u0107 du\u017co lepiej. <\/i><\/div>\n<div class=\"MsoNormal\" style=\"tab-stops: 9.0pt; text-align: justify;\">\n<\/div>\n<div class=\"MsoNormal\" style=\"tab-stops: 9.0pt; text-align: justify;\">\n<b style=\"mso-bidi-font-weight: normal;\"><i style=\"mso-bidi-font-style: normal;\">&nbsp;&nbsp; \u201eNigdy nie<br \/>\nm\u00f3wimy ludziom, \u017ce ich kochamy, bo g\u0142upio nam si\u0119 wydaje, \u017ce b\u0119d\u0105 z nami<br \/>\nzawsze. Wszyscy zachowujemy si\u0119, jakby\u015bmy mieli \u017cy\u0107 wiecznie, a powinni\u015bmy si\u0119<br \/>\nzachowywa\u0107 jakby\u015bmy mieli umrze\u0107 nazajutrz. Powinni\u015bmy m\u00f3wi\u0107 sobie<br \/>\nnajpi\u0119kniejsze rzeczy.\u201d*<\/i><\/b><\/div>\n<div class=\"MsoNormal\" style=\"tab-stops: 9.0pt; text-align: justify;\">\n<\/div>\n<div class=\"MsoNormal\" style=\"tab-stops: 9.0pt; text-align: justify;\">\n<i style=\"mso-bidi-font-style: normal;\">*str. 84<\/i><\/div>\n<div class=\"MsoNormal\" style=\"tab-stops: 9.0pt; text-align: justify;\">\n<a href=\"http:\/\/2.bp.blogspot.com\/-ARsLYwRLkzI\/UzReBSNaZ5I\/AAAAAAAAIu4\/6yDNVg9cbcw\/s1600\/Egmont.jpg\" imageanchor=\"1\" style=\"clear: right; float: right; margin-bottom: 1em; margin-left: 1em;\"><img decoding=\"async\" border=\"0\" src=\"http:\/\/2.bp.blogspot.com\/-ARsLYwRLkzI\/UzReBSNaZ5I\/AAAAAAAAIu4\/6yDNVg9cbcw\/s1600\/Egmont.jpg\" \/><\/a><i style=\"mso-bidi-font-style: normal;\">**str. 140-141<\/i><\/div>\n<div class=\"MsoNormal\" style=\"tab-stops: 9.0pt; text-align: justify;\">\n<b style=\"mso-bidi-font-weight: normal;\"><i style=\"mso-bidi-font-style: normal;\">Autor: <\/i><\/b><i style=\"mso-bidi-font-style: normal;\">Philippa Gregory<\/i><\/div>\n<div class=\"MsoNormal\" style=\"tab-stops: 9.0pt; text-align: justify;\">\n<b style=\"mso-bidi-font-weight: normal;\"><i style=\"mso-bidi-font-style: normal;\">Tytu\u0142: <\/i><\/b><i style=\"mso-bidi-font-style: normal;\">Krucjata<\/i><\/div>\n<div class=\"MsoNormal\" style=\"tab-stops: 9.0pt; text-align: justify;\">\n<b style=\"mso-bidi-font-weight: normal;\"><i style=\"mso-bidi-font-style: normal;\">Wydawnictwo: <\/i><\/b><i style=\"mso-bidi-font-style: normal;\">Egmont<\/i><\/div>\n<div class=\"MsoNormal\" style=\"tab-stops: 9.0pt; text-align: justify;\">\n<b style=\"mso-bidi-font-weight: normal;\"><i style=\"mso-bidi-font-style: normal;\">Rok wydania: <\/i><\/b><i style=\"mso-bidi-font-style: normal;\">5 lutego 2014 <\/i><\/div>\n<div class=\"MsoNormal\" style=\"tab-stops: 9.0pt; text-align: justify;\">\n<b style=\"mso-bidi-font-weight: normal;\"><i style=\"mso-bidi-font-style: normal;\">Liczba stron: <\/i><\/b><i style=\"mso-bidi-font-style: normal;\">295<\/i><\/div>\n<div class=\"MsoNormal\" style=\"tab-stops: 9.0pt; text-align: justify;\">\n<\/div>\n<div align=\"center\" class=\"MsoNormal\" style=\"text-align: center;\">\n<i style=\"mso-bidi-font-style: normal;\"><u>Zakon Ciemno\u015bci:<\/u><\/i><\/div>\n<div align=\"center\" class=\"MsoNormal\" style=\"text-align: center;\">\n<i style=\"mso-bidi-font-style: normal;\"><a href=\"http:\/\/zapatrzonawksiazki.blogspot.com\/2013\/05\/zycie-w-sredniowieczu.html\">Odmieniec<\/a> | <b style=\"mso-bidi-font-weight: normal;\">Krucjata<\/b><\/i><\/div>\n<div align=\"center\" class=\"MsoNormal\" style=\"text-align: center;\">\n<\/div>\n<div align=\"right\" class=\"MsoNormal\" style=\"text-align: right;\">\n<i style=\"mso-bidi-font-style: normal;\">Ksi\u0105\u017cka przeczytana w ramach wyzwa\u0144<br \/>\nczytelniczych: <a href=\"http:\/\/magicznyswiatksiazki.pl\/czytam-fantastyke-2014\/\">Czytam fantastyk\u0119 II<\/a><\/i><\/div>\n<div align=\"right\" class=\"MsoNormal\" style=\"text-align: right;\">\n<i style=\"mso-bidi-font-style: normal;\"><a href=\"http:\/\/alezaczytana.blogspot.com\/2013\/12\/wyzwanie-autorskie-book-lovers-zapisy.html\">Book lovers <\/a><\/i><\/div>\n","protected":false},"excerpt":{"rendered":"<p>&nbsp;&nbsp; \u201eBo wrogiem nie jest cz\u0142owiek, kt\u00f3ry wierzy w Boga; wr\u00f3g to ignorancja i ludzie, kt\u00f3rzy nie wierz\u0105 w nic i niczego nie ceni\u0105.\u201d* &nbsp;&nbsp; Wykonuj\u0105c zadanie, kt\u00f3re otrzyma\u0142e\u015b przemierzasz miasta i miasteczka, obserwujesz ludzi i odchylenia od normy. Poszukujesz znak\u00f3w i okre\u015blasz czy s\u0105 prawdziwe czy te\u017c tylko wymys\u0142em. Po drodze prze\u017cywasz mn\u00f3stwo przyg\u00f3d [&hellip;]<\/p>\n","protected":false},"author":2,"featured_media":0,"comment_status":"open","ping_status":"open","sticky":false,"template":"","format":"standard","meta":[],"categories":[1],"tags":[77,503,505,121,12,619,378,149,620,621,415],"jetpack_featured_media_url":"","_links":{"self":[{"href":"https:\/\/zapatrzonawksiazki.pl\/index.php\/wp-json\/wp\/v2\/posts\/609"}],"collection":[{"href":"https:\/\/zapatrzonawksiazki.pl\/index.php\/wp-json\/wp\/v2\/posts"}],"about":[{"href":"https:\/\/zapatrzonawksiazki.pl\/index.php\/wp-json\/wp\/v2\/types\/post"}],"author":[{"embeddable":true,"href":"https:\/\/zapatrzonawksiazki.pl\/index.php\/wp-json\/wp\/v2\/users\/2"}],"replies":[{"embeddable":true,"href":"https:\/\/zapatrzonawksiazki.pl\/index.php\/wp-json\/wp\/v2\/comments?post=609"}],"version-history":[{"count":1,"href":"https:\/\/zapatrzonawksiazki.pl\/index.php\/wp-json\/wp\/v2\/posts\/609\/revisions"}],"predecessor-version":[{"id":2110,"href":"https:\/\/zapatrzonawksiazki.pl\/index.php\/wp-json\/wp\/v2\/posts\/609\/revisions\/2110"}],"wp:attachment":[{"href":"https:\/\/zapatrzonawksiazki.pl\/index.php\/wp-json\/wp\/v2\/media?parent=609"}],"wp:term":[{"taxonomy":"category","embeddable":true,"href":"https:\/\/zapatrzonawksiazki.pl\/index.php\/wp-json\/wp\/v2\/categories?post=609"},{"taxonomy":"post_tag","embeddable":true,"href":"https:\/\/zapatrzonawksiazki.pl\/index.php\/wp-json\/wp\/v2\/tags?post=609"}],"curies":[{"name":"wp","href":"https:\/\/api.w.org\/{rel}","templated":true}]}}