{"id":607,"date":"2014-04-03T10:58:00","date_gmt":"2014-04-03T10:58:00","guid":{"rendered":"http:\/\/zapatrzonawksiazki.pl\/index.php\/2014\/04\/03\/nowoscizapowiedzi-7-kwiecien\/"},"modified":"2018-10-07T00:30:16","modified_gmt":"2018-10-07T00:30:16","slug":"nowoscizapowiedzi-7-kwiecien","status":"publish","type":"post","link":"https:\/\/zapatrzonawksiazki.pl\/index.php\/2014\/04\/03\/nowoscizapowiedzi-7-kwiecien\/","title":{"rendered":"Nowo\u015bci\/zapowiedzi #7 &#8211; KWIECIE\u0143"},"content":{"rendered":"<div class=\"separator\" style=\"clear: both; text-align: center;\">\n<a href=\"http:\/\/4.bp.blogspot.com\/-WW6afcW4yp4\/UzxlbzfpR0I\/AAAAAAAAIvg\/F8Sk2IGKLFw\/s1600\/zapnow.jpg\" imageanchor=\"1\" style=\"clear: left; float: left; margin-bottom: 1em; margin-right: 1em;\"><img decoding=\"async\" border=\"0\" src=\"http:\/\/4.bp.blogspot.com\/-WW6afcW4yp4\/UzxlbzfpR0I\/AAAAAAAAIvg\/F8Sk2IGKLFw\/s1600\/zapnow.jpg\" \/><\/a><\/div>\n<div style=\"text-align: justify;\">\n<i><b><u>Nowo\u015bci\/zapowiedzi<\/u> &#8211; <\/b>to<br \/>\n cykl ukazuj\u0105cy si\u0119 raz &#8211; dwa razy w miesi\u0105cu, kt\u00f3ry przedstawia<br \/>\nnadchodz\u0105ce zapowiedzi lub nowo\u015bci wydawnicze na dany miesi\u0105c. Moje<br \/>\nwybory s\u0105<br \/>\nca\u0142kowicie subiektywne i dokonane pod k\u0105tem moich zainteresowa\u0144<br \/>\nczytelniczych.<\/i><\/div>\n<p><i><i>Legenda: <\/i><i><i style=\"mso-bidi-font-style: normal;\">tytu\u0142y s\u0105 podlinkowane i przenosz\u0105 do opisu ksi\u0105\u017cki;<\/i><\/i><\/i><br \/>\n<i><br \/>\n<b><i><b><i style=\"mso-bidi-font-style: normal;\">czerwone &#8211; musz\u0119 mie\u0107, &nbsp;<\/i><\/b><\/i><\/b><\/i><br \/>\n<i><br \/>\n<b><i><b><i style=\"mso-bidi-font-style: normal;\">zielone &#8211; mam\/w drodze do mnie, &nbsp;<\/i><\/b><\/i><\/b><\/i><br \/>\n<i><br \/>\n<b><i><b><i style=\"mso-bidi-font-style: normal;\">niebieskie &#8211; ciekawi\u0105 mnie, ale mog\u0119 na nie poczeka\u0107.<\/i><\/b><\/i><\/b><\/i><\/p>\n<div class=\"separator\" style=\"clear: both; text-align: center;\">\n<a href=\"http:\/\/3.bp.blogspot.com\/-0Y3Fd1ZQRrE\/Uzx1BJxuPbI\/AAAAAAAAIvw\/43hRLxQOvPE\/s1600\/kwiecien.jpg\" imageanchor=\"1\" style=\"margin-left: 1em; margin-right: 1em;\"><img decoding=\"async\" loading=\"lazy\" border=\"0\" src=\"http:\/\/3.bp.blogspot.com\/-0Y3Fd1ZQRrE\/Uzx1BJxuPbI\/AAAAAAAAIvw\/43hRLxQOvPE\/s1600\/kwiecien.jpg\" height=\"180\" width=\"320\" \/><\/a><\/div>\n<p><\/p>\n<div style=\"text-align: center;\">\n<u><i>NOWO\u015aCI<\/i><\/u><\/div>\n<div style=\"text-align: center;\">\n<\/div>\n<div style=\"text-align: justify;\">\n<i><b>01.04<\/b><\/i><\/div>\n<div style=\"text-align: justify;\">\n<i><a href=\"http:\/\/www.replika.eu\/index.php?k=ksi&amp;id=501\">Kiedy\u015b Ci\u0119 odnajd\u0119 &#8211; Ma\u0142gorzata Rogala<\/a> \/Replika<\/i><\/div>\n<div style=\"text-align: justify;\">\n<i><b>02.04<\/b><\/i><\/div>\n<div style=\"text-align: justify;\">\n<a href=\"http:\/\/www.empik.com\/krwawy-szlak-kroniki-czerwonej-pustyni-young-moira,p1091080632,ksiazka-p\"><i>Krwawy szlak &#8211;&nbsp; <\/i><i>Mojra Young<\/i><\/a> <i>\/Egmont<\/i><\/div>\n<div style=\"text-align: justify;\">\n<i><a href=\"http:\/\/nk.com.pl\/opowiesci-biblijne\/1948\/ksiazka.html#.UzvpBEKkHIU\">Opowie\u015bci biblijne &#8211; praca zbiorowa<\/a> \/ Nasza Ksi\u0119garnia<\/i><\/div>\n<div style=\"text-align: justify;\">\n<i><a href=\"http:\/\/www.wydawnictwoliterackie.pl\/ksiazka\/2670\/Jajko-z-niespodzianka---Agnieszka--Krakowiak-Kondracka\">Jajko z niespodziank\u0105 &#8211; Agnieszka Krakowiak-Kondracka<\/a> \/ Literackie<\/i><\/div>\n<div style=\"text-align: justify;\">\n<i><a href=\"http:\/\/otwarte.eu\/books\/mroczne-umysly\/\">Mroczne umys\u0142y &#8211; Aleksandra Bracken<\/a> \/ Moondrive<\/i><\/div>\n<div style=\"text-align: justify;\">\n<i><a href=\"http:\/\/nk.com.pl\/powrot-na-staromiejska\/1950\/ksiazka.html#.UzwBzEKkHIU\">Powr\u00f3t na staro miejsk\u0105 &#8211; Anna Muczy\u0144ska<\/a> \/ Nasza Ksi\u0119garnia<\/i><\/div>\n<div style=\"text-align: justify;\">\n<i><a href=\"http:\/\/www.empik.com\/czerwone-jak-krew-simukka-salla,p1090935487,ksiazka-p\">Czerwone jak krew- Sall Simukka<\/a> \/ W.A.B.<\/i><\/div>\n<div style=\"text-align: justify;\">\n<i><a href=\"http:\/\/www.empik.com\/dwie-marysie-nowak-ewa,p1091091285,ksiazka-p\">Dwie Marysie &#8211; Ewa Nowak<\/a> \/ Egmont<\/i><\/div>\n<div style=\"text-align: justify;\">\n<\/div>\n<div style=\"text-align: center;\">\n<i><u>ZAPOWIEDZI<\/u><\/i><\/div>\n<div style=\"text-align: center;\">\n<\/div>\n<div style=\"text-align: justify;\">\n<i><b>04.04<\/b><\/i><\/div>\n<div style=\"text-align: justify;\">\n<i><a href=\"http:\/\/fabrykaslow.com.pl\/zapowiedzi\/stephanie-plum-dziesiec-kawalkow-533\">Dziesi\u0119\u0107 kawa\u0142k\u00f3w &#8211; Janet Evanovich<\/a> \/ Fabryka S\u0142\u00f3w<\/i><\/div>\n<div style=\"text-align: justify;\">\n<i><b>08.05<\/b><\/i><\/div>\n<div style=\"text-align: justify;\">\n<i>B<a href=\"http:\/\/www.proszynski.pl\/Bez_pamieci-p-32273-1-30-.html\">ez pami\u0119ci &#8211; Lisa Kleypas<\/a> \/ Pr\u00f3szy\u0144ski i S-ka<\/i><\/div>\n<div style=\"text-align: justify;\">\n<i><b>09.04<\/b><\/i><\/div>\n<div style=\"text-align: justify;\">\n<i><a href=\"http:\/\/www.wydawnictwofilia.pl\/latwopalni_2,128.html\">\u0141atwopalni II. Przebudzenie &#8211; Agnieszka Lingas-\u0141oniewska<\/a> \/ Filia [<a href=\"http:\/\/zapatrzonawksiazki.blogspot.com\/2014\/03\/przebudz-sie.html\">RECENZJA<\/a>]<\/i><\/div>\n<div style=\"text-align: justify;\">\n<i><a href=\"http:\/\/www.empik.com\/niech-ci-sie-cos-pieknego-przysni-gramellini-massimo,p1092081036,ksiazka-p\">Niech Ci si\u0119 co\u015b pi\u0119knego przy\u015bni -Garmelini Massimo<\/a> \/ W.A.B.<\/i><br \/>\n<i><a href=\"http:\/\/www.wydawnictwofilia.pl\/angelfalll,126.html\">Angelfall, Penryn i \u015awiat Po &#8211; Susan Ee<\/a> \/ Filia<\/i><br \/>\n<i><a href=\"http:\/\/www.szaragodzina.pl\/index.php?mact=News,cntnt01,detail,0&amp;cntnt01articleid=109&amp;cntnt01returnid=17\">Dziewczynka z balonikami &#8211; Agnieszka Turzyniecka<\/a> \/ Szara Godzina<\/i><br \/>\n<i><b>10.04<\/b><\/i><br \/>\n<i><a href=\"http:\/\/www.proszynski.pl\/W_slusznej_sprawie-p-32307-1-30-.html\">W s\u0142usznej sprawie &#8211; Diane Chamberlaine<\/a> \/ Pr\u00f3szy\u0144ski i S-ka<\/i><br \/>\n<i><b>11.04<\/b><\/i><br \/>\n<i><a href=\"http:\/\/harlequin.pl\/ksiazki\/pomyslne-wiatry-1\">Pomy\u015blne wiatry &#8211; Nora Roberts<\/a> \/ Mira<\/i><br \/>\n<i><a href=\"http:\/\/harlequin.pl\/ksiazki\/druga-szansa\">Druga szansa &#8211; Penny Jordan<\/a> \/ Mira<\/i><br \/>\n<i><b>16.04<\/b><\/i><br \/>\n<i><a href=\"http:\/\/blackpublishing.pl\/ksiazki\/morelowy-sad\">Morelowy Sad &#8211; Amanda Coplin<\/a> \/ Black Publishing<\/i><br \/>\n<i><a href=\"http:\/\/www.wydawnictwomg.pl\/szeptucha\/\">Szeptucha &#8211; Iwona Menzel<\/a> \/ MG<\/i><br \/>\n<i><a href=\"http:\/\/www.wielkalitera.pl\/zapowiedzi\/id,70\/tylko-mnie-uwiedz.html\">Tylko mnie uwied\u017a &#8211; Sylvia Day<\/a> \/ Wielka Litera<\/i><br \/>\n<i><a href=\"http:\/\/www.empik.com\/klatwa-neferet-cast-p-c-cast-kristin,p1093199323,ksiazka-p\">Kl\u0105twa Neferet &#8211; P. C. Cast, Kristin Cast<\/a> \/ Ksi\u0105\u017cnica<\/i><br \/>\n<i><a href=\"http:\/\/www.esprit.com.pl\/300\/Hyperversum-II-Sokol-i-lew.html\">Sok\u00f3\u0142 i lew &#8211; Cecilia Randall<\/a> \/ Esprit<\/i><br \/>\n<i><a href=\"http:\/\/harlequin.pl\/ksiazki\/ostateczny-cel\">Ostateczny cel &#8211; Alex Kava<\/a> \/ Mira<\/i><br \/>\n<i><a href=\"http:\/\/blackpublishing.pl\/ksiazki\/milosc-w-burzanach\">Mi\u0142o\u015b\u0107 w Burzanach &#8211; Katarzyna Archimowicz<\/a> \/ Black Publishing<\/i><br \/>\n<i><a href=\"http:\/\/ksiegarnia.pascal.pl\/ksiazka.php?id=2390_Zacznijmy_od_nowa_%28Abbi_Glines%29\">Zacznijmy od nowa &#8211; Abbbi Glines<\/a> \/ Pascal<\/i><br \/>\n<i><a href=\"http:\/\/www.empik.com\/lato-bez-mezczyzn-hustvedt-siri,p1094115018,ksiazka-p\">Lato bez m\u0119\u017cczyzn &#8211; Siri Hustvedt<\/a> \/ \u015awiat Ksi\u0105\u017cek<\/i><br \/>\n<i><a href=\"http:\/\/www.wydawnictwoalbatros.com\/ksiazka,1486,2657,najdluzsza-podroz.html\">Najd\u0142u\u017csza podr\u00f3\u017c &#8211; Nicholas Sparks<\/a> \/ Albatros<\/i><br \/>\n<i><b>23.04<\/b><\/i><br \/>\n<i><a href=\"http:\/\/www.empik.com\/pulapka-uczuc-hoover-colleen,p1093463617,ksiazka-p\">Pu\u0142apka uczu\u0107 &#8211; Colleen Hoover<\/a> \/ W.A.B.<\/i><br \/>\n<i><a href=\"http:\/\/harlequin.pl\/ksiazki\/za-jakie-grzechy\">Za jakie grzechy &#8211; Kate Hewitt, India Grey<\/a> \/ Mira<\/i><br \/>\n<i><a href=\"http:\/\/wydawnictwo-jaguar.pl\/book.php?sr=lato-drugiej-szansy&amp;bt=01-lato-drugiej-szansy&amp;fr=k\">Lato drugiej szansy &#8211; Morgan Matson<\/a> \/ Jaguar<\/i><br \/>\n<i><b>29.04<\/b><\/i><br \/>\n<a href=\"http:\/\/www.amber.sm.pl\/ksiazka\/1575\/pacjentka-z-sali-numer-7\"><i>Pacjent z sali nr 7 &#8211;&nbsp; Baptiste<\/i><i> Beaulieu<\/i><\/a><i> \/ Amber<\/i><br \/>\n<i><a href=\"http:\/\/www.amber.sm.pl\/ksiazka\/1570\/czarne-dni-ma%C5%82ej-sally\">Czarne dni ma\u0142ej Sally &#8211; Sally East<\/a> \/ Amber<\/i><br \/>\n<i><a href=\"http:\/\/www.amber.sm.pl\/ksiazka\/1573\/w-niewoli-ambicji\">W niewoli ambicji &#8211; Celine Raphael<\/a> \/ Amber<\/i><br \/>\n<i><b>30.04<\/b><\/i><br \/>\n<i><a href=\"http:\/\/www.empik.com\/miedzy-teraz-a-wiecznoscia-poza-czasem-lucas-marie,p1092851453,ksiazka-p\">Mi\u0119dzy teraz a wieczno\u015bci\u0105 &#8211; Marie Lucas<\/a> \/ Egmont<\/i><br \/>\n<i><a href=\"http:\/\/www.znak.com.pl\/kartoteka,ksiazka,4603,Krete-sciezki\">Kr\u0119te \u015bcie\u017cki &#8211; Richard Paul Evans<\/a> \/ Znak litera nova<\/i><br \/>\n<i><a href=\"http:\/\/www.empik.com\/swoja-droga-michniewicz-tomasz,p1094114888,ksiazka-p\">Swoj\u0105 drog\u0105 &#8211; Tomasz Michniewicz<\/a> \/ Otwarte<\/i><br \/>\n<i><a href=\"http:\/\/www.empik.com\/cienie-ziemi-revis-beth,p1093205420,ksiazka-p\">Cienie ziemi &#8211; Beth Revis<\/a> \/ Dolno\u015bl\u0105skie<\/i><br \/>\n<i><a href=\"http:\/\/www.empik.com\/zabojczy-spokoj-penny-louise,p1093801941,ksiazka-p\">Zab\u00f3jczy spok\u00f3j &#8211; Louise Penny<\/a> \/ Feeria<\/i><br \/>\n<i><a href=\"http:\/\/www.empik.com\/kobiety-na-plazy-alsterdal-tove,p1093733394,ksiazka-p\">Kobiety na pla\u017cy &#8211; Tove Alsterdal<\/a> \/ Akurat <b>&nbsp;<\/b><\/i><\/p>\n<div style=\"text-align: center;\">\n<i><b>***<\/b><\/i><\/div>\n<div style=\"text-align: justify;\">\n<\/div>\n<div style=\"text-align: justify;\">\n<i>Jak wida\u0107 kwiece\u0144 obfituj w wiele premier, jest r\u00f3\u017cnorodnie i ciekawie. Bujaczek sama nie wie na zwr\u00f3ci\u0107 najpierw uwag\u0119, bo najlepiej by by\u0142o, jakby wszystko si\u0119 u Bujaczka znalaz\u0142o, a co! Niestety nie ma o tym mowy i trzeba by\u0142o podj\u0105\u0107 jakie\u015b decyzje&#8230; A na co wy, kochani czytelnicy polujecie w tym miesi\u0105cu?<\/i><\/div>\n<div style=\"text-align: justify;\">\n<\/div>\n<div style=\"text-align: center;\">\n<i>***<\/i><\/div>\n<div style=\"text-align: center;\">\n<\/div>\n<div style=\"text-align: justify;\">\n<i>Korzystaj\u0105c okazji Bujaczek chcia\u0142a przeprosi\u0107 za nieobecno\u015b\u0107 na waszych blogach, jak i cisz\u0119 u siebie. Zepsu\u0142 si\u0119 Bujaczkowi komputer, a troch\u0119&nbsp; potrwa\u0142o za nim kupi\u0142a nowy. No ale ju\u017c ma i nadrabia zaleg\u0142o\u015bci, Jeszcze dzi\u015b wieczorem pojawi si\u0119 recenzja \ud83d\ude42&nbsp; &nbsp; <\/i><\/div>\n<\/div>\n","protected":false},"excerpt":{"rendered":"<p>Nowo\u015bci\/zapowiedzi &#8211; to cykl ukazuj\u0105cy si\u0119 raz &#8211; dwa razy w miesi\u0105cu, kt\u00f3ry przedstawia nadchodz\u0105ce zapowiedzi lub nowo\u015bci wydawnicze na dany miesi\u0105c. Moje wybory s\u0105 ca\u0142kowicie subiektywne i dokonane pod k\u0105tem moich zainteresowa\u0144 czytelniczych. Legenda: tytu\u0142y s\u0105 podlinkowane i przenosz\u0105 do opisu ksi\u0105\u017cki; czerwone &#8211; musz\u0119 mie\u0107, &nbsp; zielone &#8211; mam\/w drodze do mnie, &nbsp; [&hellip;]<\/p>\n","protected":false},"author":2,"featured_media":0,"comment_status":"open","ping_status":"open","sticky":false,"template":"","format":"standard","meta":[],"categories":[1],"tags":[25],"jetpack_featured_media_url":"","_links":{"self":[{"href":"https:\/\/zapatrzonawksiazki.pl\/index.php\/wp-json\/wp\/v2\/posts\/607"}],"collection":[{"href":"https:\/\/zapatrzonawksiazki.pl\/index.php\/wp-json\/wp\/v2\/posts"}],"about":[{"href":"https:\/\/zapatrzonawksiazki.pl\/index.php\/wp-json\/wp\/v2\/types\/post"}],"author":[{"embeddable":true,"href":"https:\/\/zapatrzonawksiazki.pl\/index.php\/wp-json\/wp\/v2\/users\/2"}],"replies":[{"embeddable":true,"href":"https:\/\/zapatrzonawksiazki.pl\/index.php\/wp-json\/wp\/v2\/comments?post=607"}],"version-history":[{"count":1,"href":"https:\/\/zapatrzonawksiazki.pl\/index.php\/wp-json\/wp\/v2\/posts\/607\/revisions"}],"predecessor-version":[{"id":2108,"href":"https:\/\/zapatrzonawksiazki.pl\/index.php\/wp-json\/wp\/v2\/posts\/607\/revisions\/2108"}],"wp:attachment":[{"href":"https:\/\/zapatrzonawksiazki.pl\/index.php\/wp-json\/wp\/v2\/media?parent=607"}],"wp:term":[{"taxonomy":"category","embeddable":true,"href":"https:\/\/zapatrzonawksiazki.pl\/index.php\/wp-json\/wp\/v2\/categories?post=607"},{"taxonomy":"post_tag","embeddable":true,"href":"https:\/\/zapatrzonawksiazki.pl\/index.php\/wp-json\/wp\/v2\/tags?post=607"}],"curies":[{"name":"wp","href":"https:\/\/api.w.org\/{rel}","templated":true}]}}