{"id":6062,"date":"2021-07-02T20:23:14","date_gmt":"2021-07-02T18:23:14","guid":{"rendered":"http:\/\/zapatrzonawksiazki.pl\/?p=6062"},"modified":"2021-09-12T20:43:45","modified_gmt":"2021-09-12T18:43:45","slug":"pewnego-dnia-zostane-fantastykolozka-sylvia-douye","status":"publish","type":"post","link":"https:\/\/zapatrzonawksiazki.pl\/index.php\/2021\/07\/02\/pewnego-dnia-zostane-fantastykolozka-sylvia-douye\/","title":{"rendered":"Pewnego dnia zostan\u0119 fantastykolo\u017ck\u0105! Sylvia Douy\u00e9"},"content":{"rendered":"<p style=\"text-align: justify;\"><img decoding=\"async\" loading=\"lazy\" class=\"size-medium wp-image-6063 alignleft\" src=\"http:\/\/zapatrzonawksiazki.pl\/wp-content\/uploads\/2021\/09\/pewnego-dnia-zostane-fantastykolozka-czarolina-tom-1-1-227x300.jpg\" alt=\"\" width=\"227\" height=\"300\" srcset=\"https:\/\/zapatrzonawksiazki.pl\/wp-content\/uploads\/2021\/09\/pewnego-dnia-zostane-fantastykolozka-czarolina-tom-1-1-227x300.jpg 227w, https:\/\/zapatrzonawksiazki.pl\/wp-content\/uploads\/2021\/09\/pewnego-dnia-zostane-fantastykolozka-czarolina-tom-1-1.jpg 300w\" sizes=\"(max-width: 227px) 100vw, 227px\" \/>Ka\u017cdy z nas w pewnym momencie swojego \u017cycia chcia\u0142 mie\u0107 umiej\u0119tno\u015bci dostrzegania magicznych istot. Ba, podejrzewam nawet, \u017ce teraz czytaj\u0105c ma\u0142ym molom ksi\u0105\u017ckowym, u niekt\u00f3rych z nas owo pragnienie jest nadal intensywne. Tylko czy jest szansa na co\u015b tak fantastycznego w tym realistycznym \u015bwiecie?<\/p>\n<h3 style=\"text-align: justify;\">Zarys fabu\u0142y<\/h3>\n<p style=\"text-align: justify;\">Czarolina to m\u0142oda dziewczyna, kt\u00f3ra zapisa\u0142a si\u0119 na letni kurs rozszerzaj\u0105cy. Nie s\u0105 to zwyk\u0142e zaj\u0119cia, bo poszerzaj\u0105 one wiedz\u0119 na temat istot fantastycznych. W jej grupie s\u0105 tylko cztery dziewczynki i dw\u00f3ch ch\u0142opc\u00f3w. Jak si\u0119 szybko okazuje, ich zaj\u0119cia z pewno\u015bci\u0105 nie b\u0119d\u0105 nale\u017ce\u0107 do tych spokojnych. Ledwo co zacz\u0119li nauk\u0119, a ju\u017c zosta\u0142a ona przerwana przez znikni\u0119cie jednej z dziewczynek oraz bardzo dziwne zachowanie rusa\u0142ek. Sk\u0105d tyle komplikacji i kto jest temu winien?<\/p>\n<p style=\"text-align: justify;\">Moje stanowcze postanowienie nieczytania komiks\u00f3w przesta\u0142o istnie\u0107, gdy najpierw w moje r\u0119ce wpad\u0142 jeden z tom\u00f3w Pami\u0119tnik\u00f3w Wisienki oraz obecnie opisywana Czarolina. S\u0105 tak pi\u0119knie wydane i przyci\u0105gaj\u0105 wzrok, \u017ce nie by\u0142o sposobu, by si\u0119 im oprze\u0107. Czy tym razem by\u0142o warto zajrze\u0107 do <em>Pewnego dnia zostan\u0119 fantastykolo\u017ck\u0105!<\/em>?<\/p>\n<h3 style=\"text-align: justify;\">Moje wra\u017cenia<\/h3>\n<p style=\"text-align: justify;\">Komiksy rz\u0105dz\u0105 si\u0119 swoimi prawami i zawsze boj\u0119 si\u0119, \u017ce tej tre\u015bci b\u0119dzie jednak troch\u0119 za ma\u0142o. W przypadku <em>Pewnego dnia zostan\u0119 fantastykolo\u017ck\u0105!<\/em> ju\u017c na pierwszych stronach przekona\u0142am si\u0119, \u017ce nie mam si\u0119 czego obawia\u0107. Tekstu jest naprawd\u0119 sporo, a co ciekawsze w kr\u00f3tkich zdaniach zawarto ogrom przekazu, wiedzy i emocji &#8211; jak w powie\u015bci! Musz\u0119 by\u0107 jednak szczera i prawdziwym fenomenem s\u0105 tutaj ilustracje Paoli Antisty. S\u0105 ob\u0142\u0119dnie! Tyle na nich kolor\u00f3w i tego specyficznego klimatu. Jestem zachwycona ka\u017cd\u0105 ilustracj\u0105. Kolorami, szczeg\u00f3\u0142ami, mimik\u0105 oraz tym, \u017ce one naprawd\u0119 &#8220;\u017cyj\u0105&#8221;, wida\u0107 na nich ruch i emocje. No dla mnie to co\u015b rewelacyjnego!<\/p>\n<h3 style=\"text-align: justify;\">S\u0142\u00f3w kilka o bohaterach<\/h3>\n<p style=\"text-align: justify;\">Czaroline bardzo \u0142atwo polubi\u0107. Mo\u017ce i zbyt wiele si\u0119 jeszcze o niej nie dowiedzia\u0142am, ale te urywki ju\u017c pokazuj\u0105, \u017ce to mi\u0142a i inteligentna dziewczyna. Wok\u00f3\u0142 niej czu\u0107 pewn\u0105 tajemnic\u0119 i ch\u0119tnie j\u0105 poznam. Co do reszty postaci, to charakterystyczni s\u0105 dwaj ch\u0142opcy. Jeden to typ samotnika, a drugi jest niezwykle naiwny i szybko zakochuje si\u0119 w g\u0142\u00f3wnej bohaterce. Ciekawy tak naprawd\u0119 jest ka\u017cdy z bohater\u00f3w i takie szcz\u0105tkowe informacje tylko wzbudzi\u0142y moje wi\u0119ksze zainteresowanie.<\/p>\n<h3 style=\"text-align: justify;\">Na zako\u0144czenie<\/h3>\n<p style=\"text-align: justify;\">Fabu\u0142a <em>Pewnego dnia zostan\u0119 fantastykolo\u017ck\u0105!<\/em> nie jest zbytnio skomplikowana, ale w \u017cadnym wypadku nie jest to minusem. Przez komiks si\u0119 p\u0142ynie i zachwyca wszystkim po kolei. I to niezale\u017cnie od tego ile si\u0119 ma lat. Zagadka ciekawi i jest \u015bwietnie przemy\u015blana. Intryguje r\u00f3wnie\u017c w\u0105tek dziwnie zachowuj\u0105cych si\u0119 rusa\u0142ek. Jedyne, do czego mog\u0119 si\u0119 przyczepi\u0107, to kilka zbyt d\u0142ugich przeskok\u00f3w w w\u0105tkach. Niby da si\u0119 w tym po\u0142apa\u0107, ale jednak troch\u0119 wprowadzaj\u0105 chaos. Niemniej jednak to tylko jeden ma\u0142y mankament, kt\u00f3ry blednie przy du\u017cej ilo\u015bci pozytyw\u00f3w.<\/p>\n<p style=\"text-align: justify;\">Je\u015bli nie czytali\u015bcie jeszcze komiks\u00f3w, a chcecie sprawdzi\u0107 co i jak to polecam, <em>Pewnego dnia zostan\u0119 fantastykolo\u017ck\u0105!<\/em>. Zw\u0142aszcza gdy uwielbiacie fantastyczne klimaty oraz zagadki do rozwi\u0105zania. Nie zawiedziecie si\u0119.<\/p>\n<p style=\"text-align: justify;\"><strong>Scenariusz:<\/strong> Sylvia Douy\u00e9<br \/>\n<strong>Ilustrator:<\/strong> Paola Antista<br \/>\n<strong>T\u0142umaczenie:<\/strong> Maria Mosiewicz<br \/>\n<strong>Tytu\u0142:<\/strong> Pewnego dnia zostan\u0119 fantastykolo\u017ck\u0105!<br \/>\n<strong>Tytu\u0142 orygina\u0142u:<\/strong> Un jour, je serai fantasticologue!<br \/>\n<strong>Wydawnictwo:<\/strong> Egmont<br \/>\n<strong>Wydanie:<\/strong> I<br \/>\n<strong>Data wydania:<\/strong> 2020-09-02<br \/>\n<strong>Kategoria:<\/strong> fantastyka<br \/>\n<strong>ISBN:<\/strong> 9788328197527<br \/>\n<strong>Liczba stron:<\/strong> 48<br \/>\n<img decoding=\"async\" loading=\"lazy\" class=\"aligncenter wp-image-5880 size-large\" src=\"http:\/\/zapatrzonawksiazki.pl\/wp-content\/uploads\/2021\/05\/ocena-Zapatrzona-8-1024x195.png\" alt=\"\" width=\"1024\" height=\"195\" srcset=\"https:\/\/zapatrzonawksiazki.pl\/wp-content\/uploads\/2021\/05\/ocena-Zapatrzona-8-1024x195.png 1024w, https:\/\/zapatrzonawksiazki.pl\/wp-content\/uploads\/2021\/05\/ocena-Zapatrzona-8-300x57.png 300w, https:\/\/zapatrzonawksiazki.pl\/wp-content\/uploads\/2021\/05\/ocena-Zapatrzona-8-768x146.png 768w\" sizes=\"(max-width: 1024px) 100vw, 1024px\" \/><\/p>\n<p style=\"text-align: center;\">Czarolina<br \/>\n<em>Pewnego dnia zostan\u0119 fantastykolo\u017ck\u0105!<\/em> | Dziewczynka, kt\u00f3ra kocha\u0142a zwierzo\u0142aki | Tajemnica mojego pochodzenia<\/p>\n<hr \/>\n<p>&nbsp;<\/p>\n<div id='gallery-1' class='gallery galleryid-6062 gallery-columns-3 gallery-size-large'><figure class='gallery-item'>\n\t\t\t<div class='gallery-icon landscape'>\n\t\t\t\t<a href='https:\/\/zapatrzonawksiazki.pl\/index.php\/2021\/07\/02\/pewnego-dnia-zostane-fantastykolozka-sylvia-douye\/pewnego-dnia-zostane-fantastykolozka-2-zaparzonawksiazki-pl\/'><img width=\"660\" height=\"660\" src=\"https:\/\/zapatrzonawksiazki.pl\/wp-content\/uploads\/2021\/09\/pewnego-dnia-zostane-fantastykolozka-2-zaparzonawksiazki-pl.jpg\" class=\"attachment-large size-large\" alt=\"\" decoding=\"async\" loading=\"lazy\" srcset=\"https:\/\/zapatrzonawksiazki.pl\/wp-content\/uploads\/2021\/09\/pewnego-dnia-zostane-fantastykolozka-2-zaparzonawksiazki-pl.jpg 660w, https:\/\/zapatrzonawksiazki.pl\/wp-content\/uploads\/2021\/09\/pewnego-dnia-zostane-fantastykolozka-2-zaparzonawksiazki-pl-150x150.jpg 150w, https:\/\/zapatrzonawksiazki.pl\/wp-content\/uploads\/2021\/09\/pewnego-dnia-zostane-fantastykolozka-2-zaparzonawksiazki-pl-300x300.jpg 300w\" sizes=\"(max-width: 660px) 100vw, 660px\" \/><\/a>\n\t\t\t<\/div><\/figure><figure class='gallery-item'>\n\t\t\t<div class='gallery-icon landscape'>\n\t\t\t\t<a href='https:\/\/zapatrzonawksiazki.pl\/index.php\/2021\/07\/02\/pewnego-dnia-zostane-fantastykolozka-sylvia-douye\/pewnego-dnia-zostane-fantastykolozka-3-zaparzonawksiazki-pl\/'><img width=\"660\" height=\"660\" src=\"https:\/\/zapatrzonawksiazki.pl\/wp-content\/uploads\/2021\/09\/pewnego-dnia-zostane-fantastykolozka-3-zaparzonawksiazki-pl.jpg\" class=\"attachment-large size-large\" alt=\"\" decoding=\"async\" loading=\"lazy\" srcset=\"https:\/\/zapatrzonawksiazki.pl\/wp-content\/uploads\/2021\/09\/pewnego-dnia-zostane-fantastykolozka-3-zaparzonawksiazki-pl.jpg 660w, https:\/\/zapatrzonawksiazki.pl\/wp-content\/uploads\/2021\/09\/pewnego-dnia-zostane-fantastykolozka-3-zaparzonawksiazki-pl-150x150.jpg 150w, https:\/\/zapatrzonawksiazki.pl\/wp-content\/uploads\/2021\/09\/pewnego-dnia-zostane-fantastykolozka-3-zaparzonawksiazki-pl-300x300.jpg 300w\" sizes=\"(max-width: 660px) 100vw, 660px\" \/><\/a>\n\t\t\t<\/div><\/figure><figure class='gallery-item'>\n\t\t\t<div class='gallery-icon landscape'>\n\t\t\t\t<a href='https:\/\/zapatrzonawksiazki.pl\/index.php\/2021\/07\/02\/pewnego-dnia-zostane-fantastykolozka-sylvia-douye\/pewnego-dnia-zostane-fantastykolozka-4-zaparzonawksiazki-pl\/'><img width=\"660\" height=\"660\" src=\"https:\/\/zapatrzonawksiazki.pl\/wp-content\/uploads\/2021\/09\/pewnego-dnia-zostane-fantastykolozka-4-zaparzonawksiazki-pl.jpg\" class=\"attachment-large size-large\" alt=\"\" decoding=\"async\" loading=\"lazy\" srcset=\"https:\/\/zapatrzonawksiazki.pl\/wp-content\/uploads\/2021\/09\/pewnego-dnia-zostane-fantastykolozka-4-zaparzonawksiazki-pl.jpg 660w, https:\/\/zapatrzonawksiazki.pl\/wp-content\/uploads\/2021\/09\/pewnego-dnia-zostane-fantastykolozka-4-zaparzonawksiazki-pl-150x150.jpg 150w, https:\/\/zapatrzonawksiazki.pl\/wp-content\/uploads\/2021\/09\/pewnego-dnia-zostane-fantastykolozka-4-zaparzonawksiazki-pl-300x300.jpg 300w\" sizes=\"(max-width: 660px) 100vw, 660px\" \/><\/a>\n\t\t\t<\/div><\/figure>\n\t\t<\/div>\n\n<hr \/>\n<p style=\"text-align: center;\"><img decoding=\"async\" loading=\"lazy\" class=\"size-medium wp-image-5924 aligncenter\" src=\"http:\/\/zapatrzonawksiazki.pl\/wp-content\/uploads\/2021\/07\/duzeKa-300x151.jpg\" alt=\"\" width=\"300\" height=\"151\" srcset=\"https:\/\/zapatrzonawksiazki.pl\/wp-content\/uploads\/2021\/07\/duzeKa-300x151.jpg 300w, https:\/\/zapatrzonawksiazki.pl\/wp-content\/uploads\/2021\/07\/duzeKa.jpg 350w\" sizes=\"(max-width: 300px) 100vw, 300px\" \/><\/p>\n","protected":false},"excerpt":{"rendered":"<p>Ka\u017cdy z nas w pewnym momencie swojego \u017cycia chcia\u0142 mie\u0107 umiej\u0119tno\u015bci dostrzegania magicznych istot. Ba, podejrzewam nawet, \u017ce teraz czytaj\u0105c ma\u0142ym molom ksi\u0105\u017ckowym, u niekt\u00f3rych z nas owo pragnienie jest nadal intensywne. Tylko czy jest szansa na co\u015b tak fantastycznego w tym realistycznym \u015bwiecie? Zarys fabu\u0142y Czarolina to m\u0142oda dziewczyna, kt\u00f3ra zapisa\u0142a si\u0119 na letni [&hellip;]<\/p>\n","protected":false},"author":2,"featured_media":6064,"comment_status":"open","ping_status":"open","sticky":false,"template":"","format":"standard","meta":[],"categories":[1778,4],"tags":[20,61,121,12,17,1780,1779],"jetpack_featured_media_url":"https:\/\/zapatrzonawksiazki.pl\/wp-content\/uploads\/2021\/09\/pewnego-dnia-zostane-fantastykolozka-1-zaparzonawksiazki-pl.jpg","_links":{"self":[{"href":"https:\/\/zapatrzonawksiazki.pl\/index.php\/wp-json\/wp\/v2\/posts\/6062"}],"collection":[{"href":"https:\/\/zapatrzonawksiazki.pl\/index.php\/wp-json\/wp\/v2\/posts"}],"about":[{"href":"https:\/\/zapatrzonawksiazki.pl\/index.php\/wp-json\/wp\/v2\/types\/post"}],"author":[{"embeddable":true,"href":"https:\/\/zapatrzonawksiazki.pl\/index.php\/wp-json\/wp\/v2\/users\/2"}],"replies":[{"embeddable":true,"href":"https:\/\/zapatrzonawksiazki.pl\/index.php\/wp-json\/wp\/v2\/comments?post=6062"}],"version-history":[{"count":1,"href":"https:\/\/zapatrzonawksiazki.pl\/index.php\/wp-json\/wp\/v2\/posts\/6062\/revisions"}],"predecessor-version":[{"id":6068,"href":"https:\/\/zapatrzonawksiazki.pl\/index.php\/wp-json\/wp\/v2\/posts\/6062\/revisions\/6068"}],"wp:featuredmedia":[{"embeddable":true,"href":"https:\/\/zapatrzonawksiazki.pl\/index.php\/wp-json\/wp\/v2\/media\/6064"}],"wp:attachment":[{"href":"https:\/\/zapatrzonawksiazki.pl\/index.php\/wp-json\/wp\/v2\/media?parent=6062"}],"wp:term":[{"taxonomy":"category","embeddable":true,"href":"https:\/\/zapatrzonawksiazki.pl\/index.php\/wp-json\/wp\/v2\/categories?post=6062"},{"taxonomy":"post_tag","embeddable":true,"href":"https:\/\/zapatrzonawksiazki.pl\/index.php\/wp-json\/wp\/v2\/tags?post=6062"}],"curies":[{"name":"wp","href":"https:\/\/api.w.org\/{rel}","templated":true}]}}