{"id":5867,"date":"2021-05-17T20:40:35","date_gmt":"2021-05-17T18:40:35","guid":{"rendered":"http:\/\/zapatrzonawksiazki.pl\/?p=5867"},"modified":"2021-05-17T23:48:14","modified_gmt":"2021-05-17T21:48:14","slug":"magia-porwania-magdaleny-madon","status":"publish","type":"post","link":"https:\/\/zapatrzonawksiazki.pl\/index.php\/2021\/05\/17\/magia-porwania-magdaleny-madon\/","title":{"rendered":"Magia porwania Magdaleny Mado\u0144 [#zapowied\u017apatronacka]"},"content":{"rendered":"<p style=\"text-align: justify;\"><a href=\"http:\/\/www.facebook.com\/magiaporwaniaksiazka\">Magia porwania Magdaleny Mado\u0144<\/a> jest skierowana do m\u0142odzie\u017cy, ale ja uwielbiam odkrywa\u0107 ciekawe tytu\u0142y. Niezale\u017cnie od tego, kim jest docelowy czytelnik lubi\u0119 m\u00f3wi\u0107 o dobrych ksi\u0105\u017ckach, bo w\u0142a\u015bnie mo\u017ce kto\u015b trafi na moje polecenie i si\u0119gnie po dany tytu\u0142.<\/p>\n<p style=\"text-align: justify;\">Ten b\u0119d\u0119 poleca\u0107 szczeg\u00f3lnie mocno. Szykujcie si\u0119 na spam cytatowy, recenzyjny i\u2026 co mi tam jeszcze przyjdzie do g\u0142owy.<\/p>\n<h3 style=\"text-align: justify;\">Opis:<\/h3>\n<p style=\"text-align: justify;\"><em>Czternastoletnia Karina Mruczek boryka si\u0119 ze standardowymi problemami m\u0142odzie\u0144czego wieku. Koledzy za ni\u0105 nie przepadaj\u0105, w nauce osi\u0105ga przeci\u0119tne wyniki, a zapracowani rodzice nie zawsze j\u0105 rozumiej\u0105. <\/em><br \/>\n<em>Prze\u0142omem mo\u017ce okaza\u0107 si\u0119 konkurs z biologii, przy okazji kt\u00f3rego g\u0142\u00f3wna bohaterka odkrywa, czym jest prawdziwa przyja\u017a\u0144.<\/em><br \/>\n<em>Gdy wszystko zdaje si\u0119 w ko\u0144cu uk\u0142ada\u0107, wypadek przerywa dobr\u0105 pass\u0119 w \u017cyciu dziewczyny. Potem rzeczywisto\u015b\u0107 staje si\u0119 jeszcze bardziej tajemnicza&#8230; Karina zostaje uprowadzona do niesamowitej i mrocznej krainy.<\/em><br \/>\n<em>\u201eMagia porwania\u201d to historia o dorastaniu, o trudno\u015bciach, jakie mog\u0105 spotka\u0107 ka\u017cdego m\u0142odego cz\u0142owieka, po\u0142\u0105czona z klasyczn\u0105 opowie\u015bci\u0105 fantasy, gdzie magia jest wszechobecna. Ka\u017cdy ze \u015bwiat\u00f3w \u2013 magiczny czy nie \u2013 ma swoje zalety i wady, a uczenie si\u0119 \u017cycia i wzrastanie do doros\u0142o\u015bci nigdzie nie jest \u0142atwe. T\u0119 ksi\u0105\u017ck\u0119 powinien przeczyta\u0107 ka\u017cdy nastolatek.<\/em><\/p>\n<h3 style=\"text-align: justify;\">Metryczka<\/h3>\n<p style=\"text-align: justify;\"><strong>Autor: <\/strong>Magdalena Mado\u0144<br \/>\n<strong>Tytu\u0142:<\/strong> Magia porwania<br \/>\n<strong>Wydawnictwo:<\/strong> AlterNatywne<br \/>\n<strong>Wydanie:<\/strong> I<br \/>\n<strong>Data wydania:<\/strong> <span style=\"color: #ff0000;\"><strong>2021-06-14<\/strong><\/span><br \/>\n<strong>Kategoria:<\/strong> YA, fantasy<br \/>\n<strong>ISBN:<\/strong> 978-83-66533-04-2<br \/>\n<strong>Liczba stron:<\/strong> 199<\/p>\n","protected":false},"excerpt":{"rendered":"<p>Magia porwania Magdaleny Mado\u0144 jest skierowana do m\u0142odzie\u017cy, ale ja uwielbiam odkrywa\u0107 ciekawe tytu\u0142y. Niezale\u017cnie od tego, kim jest docelowy czytelnik lubi\u0119 m\u00f3wi\u0107 o dobrych ksi\u0105\u017ckach, bo w\u0142a\u015bnie mo\u017ce kto\u015b trafi na moje polecenie i si\u0119gnie po dany tytu\u0142. Ten b\u0119d\u0119 poleca\u0107 szczeg\u00f3lnie mocno. Szykujcie si\u0119 na spam cytatowy, recenzyjny i\u2026 co mi tam jeszcze [&hellip;]<\/p>\n","protected":false},"author":2,"featured_media":5868,"comment_status":"open","ping_status":"open","sticky":false,"template":"","format":"standard","meta":[],"categories":[1433],"tags":[26],"jetpack_featured_media_url":"https:\/\/zapatrzonawksiazki.pl\/wp-content\/uploads\/2021\/05\/magia-porwania-zapatrzonawksiazki-pl.jpg","_links":{"self":[{"href":"https:\/\/zapatrzonawksiazki.pl\/index.php\/wp-json\/wp\/v2\/posts\/5867"}],"collection":[{"href":"https:\/\/zapatrzonawksiazki.pl\/index.php\/wp-json\/wp\/v2\/posts"}],"about":[{"href":"https:\/\/zapatrzonawksiazki.pl\/index.php\/wp-json\/wp\/v2\/types\/post"}],"author":[{"embeddable":true,"href":"https:\/\/zapatrzonawksiazki.pl\/index.php\/wp-json\/wp\/v2\/users\/2"}],"replies":[{"embeddable":true,"href":"https:\/\/zapatrzonawksiazki.pl\/index.php\/wp-json\/wp\/v2\/comments?post=5867"}],"version-history":[{"count":1,"href":"https:\/\/zapatrzonawksiazki.pl\/index.php\/wp-json\/wp\/v2\/posts\/5867\/revisions"}],"predecessor-version":[{"id":5869,"href":"https:\/\/zapatrzonawksiazki.pl\/index.php\/wp-json\/wp\/v2\/posts\/5867\/revisions\/5869"}],"wp:featuredmedia":[{"embeddable":true,"href":"https:\/\/zapatrzonawksiazki.pl\/index.php\/wp-json\/wp\/v2\/media\/5868"}],"wp:attachment":[{"href":"https:\/\/zapatrzonawksiazki.pl\/index.php\/wp-json\/wp\/v2\/media?parent=5867"}],"wp:term":[{"taxonomy":"category","embeddable":true,"href":"https:\/\/zapatrzonawksiazki.pl\/index.php\/wp-json\/wp\/v2\/categories?post=5867"},{"taxonomy":"post_tag","embeddable":true,"href":"https:\/\/zapatrzonawksiazki.pl\/index.php\/wp-json\/wp\/v2\/tags?post=5867"}],"curies":[{"name":"wp","href":"https:\/\/api.w.org\/{rel}","templated":true}]}}