{"id":5623,"date":"2020-10-09T20:11:43","date_gmt":"2020-10-09T18:11:43","guid":{"rendered":"http:\/\/zapatrzonawksiazki.pl\/?p=5623"},"modified":"2020-10-10T22:21:36","modified_gmt":"2020-10-10T20:21:36","slug":"klatwa-ruin-magdalena-wala","status":"publish","type":"post","link":"https:\/\/zapatrzonawksiazki.pl\/index.php\/2020\/10\/09\/klatwa-ruin-magdalena-wala\/","title":{"rendered":"Kl\u0105twa ruin Magdalena Wala"},"content":{"rendered":"<blockquote>\n<p style=\"text-align: justify;\">Dom tworz\u0105 ludzie. Mo\u017cna przebole\u0107 utrat\u0119 maj\u0105tku i zwi\u0105zanych z nim wa\u017cnych pami\u0105tek, jednak dop\u00f3ki \u017cyj\u0105 ci, kt\u00f3rych kochamy, zawsze mo\u017cna zbudowa\u0107 ca\u0142kiem nowy dom.*<\/p>\n<\/blockquote>\n<p style=\"text-align: justify;\"><img decoding=\"async\" loading=\"lazy\" class=\"size-medium wp-image-5625 alignleft\" src=\"http:\/\/zapatrzonawksiazki.pl\/wp-content\/uploads\/2020\/10\/klatwa-ruin-w-iext59681923-214x300.jpg\" alt=\"\" width=\"214\" height=\"300\" srcset=\"https:\/\/zapatrzonawksiazki.pl\/wp-content\/uploads\/2020\/10\/klatwa-ruin-w-iext59681923-214x300.jpg 214w, https:\/\/zapatrzonawksiazki.pl\/wp-content\/uploads\/2020\/10\/klatwa-ruin-w-iext59681923.jpg 250w\" sizes=\"(max-width: 214px) 100vw, 214px\" \/>By\u0142y kiedy\u015b czasy, gdy bardzo powa\u017cnie traktowano podzia\u0142 na klasy spo\u0142eczne. Nie dbano te\u017c o uczucia. Ma\u0142\u017ce\u0144stwa by\u0142y raczej dobrze przemy\u015blan\u0105 transakcj\u0105, bo szlachcianka wychodzi\u0142a za m\u0105\u017c za maj\u0119tnego Pana ziem. Zwi\u0105zek mi\u0119dzy kim\u015b bogatym i biednym by\u0142 czym\u015b nie do pomy\u015blenia, bez szans na szcz\u0119\u015bliwe zako\u0144czenie. Tylko czy zawsze?<\/p>\n<h4 style=\"text-align: justify;\">Zarys fabu\u0142y<\/h4>\n<p style=\"text-align: justify;\">Aniela jest ch\u0142opk\u0105, ale dzi\u0119ki protekcji zdoby\u0142a wykszta\u0142cenie. Dzi\u0119ki temu mo\u017ce pracowa\u0107 jako panna do towarzystwa. Zostaje zatrudniona przez pani\u0105 Strumi\u0144sk\u0105 na dworze w Olszowej. Jej chlebodawczyni za ni\u0105 nie przepada i jawnie to okazuje, ch\u0142opka nie tylko towarzyszy domownikom, ale czasami ci\u0119\u017cko pracuje jako s\u0142u\u017c\u0105ca, zarz\u0105dca i ekonom. Zna swoje miejsce i stara si\u0119 by\u0107 niewidoczna. Utrudnia jej to nieco porucznik Rafa\u0142 Miel\u017cy\u0144ski &#8211; krewny pani na Olszowej &#8211; kt\u00f3ry robi wszystko, by Aniela zwr\u00f3ci\u0142a na niego uwag\u0119. Wbrew konwenansom i niech\u0119tnej postawie m\u0142odej kobiety nieustannie do niej zagaduje i wykorzystuje ka\u017cd\u0105 chwil\u0119, by poby\u0107 z ni\u0105 sam na sam. W czasie jednej z takich sytuacji opowiada Anieli legend\u0119 pewnego zamczyska i czuje, \u017ce uda\u0142o mu si\u0119 cho\u0107 troch\u0119 do niej zbli\u017cy\u0107. Tylko czy to wystarczy, by Rafa\u0142 zdoby\u0142 serce m\u0142odej ch\u0142opki i jej pewno\u015b\u0107, \u017ce pomimo przeszk\u00f3d uda si\u0119 im by\u0107 razem?<\/p>\n<p style=\"text-align: justify;\">Magdalena Wala jest jedn\u0105 z polskich pisarek, po kt\u00f3rej ksi\u0105\u017cki mog\u0119 si\u0119ga\u0107 w ciemno. Lubi\u0119 jej styl pisania i tworzone przez ni\u0105 historie, a \u017ce dawno nie czyta\u0142am nic spod jej pi\u00f3ra, to <em>Kl\u0105twa ruin<\/em> okaza\u0142a si\u0119 mi\u0142ym przypomnieniem tego, co autorka oferuje swoim czytelnikom.<\/p>\n<h4 style=\"text-align: justify;\">Moje przemy\u015blenia<\/h4>\n<p style=\"text-align: justify;\">Ju\u017c od pierwszych stron wida\u0107, \u017ce Magdalena Wala zadba\u0142a o realizm przedstawionych w powie\u015bci czas\u00f3w. I nie m\u00f3wi\u0119 tu tylko o sposobie wys\u0142awiania si\u0119 czy opisu zwyczaj\u00f3w. Rzetelnie pokazuj\u0119 jak \u017cy\u0142a Szlachta, a jak ch\u0142opi. Jednak najciekawsze dla mnie by\u0142o pokazanie wojny z ca\u0142kowicie innej strony. Nie z pola walki, a w\u0142a\u015bnie z punktu widzenia tych, kt\u00f3rzy nie walczyli. Niby gdzie\u015b z boku i z dala od bitew, ale dotkni\u0119ci wojn\u0105, jak wszyscy. Gro\u017aba utraty dopiero co odzyskanej niepodleg\u0142o\u015bci ci\u0105\u017cy\u0142a wszystkim, zw\u0142aszcza gdy ch\u0142opi garn\u0119li si\u0119 do buntu przez obietnice r\u00f3wnego traktowania. Czu\u0107 tutaj niepok\u00f3j i trudy wojny, ale ca\u0142o\u015b\u0107 zosta\u0142a opisana lekko i bez zb\u0119dnego przyt\u0142aczania. Ot, by przypomnie\u0107 to, o czym powinni\u015bmy pami\u0119ta\u0107.<\/p>\n<p style=\"text-align: justify;\">Wszak to tylko t\u0142o dla los\u00f3w Anieli, dzi\u0119ki kt\u00f3rej poznawa\u0142am jej losy oraz obecne wydarzenia. <em>Kl\u0105twa ruin<\/em> zachwyci\u0142a mnie nie tylko tym, jak dobrze autorka odwzorowuje tamte czasy, ale r\u00f3wnie\u017c emocjami, poczuciem humoru oraz lekko\u015bci\u0105 j\u0119zyka. Magdalena Wala stworzy\u0142a powie\u015b\u0107 obyczajow\u0105 z historycznym t\u0142em, w kt\u00f3rej brak nag\u0142ych zwrot\u00f3w akcji, ale w \u017cadnym wypadku nie jest to minus ksi\u0105\u017cki. W tym przypadku wygrywa ca\u0142a reszta, sp\u00f3jno\u015b\u0107 wydarze\u0144, emocje i kie\u0142kuj\u0105ce powoli uczucie. Pewna kl\u0105twa, tajemnicze losy i przesz\u0142o\u015b\u0107 Anieli.<\/p>\n<h4 style=\"text-align: justify;\">S\u0142\u00f3w kilka o bohaterach<\/h4>\n<p style=\"text-align: justify;\">Zawsze lubi\u0142am postacie stworzone przez autork\u0119 i tym razem nie jest inaczej. Ka\u017cdy z bohater\u00f3w to inny charakter i \u0142atwo mi by\u0142o si\u0119 domy\u015bli\u0107, kto jest kim. Zar\u00f3wno Aniele, jak i Rafa\u0142a polubi\u0142am od razu. Tacy naturalni, r\u00f3\u017cni, a jednak idealnie pasuj\u0105cy do siebie. Rafa\u0142 zaplusowa\u0142 swoj\u0105 postaw\u0105 oraz pogl\u0105dami. Jest \u015bwiadomy, \u017ce nie klasa spo\u0142eczna stanowi o warto\u015bci cz\u0142owieka, a to jaki on jest. No i jego podej\u015bcie do Anieli, ach, no na sam\u0105 my\u015bl mam w brzuchu stado motylk\u00f3w.<\/p>\n<h4 style=\"text-align: justify;\">Na zako\u0144czenie<\/h4>\n<p style=\"text-align: justify;\"><em>Kl\u0105twa ruin<\/em> to ksi\u0105\u017cka na raz. Czyta\u0142o mi si\u0119 j\u0105 niebywale szybko i z ogromnym zainteresowaniem. Od pierwszych zda\u0144 zosta\u0142am wci\u0105gni\u0119ta w fabu\u0142\u0119 i nie mog\u0142am si\u0119 od niej oderwa\u0107. Zdradz\u0119 wam nawet, \u017ce raz czy dwa wraca\u0142am do jakiej sceny, bo zachwyca\u0142a mnie jej subtelno\u015b\u0107 oraz moc uczu\u0107 zawarta w nie\u015bmia\u0142ych gestach i s\u0142owach. Magdalena Wala ponownie oczarowa\u0142a mnie swoim stylem, umiej\u0119tno\u015bci\u0105 przekazywania w tak fajny spos\u00f3b wiedzy o \u017cyciu w dawnych czasach. No i co najwa\u017cniejsze, przypomina nam, \u017ce nie wa\u017cne, co mo\u017ce dzieli\u0107 dwoje ludzi, to prawdziwa mi\u0142o\u015b\u0107 czy przyja\u017a\u0144 zawsze wygra. Ma\u0142o mi tej ksi\u0105\u017cki, tak szybko si\u0119 sko\u0144czy\u0142a. Ch\u0119tnie poczyta\u0142abym jeszcze troch\u0119 rozm\u00f3w Anieli z Rafa\u0142em, bo uwielbiam ich przepychanki s\u0142owne. Wr\u00f3c\u0119 do niej jeszcze nie raz.<\/p>\n<p style=\"text-align: justify;\">Moim zdaniem <em>Kl\u0105twa ruin<\/em> spodoba si\u0119 ka\u017cdemu czytelnikowi, kt\u00f3ry lubi powie\u015bci obyczajowe z historycznym t\u0142em. W kt\u00f3rych trudy \u017cycia codziennego przeplataj\u0105 si\u0119 ze smutkami, rado\u015bciami oraz subtelnym w\u0105tkiem mi\u0142osnym. Ja polecam z ca\u0142ego serca.<\/p>\n<p style=\"text-align: justify;\"><strong>Autor:<\/strong> Magdalena Wala<br \/>\n<strong>Tytu\u0142:<\/strong> <a href=\"https:\/\/www.taniaksiazka.pl\/klatwa-ruin-magdalena-wala-p-1391074.html\">Kl\u0105twa ruin<\/a><br \/>\n<strong>Wydawnictwo:<\/strong> Ksi\u0105\u017cnica<br \/>\n<strong>Wydanie:<\/strong> I<br \/>\n<strong>Data wydania:<\/strong> 2020-07-15<br \/>\n<strong>Kategoria:<\/strong> obyczajowa, historyczna, <a href=\"https:\/\/www.taniaksiazka.pl\/ksiazki-dla-kobiet-c-88.html\">ksi\u0105\u017cki dla kobiet<\/a><br \/>\n<strong>ISBN:<\/strong> 9788324584451<br \/>\n<strong>Liczba stron:<\/strong> 298<br \/>\n<strong>Ocena:<\/strong> 8\/10<\/p>\n","protected":false},"excerpt":{"rendered":"<p>Dom tworz\u0105 ludzie. Mo\u017cna przebole\u0107 utrat\u0119 maj\u0105tku i zwi\u0105zanych z nim wa\u017cnych pami\u0105tek, jednak dop\u00f3ki \u017cyj\u0105 ci, kt\u00f3rych kochamy, zawsze mo\u017cna zbudowa\u0107 ca\u0142kiem nowy dom.* By\u0142y kiedy\u015b czasy, gdy bardzo powa\u017cnie traktowano podzia\u0142 na klasy spo\u0142eczne. Nie dbano te\u017c o uczucia. Ma\u0142\u017ce\u0144stwa by\u0142y raczej dobrze przemy\u015blan\u0105 transakcj\u0105, bo szlachcianka wychodzi\u0142a za m\u0105\u017c za maj\u0119tnego Pana [&hellip;]<\/p>\n","protected":false},"author":2,"featured_media":5624,"comment_status":"open","ping_status":"open","sticky":false,"template":"","format":"standard","meta":[],"categories":[5,4],"tags":[20,98,140,42,17,235,1389],"jetpack_featured_media_url":"https:\/\/zapatrzonawksiazki.pl\/wp-content\/uploads\/2020\/10\/klatwa-ruin-zapatrzonawksiazki-pl.jpg","_links":{"self":[{"href":"https:\/\/zapatrzonawksiazki.pl\/index.php\/wp-json\/wp\/v2\/posts\/5623"}],"collection":[{"href":"https:\/\/zapatrzonawksiazki.pl\/index.php\/wp-json\/wp\/v2\/posts"}],"about":[{"href":"https:\/\/zapatrzonawksiazki.pl\/index.php\/wp-json\/wp\/v2\/types\/post"}],"author":[{"embeddable":true,"href":"https:\/\/zapatrzonawksiazki.pl\/index.php\/wp-json\/wp\/v2\/users\/2"}],"replies":[{"embeddable":true,"href":"https:\/\/zapatrzonawksiazki.pl\/index.php\/wp-json\/wp\/v2\/comments?post=5623"}],"version-history":[{"count":2,"href":"https:\/\/zapatrzonawksiazki.pl\/index.php\/wp-json\/wp\/v2\/posts\/5623\/revisions"}],"predecessor-version":[{"id":5627,"href":"https:\/\/zapatrzonawksiazki.pl\/index.php\/wp-json\/wp\/v2\/posts\/5623\/revisions\/5627"}],"wp:featuredmedia":[{"embeddable":true,"href":"https:\/\/zapatrzonawksiazki.pl\/index.php\/wp-json\/wp\/v2\/media\/5624"}],"wp:attachment":[{"href":"https:\/\/zapatrzonawksiazki.pl\/index.php\/wp-json\/wp\/v2\/media?parent=5623"}],"wp:term":[{"taxonomy":"category","embeddable":true,"href":"https:\/\/zapatrzonawksiazki.pl\/index.php\/wp-json\/wp\/v2\/categories?post=5623"},{"taxonomy":"post_tag","embeddable":true,"href":"https:\/\/zapatrzonawksiazki.pl\/index.php\/wp-json\/wp\/v2\/tags?post=5623"}],"curies":[{"name":"wp","href":"https:\/\/api.w.org\/{rel}","templated":true}]}}