{"id":5435,"date":"2020-04-14T07:13:58","date_gmt":"2020-04-14T05:13:58","guid":{"rendered":"http:\/\/zapatrzonawksiazki.pl\/?p=5435"},"modified":"2020-06-29T07:23:12","modified_gmt":"2020-06-29T05:23:12","slug":"morze-ciche-van-haele-jaroen","status":"publish","type":"post","link":"https:\/\/zapatrzonawksiazki.pl\/index.php\/2020\/04\/14\/morze-ciche-van-haele-jaroen\/","title":{"rendered":"Morze Ciche Van Haele Jaroen"},"content":{"rendered":"<blockquote>\n<p style=\"text-align: justify;\">Wdrapi\u0119 si\u0119 wy\u017cej ni\u017c ska\u0142a aby napotka\u0107 s\u0142owa &#8211; wypowiedziane przez wiatr i wy\u015bpiewane przez morze.*<\/p>\n<\/blockquote>\n<p style=\"text-align: justify;\"><img decoding=\"async\" loading=\"lazy\" class=\"size-medium wp-image-5437 alignleft\" src=\"http:\/\/zapatrzonawksiazki.pl\/wp-content\/uploads\/2020\/06\/morze-ciche-w-iext47697685-206x300.jpg\" alt=\"\" width=\"206\" height=\"300\" srcset=\"https:\/\/zapatrzonawksiazki.pl\/wp-content\/uploads\/2020\/06\/morze-ciche-w-iext47697685-206x300.jpg 206w, https:\/\/zapatrzonawksiazki.pl\/wp-content\/uploads\/2020\/06\/morze-ciche-w-iext47697685.jpg 240w\" sizes=\"(max-width: 206px) 100vw, 206px\" \/>Dzieci my\u015bl\u0105 inaczej ni\u017c doro\u015bli. Dla nich wszystko jest prostsze, nie komplikuj\u0105 wydumanymi domys\u0142ami i analizowaniem. T\u0142umacz\u0105 sobie \u015bwiat po swojemu. Pr\u00f3buj\u0105 zrozumie\u0107 w\u0142asne braki i emocje doros\u0142ych wywo\u0142ane tym stanem. Staraj\u0105 si\u0119 poj\u0105\u0107, czemu \u015bwiat jest niedoskona\u0142y.<\/p>\n<h4 style=\"text-align: justify;\">Zarys fabu\u0142y<\/h4>\n<p style=\"text-align: justify;\">Emilio to ma\u0142y ch\u0142opiec, kt\u00f3ry nie s\u0142yszy od urodzenia. Nie ma \u0142atwego \u017cycia, dla wi\u0119kszo\u015bci os\u00f3b jest \u201ewybrakowanym\u201d dzieckiem. Nawet \u201estary\u201d potrafi si\u0119 z niego \u015bmia\u0107 i wytyka\u0107 mu, \u017ce jest g\u0142upi. Jedynie troch\u0119 mi\u0142o\u015bci i zrozumienia otrzymuje od matki oraz starego sklepikarza Javiera. Szczeg\u00f3lnie dobry kontakt ma z m\u0119\u017cczyzn\u0105. Rozumie on ch\u0142opca, jest wobec niego cierpliwy, obdarza ciep\u0142em i ch\u0119ci\u0105 pokazania \u015bwiata. To dzi\u0119ki Javierowi Emilio pomimo g\u0142uchoty \u201es\u0142yszy\u201d szum morza. Dzi\u0119ki niemu jest mu l\u017cej, ale los bywa przewrotny i nic nie mo\u017ce wiecznie trwa\u0107. Co jeszcze czeka ch\u0142opca i jak sobie z tym poradzi?<\/p>\n<p style=\"text-align: justify;\">Szczerze m\u00f3wi\u0105c, nie wiem, jak <em>Morze ciche<\/em> trafi\u0142o na moj\u0105 p\u00f3\u0142k\u0119 i wed\u0142ug wielu b\u0119dzie uwa\u017cane ju\u017c za stare. Ksi\u0105\u017ck\u0119 wydano w 2017 roku, a ja niedawno wyszpera\u0142am j\u0105 z czelu\u015bci rega\u0142u. Niby dla dzieci, ale co\u015b mnie tkn\u0119\u0142o i najpierw sama si\u0119 z ni\u0105 zapozna\u0142am. Jakie s\u0105 moje wra\u017cenia?<\/p>\n<h4 style=\"text-align: justify;\">Moje przemy\u015blenia<\/h4>\n<p style=\"text-align: justify;\"><em>Morze ciche<\/em> jest skierowane do dzieci od 6 do 14 roku \u017cycia. Musz\u0119 przyzna\u0107, \u017ce mam z tym pewien problem, bo jest to ksi\u0105\u017cka bardzo metaforyczna i trudna. W sensie wiecie, czytelnicy w tym wieku mog\u0105 mie\u0107 spory problem ze zrozumieniem, tego, co Van Haele Jaroen pragnie przekaza\u0107. Autor chce pokaza\u0107 tutaj, jak r\u00f3\u017cne jest my\u015blenie dziecka i doros\u0142ego, ale wydaje mi si\u0119, \u017ce trzeba pami\u0119ta\u0107, i\u017c nie ka\u017cdy m\u0142ody czytelnik mo\u017ce tak artystycznie, czy poetycko patrze\u0107 na \u015bwiat. Poruszony zosta\u0142 tutaj temat akceptacji dziecka niepe\u0142nosprawnego. Pokazanie, jak r\u00f3\u017cnie reaguj\u0105 ludzie i jak takie dziecko mo\u017ce si\u0119 czu\u0107. Jak ka\u017cdy czuj\u0119 potrzeb\u0119 bycia kochanym, akceptowanym przez otoczenie i samego siebie. Tego drugiego mo\u017ce niestety pocz\u0105tkowo nauczy\u0107 tylko doros\u0142y. Zaznacza si\u0142\u0119 odrzucenia przez spo\u0142ecze\u0144stwo, bo g\u00f3r\u0119 bierze dyskryminacja, brak akceptacji czy strach przed inno\u015bci\u0105.<\/p>\n<h4 style=\"text-align: justify;\">Bohaterowie<\/h4>\n<p style=\"text-align: justify;\">Van Haele Jaroen na zaledwie 80 stronach i przy pomocy niewielu zda\u0144 stworzy\u0142 spor\u0105 ilo\u015b\u0107 postaci. Zadba\u0142 o to, by ka\u017cdy by\u0142 inny i pokazywa\u0142 wi\u0119kszo\u015b\u0107 reakcji ludzi przebywaj\u0105cych z nies\u0142ysz\u0105c\u0105 osob\u0105. Co wa\u017cniejsze, opisa\u0142, co czuje taka osoba. Jak straszna mo\u017ce by\u0107 cisza, jak boli odrzucenie przez najbli\u017cszych i o ile trudniejsze staj\u0105 si\u0119 czasem proste rzeczy. Czu\u0142am jego osamotnienie, brak wiary w siebie, \u017cal, smutek, ale i rado\u015b\u0107 oraz mi\u0142o\u015b\u0107.<\/p>\n<h4 style=\"text-align: justify;\">Moja opinia<\/h4>\n<p style=\"text-align: justify;\">Rozumiem, co chcia\u0142 przekaza\u0107 Van Haele Jaroen, trafi\u0142o to do mnie i poruszy\u0142o moje serce. <em>Morze ciche<\/em> daje do my\u015blenia, zatrzymuje nas w p\u00f3\u0142 kroku i pozwala chocia\u017c troch\u0119 zajrze\u0107 do \u015bwiata osoby nies\u0142ysz\u0105cej, zobaczy\u0107 jak to jest. Z czym musz\u0105 si\u0119 zmaga\u0107 i ile ich omija. Nie ma tu du\u017co tre\u015bci, tekst jest do\u015b\u0107 du\u017cy, ale to, co ukryte pomi\u0119dzy s\u0142owami m\u00f3wi du\u017co wi\u0119cej. Klimatu ksi\u0105\u017cce dodaj\u0105 przepi\u0119kne ilustracje autorstwa Sabien Clement. B\u0119d\u0119 jednak upiera\u0107 si\u0119, \u017ce to pozycja dla nieco starszych dzieci. Nie przecz\u0119 oczywi\u015bcie, \u017ce i docelowi odbiorcy jej nie zrozumiej\u0105. My\u015bl\u0119, \u017ce to zale\u017cy od stopnia dojrza\u0142o\u015bci i tego, jak emocjonalne jest dziecko.<\/p>\n<h4 style=\"text-align: justify;\">Podsumowanie<\/h4>\n<p style=\"text-align: justify;\"><em>Morze ciche<\/em> oczarowa\u0142o mnie swoim klimatem i przekazem. Sk\u0142oni\u0142o do powolnego czytania i wy\u0142apywania tych ukrytych niuans\u00f3w. My\u015bl\u0119, \u017ce warto mie\u0107 ten tytu\u0142 na p\u00f3\u0142ce i w pewnym momencie podsun\u0105\u0107 m\u0142odemu czytelnikowi. Za pierwszym razem najwy\u017cej doceni rozrywkowe plusy ksi\u0105\u017cki, a po wi\u0119cej wr\u00f3ci do niego w odpowiednim dla siebie czasie.<\/p>\n<p style=\"text-align: justify;\"><strong>Autor:<\/strong> Van Haele Jaroen<br \/>\n<strong>Tytu\u0142:<\/strong> Morze Ciche<br \/>\n<strong>Wydawnictwo:<\/strong> Nasza Ksi\u0119garnia<br \/>\n<strong>Wydanie:<\/strong> II<br \/>\n<strong>Data wydania:<\/strong> 2017-02-08<br \/>\n<strong>Kategoria:<\/strong> lit. dzieci\u0119ca<br \/>\n<strong>ISBN:<\/strong> 9788310112545<br \/>\n<strong>Liczba stron:<\/strong> 80<br \/>\n<strong>Ocena:<\/strong> 6\/10<\/p>\n<div id='gallery-1' class='gallery galleryid-5435 gallery-columns-3 gallery-size-full'><figure class='gallery-item'>\n\t\t\t<div class='gallery-icon landscape'>\n\t\t\t\t<a href='https:\/\/zapatrzonawksiazki.pl\/index.php\/2020\/04\/14\/morze-ciche-van-haele-jaroen\/morze-ciche-3-zapatrzonawksiazki-pl\/'><img width=\"660\" height=\"660\" src=\"https:\/\/zapatrzonawksiazki.pl\/wp-content\/uploads\/2020\/06\/morze-ciche-3-zapatrzonawksiazki-pl.jpg\" class=\"attachment-full size-full\" alt=\"\" decoding=\"async\" loading=\"lazy\" srcset=\"https:\/\/zapatrzonawksiazki.pl\/wp-content\/uploads\/2020\/06\/morze-ciche-3-zapatrzonawksiazki-pl.jpg 660w, https:\/\/zapatrzonawksiazki.pl\/wp-content\/uploads\/2020\/06\/morze-ciche-3-zapatrzonawksiazki-pl-150x150.jpg 150w, https:\/\/zapatrzonawksiazki.pl\/wp-content\/uploads\/2020\/06\/morze-ciche-3-zapatrzonawksiazki-pl-300x300.jpg 300w\" sizes=\"(max-width: 660px) 100vw, 660px\" \/><\/a>\n\t\t\t<\/div><\/figure><figure class='gallery-item'>\n\t\t\t<div class='gallery-icon landscape'>\n\t\t\t\t<a href='https:\/\/zapatrzonawksiazki.pl\/index.php\/2020\/04\/14\/morze-ciche-van-haele-jaroen\/morze-ciche-1-zapatrzonawksiazki-pl\/'><img width=\"660\" height=\"660\" src=\"https:\/\/zapatrzonawksiazki.pl\/wp-content\/uploads\/2020\/06\/morze-ciche-1-zapatrzonawksiazki-pl.jpg\" class=\"attachment-full size-full\" alt=\"\" decoding=\"async\" loading=\"lazy\" srcset=\"https:\/\/zapatrzonawksiazki.pl\/wp-content\/uploads\/2020\/06\/morze-ciche-1-zapatrzonawksiazki-pl.jpg 660w, https:\/\/zapatrzonawksiazki.pl\/wp-content\/uploads\/2020\/06\/morze-ciche-1-zapatrzonawksiazki-pl-150x150.jpg 150w, https:\/\/zapatrzonawksiazki.pl\/wp-content\/uploads\/2020\/06\/morze-ciche-1-zapatrzonawksiazki-pl-300x300.jpg 300w\" sizes=\"(max-width: 660px) 100vw, 660px\" \/><\/a>\n\t\t\t<\/div><\/figure><figure class='gallery-item'>\n\t\t\t<div class='gallery-icon landscape'>\n\t\t\t\t<a href='https:\/\/zapatrzonawksiazki.pl\/index.php\/2020\/04\/14\/morze-ciche-van-haele-jaroen\/morze-ciche-2-zapatrzonawksiazki-pl\/'><img width=\"660\" height=\"660\" src=\"https:\/\/zapatrzonawksiazki.pl\/wp-content\/uploads\/2020\/06\/morze-ciche-2-zapatrzonawksiazki-pl.jpg\" class=\"attachment-full size-full\" alt=\"\" decoding=\"async\" loading=\"lazy\" srcset=\"https:\/\/zapatrzonawksiazki.pl\/wp-content\/uploads\/2020\/06\/morze-ciche-2-zapatrzonawksiazki-pl.jpg 660w, https:\/\/zapatrzonawksiazki.pl\/wp-content\/uploads\/2020\/06\/morze-ciche-2-zapatrzonawksiazki-pl-150x150.jpg 150w, https:\/\/zapatrzonawksiazki.pl\/wp-content\/uploads\/2020\/06\/morze-ciche-2-zapatrzonawksiazki-pl-300x300.jpg 300w\" sizes=\"(max-width: 660px) 100vw, 660px\" \/><\/a>\n\t\t\t<\/div><\/figure>\n\t\t<\/div>\n\n","protected":false},"excerpt":{"rendered":"<p>Wdrapi\u0119 si\u0119 wy\u017cej ni\u017c ska\u0142a aby napotka\u0107 s\u0142owa &#8211; wypowiedziane przez wiatr i wy\u015bpiewane przez morze.* Dzieci my\u015bl\u0105 inaczej ni\u017c doro\u015bli. Dla nich wszystko jest prostsze, nie komplikuj\u0105 wydumanymi domys\u0142ami i analizowaniem. T\u0142umacz\u0105 sobie \u015bwiat po swojemu. Pr\u00f3buj\u0105 zrozumie\u0107 w\u0142asne braki i emocje doros\u0142ych wywo\u0142ane tym stanem. Staraj\u0105 si\u0119 poj\u0105\u0107, czemu \u015bwiat jest niedoskona\u0142y. Zarys [&hellip;]<\/p>\n","protected":false},"author":2,"featured_media":5436,"comment_status":"open","ping_status":"open","sticky":false,"template":"","format":"standard","meta":[],"categories":[5,4],"tags":[],"jetpack_featured_media_url":"https:\/\/zapatrzonawksiazki.pl\/wp-content\/uploads\/2020\/06\/morze-ciche-zapatrzonawksiazki-pl.jpeg","_links":{"self":[{"href":"https:\/\/zapatrzonawksiazki.pl\/index.php\/wp-json\/wp\/v2\/posts\/5435"}],"collection":[{"href":"https:\/\/zapatrzonawksiazki.pl\/index.php\/wp-json\/wp\/v2\/posts"}],"about":[{"href":"https:\/\/zapatrzonawksiazki.pl\/index.php\/wp-json\/wp\/v2\/types\/post"}],"author":[{"embeddable":true,"href":"https:\/\/zapatrzonawksiazki.pl\/index.php\/wp-json\/wp\/v2\/users\/2"}],"replies":[{"embeddable":true,"href":"https:\/\/zapatrzonawksiazki.pl\/index.php\/wp-json\/wp\/v2\/comments?post=5435"}],"version-history":[{"count":1,"href":"https:\/\/zapatrzonawksiazki.pl\/index.php\/wp-json\/wp\/v2\/posts\/5435\/revisions"}],"predecessor-version":[{"id":5441,"href":"https:\/\/zapatrzonawksiazki.pl\/index.php\/wp-json\/wp\/v2\/posts\/5435\/revisions\/5441"}],"wp:featuredmedia":[{"embeddable":true,"href":"https:\/\/zapatrzonawksiazki.pl\/index.php\/wp-json\/wp\/v2\/media\/5436"}],"wp:attachment":[{"href":"https:\/\/zapatrzonawksiazki.pl\/index.php\/wp-json\/wp\/v2\/media?parent=5435"}],"wp:term":[{"taxonomy":"category","embeddable":true,"href":"https:\/\/zapatrzonawksiazki.pl\/index.php\/wp-json\/wp\/v2\/categories?post=5435"},{"taxonomy":"post_tag","embeddable":true,"href":"https:\/\/zapatrzonawksiazki.pl\/index.php\/wp-json\/wp\/v2\/tags?post=5435"}],"curies":[{"name":"wp","href":"https:\/\/api.w.org\/{rel}","templated":true}]}}