{"id":543,"date":"2014-07-13T21:55:00","date_gmt":"2014-07-13T21:55:00","guid":{"rendered":"http:\/\/zapatrzonawksiazki.pl\/index.php\/2014\/07\/13\/uginaja-sie-regay-202014\/"},"modified":"2018-10-07T00:30:10","modified_gmt":"2018-10-07T00:30:10","slug":"uginaja-sie-regay-202014","status":"publish","type":"post","link":"https:\/\/zapatrzonawksiazki.pl\/index.php\/2014\/07\/13\/uginaja-sie-regay-202014\/","title":{"rendered":"Uginaj\u0105 si\u0119 rega\u0142y #20\/2014"},"content":{"rendered":"<div style=\"text-align: justify;\">\n<i>No i pojechali, dwa tygodnie min\u0119\u0142y nie wiadomo kiedy. By\u0142o du\u017co \u015bmiechu, wspominania i z\u0142orzeczenia na pogod\u0119. \ud83d\ude42 Ostatecznie, za trzecim podej\u015bciem uda\u0142o nam si\u0119 wybra\u0107 do kina (&#8220;Jak wytresowa\u0107 smoka 2&#8221;) i seans okaza\u0142 si\u0119 bardzo udany. Warto by\u0142o i\u015b\u0107. \ud83d\ude09<\/i><br \/>\n<i>No ale teraz w ko\u0144cu b\u0119d\u0119 mia\u0142a wi\u0119cej czasu i od dzi\u015b powracam z regularnymi notatkami. Jako, \u017ce przez dwa tygodnie przysz\u0142o do mnie kilka ksi\u0105\u017cek to na os\u0142od\u0119 mojej dotychczasowo nik\u0142ej obecno\u015bci zapraszam na post z nowo\u015bciami (A. m\u00f3wi\u0142a, \u017ce ma\u0142o przysz\u0142o do mnie ksi\u0105\u017cek ;)).&nbsp; A ju\u017c jutro recenzja ksi\u0105\u017cki, kt\u00f3ra, niestety, wywar\u0142a na mnie \u015brednie wra\u017cenie. No ale wracaj\u0105c do w\u0105tku g\u0142\u00f3wnego&#8230; \ud83d\ude09<\/i><\/div>\n<div style=\"text-align: justify;\">\n<\/div>\n<div style=\"text-align: justify;\">\n<\/p>\n<div class=\"separator\" style=\"clear: both; text-align: center;\">\n<a href=\"http:\/\/3.bp.blogspot.com\/-qIx0H05B2NI\/U7_k9ulh80I\/AAAAAAAAJRE\/xl6WkgGgO28\/s1600\/100_2363.JPG\" imageanchor=\"1\" style=\"margin-left: 1em; margin-right: 1em;\"><img decoding=\"async\" loading=\"lazy\" border=\"0\" src=\"http:\/\/3.bp.blogspot.com\/-qIx0H05B2NI\/U7_k9ulh80I\/AAAAAAAAJRE\/xl6WkgGgO28\/s1600\/100_2363.JPG\" height=\"212\" width=\"320\" \/><\/a><\/div>\n<\/div>\n<div style=\"text-align: justify;\">\n<br \/>\n<i>Ten stosik niekt\u00f3rzy ju\u017c widzieli na FB, ale i tak go opisz\u0119. Na samej g\u00f3rze wida\u0107 <b>&#8220;<a href=\"http:\/\/zapatrzonawksiazki.blogspot.com\/2014\/06\/opowiedz-mi-prawde.html\">Siedem minut po p\u00f3\u0142nocy<\/a>&#8221; Patrica Nessa<\/b>, o kt\u00f3rej ju\u017c pisa\u0142am. Obowi\u0105zkowa ksi\u0105\u017cka dla ka\u017cdego, jeszcze nigdy nie spotka\u0142am si\u0119 z tak\u0105 publikacj\u0105. Na <b>&#8220;Cie\u0144 i ko\u015b\u0107&#8221; Leigh Bardugo <\/b>polowa\u0142am od ukazania si\u0119 jej zapowiedzi, a po wysypie pozytywnych opini wr\u0119cz tupa\u0142am niecierpliwie nogami. Najprawdopodobniej zaczn\u0119 j\u0105 jeszcze w tym tygodniu. Co do <b>&#8220;Pierwszego dotyku ognia&#8221; Jeaniene Frost, <\/b>to jest to nowo\u015b\u0107 Papierowego Ksi\u0119\u017cyca, kt\u00f3r\u0105 musia\u0142am mie\u0107. \ud83d\ude00 No <b>&#8220;Magiczne lata&#8221; Roberta McCamona <\/b>&#8211; tyle si\u0119 o niej dobrego naczyta\u0142am, \u017ce a\u017c wstyd by\u0142oby nie przeczyta\u0107. Za kart\u0119 od Matrasa ksi\u0105\u017ceczki s\u0105&nbsp; ju\u017c kupione, ale musz\u0105 do mnie dotrze\u0107, bo u mnie nie ma tych ksi\u0119garni i musia\u0142am kogo\u015b poprosi\u0107 o pomoc. Na szcz\u0119\u015bcie Lena zaoferowa\u0142a swoj\u0105 pomoc i czas, dzi\u0119ki czemu nie musia\u0142am si\u0119 g\u0142owi\u0107 kogo obarczy\u0107 tym zadaniem. \ud83d\ude09 Dzi\u0119kuj\u0119 kochana! :*&nbsp; <\/i><\/p>\n<div class=\"separator\" style=\"clear: both; text-align: center;\">\n<a href=\"http:\/\/4.bp.blogspot.com\/-F96hvY4wMpk\/U7_lVXry1VI\/AAAAAAAAJRM\/b31TyEPtoiU\/s1600\/100_2390.JPG\" imageanchor=\"1\" style=\"margin-left: 1em; margin-right: 1em;\"><img decoding=\"async\" loading=\"lazy\" border=\"0\" src=\"http:\/\/4.bp.blogspot.com\/-F96hvY4wMpk\/U7_lVXry1VI\/AAAAAAAAJRM\/b31TyEPtoiU\/s1600\/100_2390.JPG\" height=\"212\" width=\"320\" \/><\/a><\/div>\n<\/div>\n<div style=\"text-align: justify;\">\n<br \/>\n<i>Na tym zdj\u0119ciu, jak wida\u0107, s\u0105 same pere\u0142ki. Pierwsza pozycja to <b>&#8220;Dom na pla\u017cy&#8221; Sarah Jio<\/b>, jej &#8220;<a href=\"http:\/\/zapatrzonawksiazki.blogspot.com\/2014\/05\/bo-fioki-same-wybieraja-dla-kogo-kwitna.html\">Marcowe fio\u0142ki<\/a>&#8220;, mo\u017ce mnie nie powali\u0142y na kolana, ale spodoba\u0142y na tyle by si\u0119gn\u0105\u0107 po inne ksi\u0105\u017cki autorki. Kolejnego tytu\u0142u &#8211; <b>&#8220;Zakocha\u0107 si\u0119&#8221; Ceceli Ahern <\/b>&#8211; nie mog\u0142o u mnie zabrakn\u0105\u0107 gdy\u017c bardzo ceni\u0119 sobie tw\u00f3rczo\u015b\u0107 Irlandki. Na <b>&#8220;Ukryt\u0105 bram\u0119&#8221; Evy Voller <\/b>przysz\u0142o mi troch\u0119 czeka\u0107, ale w ko\u0144cu b\u0119d\u0119 mog\u0142a ponownie spotka\u0107 si\u0119 z Ann\u0105 i Sebastianem, ciekawe co tym razem ich czeka. <b>&#8220;Rycerza widmo&#8221; Cornelii Funke <\/b>wzi\u0119\u0142am w ciemno, wystarczy\u0142o mi same nazwisko, mam nadziej\u0119, \u017ce si\u0119 nie zawiod\u0119. Je\u015bli chodzi o <b>&#8220;Wybacz i zapomnij&#8221; Patricii<\/b> <b>Scanlan<\/b>, to tym razem zadzia\u0142a\u0142 blurb, oby to by\u0142 dobry wyb\u00f3r, bo widzia\u0142am ju\u017c zapowied\u017a drugiego tomu. No i ksi\u0105\u017cka, kt\u00f3rej nie mog\u0142am si\u0119 doczeka\u0107, <b>&#8220;Na kraw\u0119dzi zawsze&#8221; J. A. Redmerskiej<\/b>,<b> <\/b>po tym, jak jej &#8220;<a href=\"http:\/\/zapatrzonawksiazki.blogspot.com\/2014\/05\/wyrusz-w-droge-by-odnalezc-siebie.html\">Na kraw\u0119dzi nigdy<\/a>&#8221; mnie porwa\u0142o nie widzia\u0142am innej opcji, jak tylko nabycie kontynuacji. &nbsp; <b>&nbsp;<\/b> <\/i><\/p>\n<div class=\"separator\" style=\"clear: both; text-align: center;\">\n<a href=\"http:\/\/2.bp.blogspot.com\/-THG_SU8mgeI\/U7_lziKQOmI\/AAAAAAAAJRU\/dq5p3_StaqA\/s1600\/2014-07-06+13.44.43.jpg\" imageanchor=\"1\" style=\"margin-left: 1em; margin-right: 1em;\"><img decoding=\"async\" loading=\"lazy\" border=\"0\" src=\"http:\/\/2.bp.blogspot.com\/-THG_SU8mgeI\/U7_lziKQOmI\/AAAAAAAAJRU\/dq5p3_StaqA\/s1600\/2014-07-06+13.44.43.jpg\" height=\"240\" width=\"320\" \/><\/a><\/div>\n<\/div>\n<div style=\"text-align: justify;\">\n<br \/>\n<i>Obok stosiku stoi lipcowa Nowa Fantastyka, magazyn czerwcowy przypad\u0142 mi do gustu wi\u0119c zaczn\u0119 chyba go regularnie czyta\u0107.&nbsp;<\/i><br \/>\n<i>Na samej g\u00f3rze le\u017cy ostatni tom trylogii \u0141atwopalnych <b>Agnieszki Lingas-\u0141oniewskiej &#8211; &#8220;<a href=\"http:\/\/zapatrzonawksiazki.blogspot.com\/2014\/06\/wybaczyc-by-moc-dalej-zyc.html\">Wybaczenie<\/a>&#8220;<\/b>, wcze\u015bniej czyta\u0142am ebooka, a teraz mam egzemplarz ostateczny. Do zdobycia <b>&#8220;Zab\u0142\u0105dzi\u0142am&#8221; Agnieszki Olejnik <\/b>przekona\u0142y mnie opinie zaufanych os\u00f3b (chyba przestan\u0119 czyta\u0107 inne blogi :P). Kolejna pozycja <b>Jennifer Echols<\/b>, tym razem <b>&#8220;Odlot&#8221;<\/b>, zasili\u0142a moj\u0105 biblioteczk\u0119, tylko kiedy ja to przeczytam. \ud83d\ude09 Kolejna pere\u0142ka, to <b>&#8220;Pora na \u017cycie&#8221; Cecelii Ahern<\/b> &#8211; no przecie\u017c nie mog\u0142o&nbsp; zabrakn\u0105\u0107 jej w moich zbiorach! \ud83d\ude09 O <b>&#8220;<a href=\"http:\/\/zapatrzonawksiazki.blogspot.com\/2014\/06\/bo-przyjazn-najcenniejsza-jest.html\">Zaczaruj mnie<\/a>&#8221; Karoliny Frankowskiej <\/b>te\u017c ju\u017c pisa\u0142am, wcze\u015bniej prezentowa\u0142am egzemplarz recenzyjny, a teraz ostateczny. Na <b>&#8220;Ma\u0142e szcz\u0119\u015bcia&#8221; Erici James <\/b>skusi\u0142am si\u0119, bo wydana przez Jaguar, a jeszcze si\u0119 na wydawnictwie nigdy nie zawiod\u0142am. \ud83d\ude09<b> <\/b>&nbsp;<\/i> <\/p>\n<div class=\"separator\" style=\"clear: both; text-align: center;\">\n<a href=\"http:\/\/3.bp.blogspot.com\/-HzJIwYYUwh0\/U7_mE5wNnhI\/AAAAAAAAJRg\/JwAuAAn8rG0\/s1600\/100_2417.JPG\" imageanchor=\"1\" style=\"margin-left: 1em; margin-right: 1em;\"><img decoding=\"async\" loading=\"lazy\" border=\"0\" src=\"http:\/\/3.bp.blogspot.com\/-HzJIwYYUwh0\/U7_mE5wNnhI\/AAAAAAAAJRg\/JwAuAAn8rG0\/s1600\/100_2417.JPG\" height=\"212\" width=\"320\" \/><\/a><\/div>\n<div class=\"separator\" style=\"clear: both; text-align: center;\">\n<\/div>\n<p>\n<i>Na ostatnim zdj\u0119ciu kr\u00f3luje fantastyka. <b>&#8220;Stra\u017cnik&#8221; Pauliny Hendel <\/b>jest niespodziewanym prezentem, pierwotnie nie mia\u0142am go w planach, ale przeczytam, bo czemu by nie. \ud83d\ude09 <b>&#8220;Pier\u015bcie\u0144 i sito&#8221; Juli Bernard <\/b>zaintrygowa\u0142 mnie tym, \u017ce jest o czarownicach, mo\u017ce by\u0107 bardzo ciekawie. :D. O <b>&#8220;Obsydianie&#8221; Jennifer L. Armentrout <\/b>(r\u00f3wnie\u017c prezent) naczyta\u0142am si\u0119 tyle och\u00f3w i ach\u00f3w i\u017c musz\u0119 zobaczy\u0107 co w tej ksi\u0105\u017cce jest takiego wspania\u0142ego. Za\u015b <b>&#8220;Skradziona&#8221; Clary Sanchez <\/b>chc\u0119 przeczyta\u0107 z powodu poruszanego&nbsp; w niej tematu, publikacja troch\u0119 powa\u017cniejsza, ale czuj\u0119, \u017ce jej podo\u0142am, bo dawno nic tego typu nie czyta\u0142am.<\/i><\/p>\n<p><i>Ufff, koniec! Czytali\u015bcie co\u015b? Polecacie lub odradzacie? \ud83d\ude09 <\/i><\/div>\n","protected":false},"excerpt":{"rendered":"<p>No i pojechali, dwa tygodnie min\u0119\u0142y nie wiadomo kiedy. By\u0142o du\u017co \u015bmiechu, wspominania i z\u0142orzeczenia na pogod\u0119. \ud83d\ude42 Ostatecznie, za trzecim podej\u015bciem uda\u0142o nam si\u0119 wybra\u0107 do kina (&#8220;Jak wytresowa\u0107 smoka 2&#8221;) i seans okaza\u0142 si\u0119 bardzo udany. Warto by\u0142o i\u015b\u0107. \ud83d\ude09 No ale teraz w ko\u0144cu b\u0119d\u0119 mia\u0142a wi\u0119cej czasu i od dzi\u015b powracam [&hellip;]<\/p>\n","protected":false},"author":2,"featured_media":0,"comment_status":"open","ping_status":"open","sticky":false,"template":"","format":"standard","meta":[],"categories":[1],"tags":[501],"jetpack_featured_media_url":"","_links":{"self":[{"href":"https:\/\/zapatrzonawksiazki.pl\/index.php\/wp-json\/wp\/v2\/posts\/543"}],"collection":[{"href":"https:\/\/zapatrzonawksiazki.pl\/index.php\/wp-json\/wp\/v2\/posts"}],"about":[{"href":"https:\/\/zapatrzonawksiazki.pl\/index.php\/wp-json\/wp\/v2\/types\/post"}],"author":[{"embeddable":true,"href":"https:\/\/zapatrzonawksiazki.pl\/index.php\/wp-json\/wp\/v2\/users\/2"}],"replies":[{"embeddable":true,"href":"https:\/\/zapatrzonawksiazki.pl\/index.php\/wp-json\/wp\/v2\/comments?post=543"}],"version-history":[{"count":1,"href":"https:\/\/zapatrzonawksiazki.pl\/index.php\/wp-json\/wp\/v2\/posts\/543\/revisions"}],"predecessor-version":[{"id":2044,"href":"https:\/\/zapatrzonawksiazki.pl\/index.php\/wp-json\/wp\/v2\/posts\/543\/revisions\/2044"}],"wp:attachment":[{"href":"https:\/\/zapatrzonawksiazki.pl\/index.php\/wp-json\/wp\/v2\/media?parent=543"}],"wp:term":[{"taxonomy":"category","embeddable":true,"href":"https:\/\/zapatrzonawksiazki.pl\/index.php\/wp-json\/wp\/v2\/categories?post=543"},{"taxonomy":"post_tag","embeddable":true,"href":"https:\/\/zapatrzonawksiazki.pl\/index.php\/wp-json\/wp\/v2\/tags?post=543"}],"curies":[{"name":"wp","href":"https:\/\/api.w.org\/{rel}","templated":true}]}}