{"id":5382,"date":"2020-03-13T07:27:01","date_gmt":"2020-03-13T06:27:01","guid":{"rendered":"http:\/\/zapatrzonawksiazki.pl\/?p=5382"},"modified":"2020-06-03T07:38:18","modified_gmt":"2020-06-03T05:38:18","slug":"ostatnie-zyczenie-andrzej-sapkowski","status":"publish","type":"post","link":"https:\/\/zapatrzonawksiazki.pl\/index.php\/2020\/03\/13\/ostatnie-zyczenie-andrzej-sapkowski\/","title":{"rendered":"Ostatnie \u017cyczenie Andrzej Sapkowski"},"content":{"rendered":"<blockquote>\n<p style=\"text-align: justify;\">Ludzie (&#8230;) lubi\u0105 wymy\u015bla\u0107 potwory i potworno\u015bci. Sami sobie wydaj\u0105 si\u0119 wtedy mniej potworni (&#8230;) Wtedy jako\u015b l\u017cej im si\u0119 robi na sercu. I \u0142atwiej im \u017cy\u0107.*<\/p>\n<\/blockquote>\n<p style=\"text-align: justify;\"><img decoding=\"async\" loading=\"lazy\" class=\"size-medium wp-image-5384 alignleft\" src=\"http:\/\/zapatrzonawksiazki.pl\/wp-content\/uploads\/2020\/06\/ostatnie-zyczenie-wiedzmin-tom-1-w-iext34567993-188x300.jpg\" alt=\"\" width=\"188\" height=\"300\" srcset=\"https:\/\/zapatrzonawksiazki.pl\/wp-content\/uploads\/2020\/06\/ostatnie-zyczenie-wiedzmin-tom-1-w-iext34567993-188x300.jpg 188w, https:\/\/zapatrzonawksiazki.pl\/wp-content\/uploads\/2020\/06\/ostatnie-zyczenie-wiedzmin-tom-1-w-iext34567993.jpg 219w\" sizes=\"(max-width: 188px) 100vw, 188px\" \/>\u015awiaty fantastyczne kusz\u0105 tym, co nieznane. Odkrywamy nowe krainy, gatunki i historie. Mo\u017cemy pozna\u0107 co\u015b ca\u0142kowicie odmiennego i prze\u017cy\u0107 niesamowite przygody. Ka\u017cda ma co\u015b do zaoferowania, co\u015b co nas zachwyci i zapadnie nam w pami\u0119ci na bardzo d\u0142ugi czas.<\/p>\n<h4 style=\"text-align: justify;\">Co takiego ma w sobie Wied\u017amin z Rivii?<\/h4>\n<p style=\"text-align: justify;\"><em>Ostatnie \u017cyczenie<\/em> jest zbiorem opowiada\u0144, kt\u00f3re dziel\u0105 si\u0119 na tera\u017aniejszo\u015b\u0107 (G\u0142os rozs\u0105dku) i wspomnienia prze\u017cytych przez Geralta przyg\u00f3d. Te pierwsze to jakby przygotowanie na to, co za chwil\u0119 przeczytamy, danie oddechu mi\u0119dzy kolejnymi wydarzeniami. Za to ju\u017c same opowie\u015bci s\u0105, jak rollercoaster emocjonalny. Wraz z Wied\u017aminem walczymy z najprawdziwsz\u0105 strzyg\u0105, udajemy si\u0119 na kraniec \u015bwiata, by spotka\u0107 si\u0119 z diab\u0142em, we\u017aniemy udzia\u0142 w kr\u00f3lewskiej uczcie i wiele wi\u0119cej.<\/p>\n<p style=\"text-align: justify;\">To nie jest moje pierwsze spotkanie z sag\u0105 o Wied\u017aminie, ale czyta\u0142am go bardzo dawno temu i stwierdzi\u0142am, \u017ce przed obejrzeniem Netflixowej wersji od\u015bwie\u017c\u0119 sobie ksi\u0105\u017cki. Jak odebra\u0142am za drugim razem histori\u0119 tego niesamowitego bohatera?<\/p>\n<h4 style=\"text-align: justify;\">Czy warto zacz\u0105\u0107 od opowiada\u0144?<\/h4>\n<p style=\"text-align: justify;\">Wiele os\u00f3b radzi, by nie czyta\u0107 na pocz\u0105tku dw\u00f3ch pierwszych tom\u00f3w, b\u0119d\u0105cych zbiorami opowiada\u0144, bo mo\u017cna si\u0119 nimi zniech\u0119ci\u0107 do ca\u0142ej serii. Ja jednak uwa\u017cam, \u017ce <em>Ostatnie \u017cyczenie<\/em> jest rewelacyjne. Tak, ja, kt\u00f3ra nie przepadam za kr\u00f3tk\u0105 form\u0105 m\u00f3wi\u0119, \u017ce tutaj bardzo mi si\u0119 ona podoba\u0142a. Jednak nie mo\u017ce by\u0107 inaczej, gdy autor na zaledwie kilkudziesi\u0119ciu stronach umie\u015bci\u0142 historie dopracowane pod ka\u017cdym mo\u017cliwym wzgl\u0119dem. Sapkowski rewelacyjnie opisuje wydarzenia, emocje oraz tworzy opisy otoczenia i w og\u00f3le ca\u0142ego \u015bwiata. Historie maj\u0105 sw\u00f3j pocz\u0105tek i zako\u0144czenie, s\u0105 wyja\u015bnienia i nic nie bierze si\u0119 z powietrza. Du\u017co si\u0119 w nich dzieje i nie mo\u017cna narzeka\u0107 na brak akcji czy wra\u017ce\u0144.<\/p>\n<h4 style=\"text-align: justify;\">A bohaterowie?<\/h4>\n<p style=\"text-align: justify;\">Je\u015bli chodzi o postacie, to g\u0142\u00f3wnie skrzypce gra tutaj oczywi\u015bcie Geralt. I jest to bardzo absorbuj\u0105ca osoba. W pozytywnym tego s\u0142owa znaczeniu. Jako Wied\u017amin nie do ko\u0144ca jest cz\u0142owiekiem, a do jego zada\u0144 nale\u017cy ochrona ludzi przed wszelkim Z\u0142em. Czy to tym czyhaj\u0105cym za rogiem, czy tym tkwi\u0105cym w nich samych. Nie wierzy w przeznaczenie i bez ogl\u0105dania si\u0119 za siebie prze naprz\u00f3d. Ma jednak szacunek do tego, w co nie wierzy i ludzi, kt\u00f3rzy s\u0105 wyznawcami b\u00f3stw. To niezwykle charyzmatyczny bohater o silnej woli i z w\u0142asnym kodeksem. Wybieraj\u0105cy sprawiedliwo\u015b\u0107. Nie mo\u017cna jednak zapomnie\u0107 i o innych postaciach, bo ka\u017cda z nich zosta\u0142a stworzona rewelacyjnie. Maj\u0105 swoje chwile i jakie\u015b zadania do wykonania.<\/p>\n<h4 style=\"text-align: justify;\">Czy polecam?<\/h4>\n<p style=\"text-align: justify;\">Dla mnie <em>Ostatnie \u017cyczenie<\/em> jest czym\u015b obowi\u0105zkowym dla fana fantastyki. Andrzej Sapkowski stworzy\u0142 \u015bwiat, w kt\u00f3rym nie \u017cyj\u0105 tylko ludzie. Jest w nim r\u00f3wnie\u017c pe\u0142no elf\u00f3w, gnom\u00f3w, krasnolud\u00f3w i ca\u0142a masa innych stwor\u00f3w dobrze nam znanych z poda\u0144 ludowych czy legend. Och, kogo tutaj nie ma! No i nale\u017cy pami\u0119ta\u0107, \u017ce ksi\u0105\u017cka ta posiada sw\u00f3j wyj\u0105tkowy klimat. Sk\u0142ada si\u0119 na to nie tylko posta\u0107 Wied\u017amina, ale r\u00f3wnie\u017c staropolski j\u0119zyk. Mog\u0142oby si\u0119 wydawa\u0107, \u017ce przez to czytanie i zrozumienie b\u0119dzie trudniejsze. Dla mnie jednak za pierwszym razem i obecnie by\u0142o to jakby wkroczenie do zupe\u0142nie innego \u015bwiata, kt\u00f3ry zachwyca brawurowymi przygodami i walkami oraz oczarowuje ca\u0142\u0105 swoj\u0105 otoczk\u0105.<\/p>\n<p style=\"text-align: justify;\">Zatem ja <em>Ostatnie \u017cyczenie<\/em> polecam. Warto od tego zbioru zacz\u0105\u0107 czytanie, by pozna\u0107 styl pisania Sapkowskiego w tej serii. Przybli\u017cy\u0107 posta\u0107 Wied\u017amina i wkroczy\u0107 w ten niesamowity \u015bwiat pe\u0142en magii i tajemnic.<\/p>\n<p style=\"text-align: justify;\"><strong>Autor:<\/strong> Andrzej Sapkowski<br \/>\n<strong>Tytu\u0142:<\/strong> Ostatnie \u017cyczenie<br \/>\n<strong>Wydawnictwo:<\/strong> superNOWA<br \/>\n<strong>Data wydania:<\/strong> 2014-10-06<br \/>\n<strong>Kategoria:<\/strong> fantastyka<br \/>\n<strong>ISBN:<\/strong> 9788375780635<br \/>\n<strong>Liczba stron:<\/strong> 332<br \/>\n<strong>Ocena:<\/strong> 8\/10<\/p>\n<p style=\"text-align: center;\">Wied\u017amin Geralt z Rivii<br \/>\n<em>Ostatnie \u017cyczenie<\/em> | Miecz przeznaczenia | Krew elf\u00f3w | Czas pogardy | Chrzest ognia | Wie\u017ca Jask\u00f3\u0142ki | Pani Jeziora | Sezon burz<\/p>\n","protected":false},"excerpt":{"rendered":"<p>Ludzie (&#8230;) lubi\u0105 wymy\u015bla\u0107 potwory i potworno\u015bci. Sami sobie wydaj\u0105 si\u0119 wtedy mniej potworni (&#8230;) Wtedy jako\u015b l\u017cej im si\u0119 robi na sercu. I \u0142atwiej im \u017cy\u0107.* \u015awiaty fantastyczne kusz\u0105 tym, co nieznane. Odkrywamy nowe krainy, gatunki i historie. Mo\u017cemy pozna\u0107 co\u015b ca\u0142kowicie odmiennego i prze\u017cy\u0107 niesamowite przygody. Ka\u017cda ma co\u015b do zaoferowania, co\u015b co [&hellip;]<\/p>\n","protected":false},"author":2,"featured_media":5383,"comment_status":"open","ping_status":"open","sticky":false,"template":"","format":"standard","meta":[],"categories":[5,4],"tags":[20,1678,12,1680,1679],"jetpack_featured_media_url":"https:\/\/zapatrzonawksiazki.pl\/wp-content\/uploads\/2020\/06\/ostatnie-zyczenie-zapatrzonawksiazki-pl.jpg","_links":{"self":[{"href":"https:\/\/zapatrzonawksiazki.pl\/index.php\/wp-json\/wp\/v2\/posts\/5382"}],"collection":[{"href":"https:\/\/zapatrzonawksiazki.pl\/index.php\/wp-json\/wp\/v2\/posts"}],"about":[{"href":"https:\/\/zapatrzonawksiazki.pl\/index.php\/wp-json\/wp\/v2\/types\/post"}],"author":[{"embeddable":true,"href":"https:\/\/zapatrzonawksiazki.pl\/index.php\/wp-json\/wp\/v2\/users\/2"}],"replies":[{"embeddable":true,"href":"https:\/\/zapatrzonawksiazki.pl\/index.php\/wp-json\/wp\/v2\/comments?post=5382"}],"version-history":[{"count":1,"href":"https:\/\/zapatrzonawksiazki.pl\/index.php\/wp-json\/wp\/v2\/posts\/5382\/revisions"}],"predecessor-version":[{"id":5385,"href":"https:\/\/zapatrzonawksiazki.pl\/index.php\/wp-json\/wp\/v2\/posts\/5382\/revisions\/5385"}],"wp:featuredmedia":[{"embeddable":true,"href":"https:\/\/zapatrzonawksiazki.pl\/index.php\/wp-json\/wp\/v2\/media\/5383"}],"wp:attachment":[{"href":"https:\/\/zapatrzonawksiazki.pl\/index.php\/wp-json\/wp\/v2\/media?parent=5382"}],"wp:term":[{"taxonomy":"category","embeddable":true,"href":"https:\/\/zapatrzonawksiazki.pl\/index.php\/wp-json\/wp\/v2\/categories?post=5382"},{"taxonomy":"post_tag","embeddable":true,"href":"https:\/\/zapatrzonawksiazki.pl\/index.php\/wp-json\/wp\/v2\/tags?post=5382"}],"curies":[{"name":"wp","href":"https:\/\/api.w.org\/{rel}","templated":true}]}}