{"id":535,"date":"2014-08-02T17:16:00","date_gmt":"2014-08-02T17:16:00","guid":{"rendered":"http:\/\/zapatrzonawksiazki.pl\/index.php\/2014\/08\/02\/nowoscizapowiedzi-11-sierpien\/"},"modified":"2018-10-07T00:29:35","modified_gmt":"2018-10-07T00:29:35","slug":"nowoscizapowiedzi-11-sierpien","status":"publish","type":"post","link":"https:\/\/zapatrzonawksiazki.pl\/index.php\/2014\/08\/02\/nowoscizapowiedzi-11-sierpien\/","title":{"rendered":"Nowo\u015bci\/zapowiedzi #11 &#8211; SIERPIE\u0143"},"content":{"rendered":"<div class=\"separator\" style=\"clear: both; text-align: center;\">\n<a href=\"http:\/\/2.bp.blogspot.com\/-3ROG23zEtdc\/U9z5RObS0RI\/AAAAAAAAJU4\/Y601lcuaSW8\/s1600\/zapnow.jpg\" imageanchor=\"1\" style=\"clear: left; float: left; margin-bottom: 1em; margin-right: 1em;\"><img decoding=\"async\" border=\"0\" src=\"http:\/\/2.bp.blogspot.com\/-3ROG23zEtdc\/U9z5RObS0RI\/AAAAAAAAJU4\/Y601lcuaSW8\/s1600\/zapnow.jpg\" \/><\/a><\/div>\n<div style=\"text-align: justify;\">\n<i><b><u>Nowo\u015bci\/zapowiedzi<\/u> &#8211; <\/b>to<br \/>\n cykl ukazuj\u0105cy si\u0119 raz &#8211; dwa razy w miesi\u0105cu, kt\u00f3ry przedstawia<br \/>\nnadchodz\u0105ce zapowiedzi lub nowo\u015bci wydawnicze na dany miesi\u0105c. Moje<br \/>\nwybory s\u0105<br \/>\nca\u0142kowicie subiektywne i dokonane pod k\u0105tem moich zainteresowa\u0144<br \/>\nczytelniczych.<\/i><\/div>\n<p><i><i>Legenda: <\/i><i><i style=\"mso-bidi-font-style: normal;\">tytu\u0142y s\u0105 podlinkowane i przenosz\u0105 do opisu ksi\u0105\u017cki;<\/i><\/i><\/i><br \/>\n<i><br \/>\n<b><i><b><i style=\"mso-bidi-font-style: normal;\">czerwone &#8211; musz\u0119 mie\u0107, &nbsp;<\/i><\/b><\/i><\/b><\/i><br \/>\n<i><br \/>\n<b><i><b><i style=\"mso-bidi-font-style: normal;\">zielone &#8211; mam\/w drodze do mnie, &nbsp;<\/i><\/b><\/i><\/b><\/i><br \/>\n<i><br \/>\n<b><i><b><i style=\"mso-bidi-font-style: normal;\">niebieskie &#8211; ciekawi\u0105 mnie, ale mog\u0119 na nie poczeka\u0107.<\/i><\/b><\/i><\/b><\/i><\/p>\n<div class=\"separator\" style=\"clear: both; text-align: center;\">\n<a href=\"http:\/\/3.bp.blogspot.com\/-FcRIH3E84ms\/U9z7NVvUu3I\/AAAAAAAAJVA\/CDOxZ4N8qKs\/s1600\/Nowy+folder.jpg\" imageanchor=\"1\" style=\"margin-left: 1em; margin-right: 1em;\"><img decoding=\"async\" loading=\"lazy\" border=\"0\" src=\"http:\/\/3.bp.blogspot.com\/-FcRIH3E84ms\/U9z7NVvUu3I\/AAAAAAAAJVA\/CDOxZ4N8qKs\/s1600\/Nowy+folder.jpg\" height=\"640\" width=\"360\" \/><\/a><\/div>\n<p>\n<i><b>05.08<\/b><\/i><br \/>\n<i><a href=\"http:\/\/www.proszynski.pl\/Dobry_ojciec-p-32476-1-30-.html\">Dobry ojciec &#8211; Diane Chamberlaine<\/a> \/&nbsp; <\/i><i>Pr\u00f3szy\u0144ski i S-ka<\/i><br \/>\n<i><b>06.08<\/b><\/i><br \/>\n<a href=\"http:\/\/www.empik.com\/na-ostrzu-noza-ness-patrick,p1100042428,ksiazka-p\"><i>Na ostrzu no\u017ca &#8211; Patrick Ness<\/i><\/a><i> \/ Papierowy Ksi\u0119\u017cyc<\/i><br \/>\n<i><b>07.08<\/b><\/i><br \/>\n<i><a href=\"http:\/\/www.proszynski.pl\/Jamnik_z_Kluskami-p-31907-1-30-.html\">Jamnik z Kluskami &#8211; Ola Trzeciecka<\/a> \/ Pr\u00f3szy\u0144ski i S-ka<\/i><br \/>\n<i><a href=\"http:\/\/www.amber.sm.pl\/ksiazka\/1620\/to-ty-mnie-ocalisz-tom-2\">To Ty mnie ocalisz &#8211; Jasinda Wilder<\/a> \/ Amber<\/i><br \/>\n<i><b>08.08<\/b><\/i><br \/>\n<i><a href=\"http:\/\/fabrykaslow.com.pl\/zapowiedzi\/stephanie-plum-zlosliwa-trzynastka\">Z\u0142o\u015bliwa Trzynastka &#8211; Janet Evanovich<\/a> \/ Fabryka S\u0142\u00f3w<\/i><br \/>\n<i><b>12.08<\/b><\/i><br \/>\n<i><a href=\"http:\/\/www.proszynski.pl\/Policz_do_stu-p-32885-1-30-.html\">Policz do stu &#8211; Lucy Dillon<\/a> \/ <\/i><i>Pr\u00f3szy\u0144ski i S-ka<\/i><br \/>\n<i><b>13.08<\/b><\/i><br \/>\n<i><a href=\"http:\/\/nk.com.pl\/przeciez-cie-znam\/2051\/ksiazka.html#.U9txgf1D0qY\">Przecie\u017c ci\u0119 znam &#8211; Beata Ostrowicka<\/a> \/ Nasza Ksi\u0119garnia<\/i><br \/>\n<i><a href=\"http:\/\/nk.com.pl\/lokator-do-wynajecia\/2042\/ksiazka.html#.U9txy_1D0qY\">Lokator do wynaj\u0119cia &#8211; Iwona Banach<\/a> \/ Nasza Ksi\u0119garnia<\/i><br \/>\n<i><a href=\"http:\/\/nk.com.pl\/lilka-i-wielka-afera\/2039\/ksiazka.html#.U9tyEv1D0qY\">Lilka i wielka afera &#8211; Magdalena Witkiewicz<\/a> \/ Nasza Ksi\u0119garnia<\/i><br \/>\n<i><a href=\"http:\/\/wydawnictwoswiatksiazki.pl\/katalog-produktow\/szczegoly-produktu\/product-4013498\/\">I \u017cyli d\u0142ugo i szcz\u0119\u015bliwie &#8211; Patricia Scanlan<\/a> \/ \u015awiat Ksi\u0105\u017cki<\/i><br \/>\n<i><a href=\"http:\/\/harlequin.pl\/ksiazki\/pewnego-razu-w-arizonie\">Pewnego razu w Arizonie &#8211; Diana Palmer<\/a> \/ Mira<\/i><br \/>\n<i><a href=\"http:\/\/harlequin.pl\/ksiazki\/przeznaczenie-3\">Przeznaczenie &#8211; Nora Roberts<\/a> \/ Mira<\/i><br \/>\n<i><b>14.08<\/b><\/i><br \/>\n<i><a href=\"http:\/\/www.proszynski.pl\/Usmiech_Madeline-p-32069-1-30-.html\">U\u015bmiech Madeline &#8211; Darien Gee<\/a> \/ Pr\u00f3szy\u0144ski i S-ka<\/i><br \/>\n<i><a href=\"http:\/\/www.amber.sm.pl\/ksiazka\/1616\/uciekaj-ze-mn%C4%85\">Uciekaj ze mn\u0105 &#8211; Kristen Proby<\/a> \/ Amber<\/i><br \/>\n<i><b>19.08<\/b><\/i><br \/>\n<i><a href=\"http:\/\/www.proszynski.pl\/Szukaj_mnie-p-32967-1-30-.html\">Szukaj mnie&nbsp; &#8211; Weronika Wierzchowska<\/a> \/&nbsp; <\/i><i>Pr\u00f3szy\u0144ski i S-ka<\/i><br \/>\n<i><b> 21.08<\/b><\/i><br \/>\n<i><a href=\"http:\/\/www.proszynski.pl\/Tamte_cudowne_lata-p-32358-1-30-.html\">Tamte cudowne lata &#8211; Marian Izaguirre<\/a> \/ <\/i><i><i>Pr\u00f3szy\u0144ski i S-ka<\/i><\/i><br \/>\n<i><i><b>25.08<\/b><\/i><\/i><br \/>\n<i><i><a href=\"http:\/\/www.znak.com.pl\/kartoteka,ksiazka,5322,Cos-dobrego\">Co\u015b dobrego &#8211; Wendy Francis<\/a> \/ Mi\u0119dzy s\u0142owami<\/i><\/i><br \/>\n<i><i><b>27.08<\/b><\/i><\/i><br \/>\n<i><i><a href=\"http:\/\/wydawnictwoswiatksiazki.pl\/katalog-produktow\/szczegoly-produktu\/product-4013741\/\">Niech w ko\u0144cu co\u015b si\u0119 zdarzy &#8211; Trixi von Bulow<\/a><b> \/ <\/b>\u015awiat Ksi\u0105\u017cki<\/i><\/i><br \/>\n<i><i><a href=\"http:\/\/www.empik.com\/zew-gorzystej-krainy-cameron-amy,p1098877790,ksiazka-p\">Zew g\u00f3rzystej krainy &#8211; Amy Cameron<\/a> \/ \u015awiat Ksi\u0105\u017cki<\/i><\/i><br \/>\n<i><i><b>28.08<\/b><\/i><\/i><br \/>\n<i><i><a href=\"http:\/\/www.wydawnictwoliterackie.pl\/ksiazka\/2790\/Dla-Ciebie-wszystko---Katarzyna-Michalak\">Dla Ciebie wszystko &#8211; Katarzyna Michalak<\/a> \/ Literackie<\/i><\/i><\/p>\n<div style=\"text-align: center;\">\n<i><i><b>***&nbsp;<\/b><\/i><\/i><\/div>\n<div style=\"text-align: center;\">\n<\/div>\n<div style=\"text-align: center;\">\n<i><i>O dziwo sierpie\u0144 jest do\u015b\u0107 spokojny (na szcz\u0119\u015bcie!), ale prezentuje si\u0119 nader ciekawie! Najbardziej nie mog\u0119 doczeka\u0107 si\u0119 nowej Michalak (ju\u017c do mnie idzie), ksi\u0105\u017cki z serii Leniwa Niedziela, z wydawnictw Nasza Ksi\u0119garnia oraz Pr\u00f3szy\u0144ski i S-ka, no i oczywi\u015bcie &#8220;Na ostrzu no\u017ca&#8221;. Du\u017cego wyboru nie ma, ale jako\u015bciowo zapowiada si\u0119 ciekawy miesi\u0105c. \ud83d\ude09<\/i><\/i><\/div>\n<div style=\"text-align: center;\">\n<i><i>Czekacie na co\u015b z tego, co wybra\u0142am, a mo\u017ce macie w planach inne tytu\u0142y?&nbsp;<\/i><\/i><i><b> <\/b><\/i><\/div>\n","protected":false},"excerpt":{"rendered":"<p>Nowo\u015bci\/zapowiedzi &#8211; to cykl ukazuj\u0105cy si\u0119 raz &#8211; dwa razy w miesi\u0105cu, kt\u00f3ry przedstawia nadchodz\u0105ce zapowiedzi lub nowo\u015bci wydawnicze na dany miesi\u0105c. Moje wybory s\u0105 ca\u0142kowicie subiektywne i dokonane pod k\u0105tem moich zainteresowa\u0144 czytelniczych. Legenda: tytu\u0142y s\u0105 podlinkowane i przenosz\u0105 do opisu ksi\u0105\u017cki; czerwone &#8211; musz\u0119 mie\u0107, &nbsp; zielone &#8211; mam\/w drodze do mnie, &nbsp; [&hellip;]<\/p>\n","protected":false},"author":2,"featured_media":0,"comment_status":"open","ping_status":"open","sticky":false,"template":"","format":"standard","meta":[],"categories":[1],"tags":[25],"jetpack_featured_media_url":"","_links":{"self":[{"href":"https:\/\/zapatrzonawksiazki.pl\/index.php\/wp-json\/wp\/v2\/posts\/535"}],"collection":[{"href":"https:\/\/zapatrzonawksiazki.pl\/index.php\/wp-json\/wp\/v2\/posts"}],"about":[{"href":"https:\/\/zapatrzonawksiazki.pl\/index.php\/wp-json\/wp\/v2\/types\/post"}],"author":[{"embeddable":true,"href":"https:\/\/zapatrzonawksiazki.pl\/index.php\/wp-json\/wp\/v2\/users\/2"}],"replies":[{"embeddable":true,"href":"https:\/\/zapatrzonawksiazki.pl\/index.php\/wp-json\/wp\/v2\/comments?post=535"}],"version-history":[{"count":1,"href":"https:\/\/zapatrzonawksiazki.pl\/index.php\/wp-json\/wp\/v2\/posts\/535\/revisions"}],"predecessor-version":[{"id":2036,"href":"https:\/\/zapatrzonawksiazki.pl\/index.php\/wp-json\/wp\/v2\/posts\/535\/revisions\/2036"}],"wp:attachment":[{"href":"https:\/\/zapatrzonawksiazki.pl\/index.php\/wp-json\/wp\/v2\/media?parent=535"}],"wp:term":[{"taxonomy":"category","embeddable":true,"href":"https:\/\/zapatrzonawksiazki.pl\/index.php\/wp-json\/wp\/v2\/categories?post=535"},{"taxonomy":"post_tag","embeddable":true,"href":"https:\/\/zapatrzonawksiazki.pl\/index.php\/wp-json\/wp\/v2\/tags?post=535"}],"curies":[{"name":"wp","href":"https:\/\/api.w.org\/{rel}","templated":true}]}}