{"id":528,"date":"2014-08-18T18:57:00","date_gmt":"2014-08-18T18:57:00","guid":{"rendered":"http:\/\/zapatrzonawksiazki.pl\/index.php\/2014\/08\/18\/konkurs-literacki-tworczosc-very-bardzo\/"},"modified":"2018-10-07T00:29:34","modified_gmt":"2018-10-07T00:29:34","slug":"konkurs-literacki-tworczosc-very-bardzo","status":"publish","type":"post","link":"https:\/\/zapatrzonawksiazki.pl\/index.php\/2014\/08\/18\/konkurs-literacki-tworczosc-very-bardzo\/","title":{"rendered":"Konkurs Literacki: Tw\u00f3rczo\u015b\u0107 Very Bardzo Kulturalna"},"content":{"rendered":"<div class=\"separator\" style=\"clear: both; text-align: center;\">\n<a href=\"http:\/\/2.bp.blogspot.com\/-_KpcB5mpAjQ\/U_JJiCGS-OI\/AAAAAAAAJXM\/5fnFbYOD2uI\/s1600\/Konkurs.jpg\" imageanchor=\"1\" style=\"margin-left: 1em; margin-right: 1em;\"><img decoding=\"async\" loading=\"lazy\" border=\"0\" src=\"http:\/\/2.bp.blogspot.com\/-_KpcB5mpAjQ\/U_JJiCGS-OI\/AAAAAAAAJXM\/5fnFbYOD2uI\/s1600\/Konkurs.jpg\" height=\"226\" width=\"400\" \/><\/a><\/div>\n<p><\/p>\n<div style=\"text-align: center;\">\n<\/div>\n<div style=\"text-align: center;\">\n<i>Je\u015bli s\u0142owo pisane nie jest wam obce, macie bujn\u0105 wyobra\u017ani\u0119 i potraficie pisa\u0107 wraz z portalem Du\u017ce Ka zapraszam do wzi\u0119cia udzia\u0142u w konkursie z organizowanym z okazji Targ\u00f3w Ksi\u0105\u017cki w Krakowie. Przewidziane s\u0105 nie tylko nagrody rzeczowe (ksi\u0105\u017cki i nie tylko), ale i publikacja najlepszych prac w gazetce targowej.&nbsp;<\/i><\/div>\n<div style=\"text-align: center;\">\n<\/div>\n<div style=\"text-align: center;\">\n<b><i>&#8220;<\/i><\/b><i><b>Opowiadanie nie mo\u017ce przekracza\u0107 16000 znak\u00f3w ze spacjami, a jego tematyka powinna by\u0107 powi\u0105zana z has\u0142em &#8220;Carpe Diem&#8221;.&#8221;<\/b><\/i><\/div>\n<div style=\"text-align: center;\">\n<\/div>\n<div style=\"text-align: center;\">\n<i>Po wi\u0119cej szczeg\u00f3\u0142\u00f3w zapraszam<b> <a href=\"http:\/\/duzeka.pl\/news\/id_news\/6127\/konkurs_literacki_tworczosc_very_bardzo_kulturalna\">TUTAJ<\/a>&nbsp;<\/b><\/i><\/div>\n<div style=\"text-align: center;\">\n<\/div>\n<table align=\"center\" cellpadding=\"0\" cellspacing=\"0\" class=\"tr-caption-container\" style=\"margin-left: auto; margin-right: auto; text-align: center;\">\n<tbody>\n<tr>\n<td style=\"text-align: center;\"><a href=\"http:\/\/3.bp.blogspot.com\/-I_wAyNHu4UE\/U_JLshGXffI\/AAAAAAAAJXY\/DI26mZpKZSo\/s1600\/nagrody.jpg\" imageanchor=\"1\" style=\"margin-left: auto; margin-right: auto;\"><img decoding=\"async\" loading=\"lazy\" border=\"0\" src=\"http:\/\/3.bp.blogspot.com\/-I_wAyNHu4UE\/U_JLshGXffI\/AAAAAAAAJXY\/DI26mZpKZSo\/s1600\/nagrody.jpg\" height=\"266\" width=\"400\" \/><\/a><\/td>\n<\/tr>\n<tr>\n<td class=\"tr-caption\" style=\"text-align: center;\"><i>Do wygrania jest mi\u0119dzy innymi taki oto zestaw. <a href=\"https:\/\/www.facebook.com\/pages\/du%C5%BCe-Ka\/252287241456615?fref=ts\">\u0179r\u00f3d\u0142o<\/a><\/i><\/td>\n<td class=\"tr-caption\" style=\"text-align: center;\"><i>&nbsp;<\/i><\/td>\n<td class=\"tr-caption\" style=\"text-align: center;\"><i>&nbsp;<\/i><\/td>\n<\/tr>\n<\/tbody>\n<\/table>\n<div style=\"text-align: center;\">\n<i><b>&nbsp;<\/b> <\/i><\/div>\n","protected":false},"excerpt":{"rendered":"<p>Je\u015bli s\u0142owo pisane nie jest wam obce, macie bujn\u0105 wyobra\u017ani\u0119 i potraficie pisa\u0107 wraz z portalem Du\u017ce Ka zapraszam do wzi\u0119cia udzia\u0142u w konkursie z organizowanym z okazji Targ\u00f3w Ksi\u0105\u017cki w Krakowie. Przewidziane s\u0105 nie tylko nagrody rzeczowe (ksi\u0105\u017cki i nie tylko), ale i publikacja najlepszych prac w gazetce targowej.&nbsp; &#8220;Opowiadanie nie mo\u017ce przekracza\u0107 16000 [&hellip;]<\/p>\n","protected":false},"author":2,"featured_media":0,"comment_status":"open","ping_status":"open","sticky":false,"template":"","format":"standard","meta":[],"categories":[1],"tags":[95],"jetpack_featured_media_url":"","_links":{"self":[{"href":"https:\/\/zapatrzonawksiazki.pl\/index.php\/wp-json\/wp\/v2\/posts\/528"}],"collection":[{"href":"https:\/\/zapatrzonawksiazki.pl\/index.php\/wp-json\/wp\/v2\/posts"}],"about":[{"href":"https:\/\/zapatrzonawksiazki.pl\/index.php\/wp-json\/wp\/v2\/types\/post"}],"author":[{"embeddable":true,"href":"https:\/\/zapatrzonawksiazki.pl\/index.php\/wp-json\/wp\/v2\/users\/2"}],"replies":[{"embeddable":true,"href":"https:\/\/zapatrzonawksiazki.pl\/index.php\/wp-json\/wp\/v2\/comments?post=528"}],"version-history":[{"count":1,"href":"https:\/\/zapatrzonawksiazki.pl\/index.php\/wp-json\/wp\/v2\/posts\/528\/revisions"}],"predecessor-version":[{"id":2029,"href":"https:\/\/zapatrzonawksiazki.pl\/index.php\/wp-json\/wp\/v2\/posts\/528\/revisions\/2029"}],"wp:attachment":[{"href":"https:\/\/zapatrzonawksiazki.pl\/index.php\/wp-json\/wp\/v2\/media?parent=528"}],"wp:term":[{"taxonomy":"category","embeddable":true,"href":"https:\/\/zapatrzonawksiazki.pl\/index.php\/wp-json\/wp\/v2\/categories?post=528"},{"taxonomy":"post_tag","embeddable":true,"href":"https:\/\/zapatrzonawksiazki.pl\/index.php\/wp-json\/wp\/v2\/tags?post=528"}],"curies":[{"name":"wp","href":"https:\/\/api.w.org\/{rel}","templated":true}]}}