{"id":5115,"date":"2020-02-02T16:14:41","date_gmt":"2020-02-02T15:14:41","guid":{"rendered":"http:\/\/zapatrzonawksiazki.pl\/?p=5115"},"modified":"2020-02-10T16:44:48","modified_gmt":"2020-02-10T15:44:48","slug":"czekamy-na-mame-wioleta-firaza","status":"publish","type":"post","link":"https:\/\/zapatrzonawksiazki.pl\/index.php\/2020\/02\/02\/czekamy-na-mame-wioleta-firaza\/","title":{"rendered":"Czekamy na mam\u0119 &#8211; Wioleta Firaza"},"content":{"rendered":"<blockquote>\n<p style=\"text-align: justify;\">Puk, puk, puk, pukamy i Trefliki zapraszamy.*<\/p>\n<\/blockquote>\n<p style=\"text-align: justify;\"><img decoding=\"async\" loading=\"lazy\" class=\"size-medium wp-image-5120 alignleft\" src=\"http:\/\/zapatrzonawksiazki.pl\/wp-content\/uploads\/2020\/02\/rodzina-treflikow-czekamy-na-mame-b-iext56326577-272x300.jpg\" alt=\"\" width=\"272\" height=\"300\" srcset=\"https:\/\/zapatrzonawksiazki.pl\/wp-content\/uploads\/2020\/02\/rodzina-treflikow-czekamy-na-mame-b-iext56326577-272x300.jpg 272w, https:\/\/zapatrzonawksiazki.pl\/wp-content\/uploads\/2020\/02\/rodzina-treflikow-czekamy-na-mame-b-iext56326577.jpg 453w\" sizes=\"(max-width: 272px) 100vw, 272px\" \/>T\u0119sknota za kim\u015b bliskim nie jest mi\u0142ym uczuciem i chyba ka\u017cdy z nas jej do\u015bwiadczy\u0142. Pusto i smutno bez tej osoby, a to, co zawsze robili\u015bmy wsp\u00f3lnie, w pojedynk\u0119 nie sprawia ju\u017c takiej przyjemno\u015bci. Nie ma z kim dzieli\u0107 rado\u015bci i porozmawia\u0107. Mo\u017cemy sp\u0119dzi\u0107 czas z kim\u015b innym, ale to ju\u017c nie b\u0119dzie to samo.<\/p>\n<p style=\"text-align: justify;\">Treflinka bardzo si\u0119 martwi, bo jej mama wyje\u017cd\u017ca. Nie lubi tego, gdy\u017c wtedy bardzo za ni\u0105 t\u0119skni i dzie\u0144 jest jaki\u015b inny, a ona ca\u0142y czas czuje \u201esupe\u0142ek w brzuchu&#8221;. Czas p\u0142ynie jako\u015b wolniej i nawet najbardziej wymy\u015blne pr\u00f3by zaj\u0119cia czasu nie sprawiaj\u0105, \u017ce t\u0119sknota jest chocia\u017c troch\u0119 mniejsz\u0105. Na szcz\u0119\u015bcie z pomoc\u0105 przychodzi brat oraz wujek, kt\u00f3rzy proponuj\u0105 zrobi\u0107 co\u015b dla mamy. Chce zrobi\u0107 mamie mi\u0142\u0105 niespodziank\u0119 &#8211; wykonuje laurk\u0119 i piecze tort. Co z tego wyniknie?<\/p>\n<h3 style=\"text-align: justify;\">Trefliki s\u0105 ju\u017c nam znane z bajki emitowanej na TVP ABC i nie by\u0142o mowy, by nie zapozna\u0107 si\u0119 z pierwszym tomem serii. Jak odebrali\u015bmy <em>Czekamy na mam\u0119<\/em>?<\/h3>\n<p style=\"text-align: justify;\">Opr\u00f3cz samej historii i sympatii do Treflik\u00f3w zaciekawi\u0142y nas te\u017c zasady czytania wra\u017ceniowego. Zosta\u0142y one opracowane przez Ma\u0142gorzat\u0119 Sw\u0119drowsk\u0105, kt\u00f3ra jest nie tylko pedago\u017ck\u0105, animatork\u0105, ale r\u00f3wnie\u017c mam\u0105. Koncepcja ta polega na tym, \u017ce czytanie przeplata si\u0119 z przer\u00f3\u017cnymi zabawami, ta\u0144cem i wykonywaniem danej czynno\u015bci. Jak si\u0119 okaza\u0142o, w jakim\u015b stopniu praktykujemy t\u0119 zasad\u0119 od zawsze, bo ca\u0142y czas staramy si\u0119, by Potworki uczestniczyli w czytaniu. Plusem tego jest wi\u0119ksze zaanga\u017cowanie, dobra zabawa, ale r\u00f3wnie\u017c nauka emocji, koncentracji. No i r\u00f3wnie wa\u017cne jest to, \u017ce pog\u0142\u0119bia \u0142\u0105cz\u0105ce wi\u0119zi z dzieckiem.<\/p>\n<p style=\"text-align: justify;\">Tyle z punktu widzenia doros\u0142ego, chocia\u017c trzeba wspomnie\u0107, \u017ce takie czytanie spotyka si\u0119 u nas z ogromnym entuzjazmem Potwork\u00f3w, kt\u00f3re ch\u0119tnie w tym uczestnicz\u0105, a co wa\u017cniejsze dobrze si\u0119 przy tym bawi\u0105.<\/p>\n<p style=\"text-align: justify;\"><em>Czekamy na mam\u0119<\/em>, jest bardzo fajne wydane. Twarda oprawa, ilustracje, jakby kadry z bajki telewizyjnej, trwa\u0142y papier. Wydanie i wn\u0119trze zachwyca graficznie, tekstu na stronach te\u017c zbyt du\u017co nie ma. Jednak nie mo\u017cna zapomnie\u0107 o tym, co skrywa si\u0119 po\u015br\u00f3d liter. Poruszono w ksi\u0105\u017cce temat roz\u0142\u0105ki z mam\u0105 i poczuciem samotno\u015bci. Dla nas wyj\u015bcie gdzie\u015b jest czym\u015b oczywistym, ale dziecko mo\u017ce odbiera\u0107 to ju\u017c inaczej. Podoba\u0142o mi si\u0119 tutaj u\u015bwiadamianie, \u017ce mamusie r\u00f3wnie\u017c mog\u0105 mie\u0107 swoje pasje i potrzebuj\u0105 czasu dla siebie. Mo\u017cemy czu\u0107 wtedy smutek i samotno\u015b\u0107, ale warto wtedy czym\u015b si\u0119 zaj\u0105\u0107. Wystarczy odpowiednie przygotowanie i pomoc innych bliskich.<\/p>\n<h3 style=\"text-align: justify;\"><em>Czekamy na mam\u0119<\/em> to takie po\u0142\u0105czenie dobrej zabawy z nauk\u0105 i pocz\u0105tkiem rozmowy na temat roz\u0142\u0105ki. My polecamy i ju\u017c czekamy na drugi tom.<\/h3>\n<p style=\"text-align: justify;\"><strong>Autor:<\/strong> Wioleta Firaza<br \/>\n<strong>Tytu\u0142:<\/strong> Czekamy na mam\u0119<br \/>\n<strong>Wydawnictwo:<\/strong> Znak emotikon<br \/>\n<strong>Wydanie:<\/strong> I<br \/>\n<strong>Data wydania:<\/strong> 2020-01-29<br \/>\n<strong>Kategoria:<\/strong> lit. dzieci\u0119ca<br \/>\n<strong>ISBN:<\/strong> 9788324051854<br \/>\n<strong>Liczba stron:<\/strong> 32<br \/>\n<strong>Ocena:<\/strong> 8\/10<\/p>\n<p style=\"text-align: center;\">Rodzina Treflik\u00f3w<br \/>\n<em>Czekamy na mam\u0119<\/em> | Nie dajemy si\u0119 nudzie<\/p>\n<div id='gallery-1' class='gallery galleryid-5115 gallery-columns-3 gallery-size-full'><figure class='gallery-item'>\n\t\t\t<div class='gallery-icon landscape'>\n\t\t\t\t<a href='https:\/\/zapatrzonawksiazki.pl\/index.php\/2020\/02\/02\/czekamy-na-mame-wioleta-firaza\/czekamy-na-mame-2-zapatrzonawksiazki-pl\/'><img width=\"720\" height=\"720\" src=\"https:\/\/zapatrzonawksiazki.pl\/wp-content\/uploads\/2020\/02\/czekamy-na-mame-2-zapatrzonawksiazki-pl.jpeg\" class=\"attachment-full size-full\" alt=\"\" decoding=\"async\" loading=\"lazy\" srcset=\"https:\/\/zapatrzonawksiazki.pl\/wp-content\/uploads\/2020\/02\/czekamy-na-mame-2-zapatrzonawksiazki-pl.jpeg 720w, https:\/\/zapatrzonawksiazki.pl\/wp-content\/uploads\/2020\/02\/czekamy-na-mame-2-zapatrzonawksiazki-pl-150x150.jpeg 150w, https:\/\/zapatrzonawksiazki.pl\/wp-content\/uploads\/2020\/02\/czekamy-na-mame-2-zapatrzonawksiazki-pl-300x300.jpeg 300w\" sizes=\"(max-width: 720px) 100vw, 720px\" \/><\/a>\n\t\t\t<\/div><\/figure><figure class='gallery-item'>\n\t\t\t<div class='gallery-icon landscape'>\n\t\t\t\t<a href='https:\/\/zapatrzonawksiazki.pl\/index.php\/2020\/02\/02\/czekamy-na-mame-wioleta-firaza\/czekamy-na-mame-3-zapatrzonawksiazki-pl\/'><img width=\"720\" height=\"720\" src=\"https:\/\/zapatrzonawksiazki.pl\/wp-content\/uploads\/2020\/02\/czekamy-na-mame-3-zapatrzonawksiazki-pl.jpeg\" class=\"attachment-full size-full\" alt=\"\" decoding=\"async\" loading=\"lazy\" srcset=\"https:\/\/zapatrzonawksiazki.pl\/wp-content\/uploads\/2020\/02\/czekamy-na-mame-3-zapatrzonawksiazki-pl.jpeg 720w, https:\/\/zapatrzonawksiazki.pl\/wp-content\/uploads\/2020\/02\/czekamy-na-mame-3-zapatrzonawksiazki-pl-150x150.jpeg 150w, https:\/\/zapatrzonawksiazki.pl\/wp-content\/uploads\/2020\/02\/czekamy-na-mame-3-zapatrzonawksiazki-pl-300x300.jpeg 300w\" sizes=\"(max-width: 720px) 100vw, 720px\" \/><\/a>\n\t\t\t<\/div><\/figure><figure class='gallery-item'>\n\t\t\t<div class='gallery-icon landscape'>\n\t\t\t\t<a href='https:\/\/zapatrzonawksiazki.pl\/index.php\/2020\/02\/02\/czekamy-na-mame-wioleta-firaza\/czekamy-na-mame-5-zapatrzonawksiazki-pl\/'><img width=\"720\" height=\"720\" src=\"https:\/\/zapatrzonawksiazki.pl\/wp-content\/uploads\/2020\/02\/czekamy-na-mame-5-zapatrzonawksiazki-pl.jpeg\" class=\"attachment-full size-full\" alt=\"\" decoding=\"async\" loading=\"lazy\" srcset=\"https:\/\/zapatrzonawksiazki.pl\/wp-content\/uploads\/2020\/02\/czekamy-na-mame-5-zapatrzonawksiazki-pl.jpeg 720w, https:\/\/zapatrzonawksiazki.pl\/wp-content\/uploads\/2020\/02\/czekamy-na-mame-5-zapatrzonawksiazki-pl-150x150.jpeg 150w, https:\/\/zapatrzonawksiazki.pl\/wp-content\/uploads\/2020\/02\/czekamy-na-mame-5-zapatrzonawksiazki-pl-300x300.jpeg 300w\" sizes=\"(max-width: 720px) 100vw, 720px\" \/><\/a>\n\t\t\t<\/div><\/figure>\n\t\t<\/div>\n\n","protected":false},"excerpt":{"rendered":"<p>Puk, puk, puk, pukamy i Trefliki zapraszamy.* T\u0119sknota za kim\u015b bliskim nie jest mi\u0142ym uczuciem i chyba ka\u017cdy z nas jej do\u015bwiadczy\u0142. Pusto i smutno bez tej osoby, a to, co zawsze robili\u015bmy wsp\u00f3lnie, w pojedynk\u0119 nie sprawia ju\u017c takiej przyjemno\u015bci. Nie ma z kim dzieli\u0107 rado\u015bci i porozmawia\u0107. Mo\u017cemy sp\u0119dzi\u0107 czas z kim\u015b innym, [&hellip;]<\/p>\n","protected":false},"author":2,"featured_media":5116,"comment_status":"open","ping_status":"open","sticky":false,"template":"","format":"standard","meta":[],"categories":[5,4],"tags":[20,17,1650,1649,685],"jetpack_featured_media_url":"https:\/\/zapatrzonawksiazki.pl\/wp-content\/uploads\/2020\/02\/czekamy-na-mame-1-zapatrzonawksiazki-pl.jpeg","_links":{"self":[{"href":"https:\/\/zapatrzonawksiazki.pl\/index.php\/wp-json\/wp\/v2\/posts\/5115"}],"collection":[{"href":"https:\/\/zapatrzonawksiazki.pl\/index.php\/wp-json\/wp\/v2\/posts"}],"about":[{"href":"https:\/\/zapatrzonawksiazki.pl\/index.php\/wp-json\/wp\/v2\/types\/post"}],"author":[{"embeddable":true,"href":"https:\/\/zapatrzonawksiazki.pl\/index.php\/wp-json\/wp\/v2\/users\/2"}],"replies":[{"embeddable":true,"href":"https:\/\/zapatrzonawksiazki.pl\/index.php\/wp-json\/wp\/v2\/comments?post=5115"}],"version-history":[{"count":1,"href":"https:\/\/zapatrzonawksiazki.pl\/index.php\/wp-json\/wp\/v2\/posts\/5115\/revisions"}],"predecessor-version":[{"id":5121,"href":"https:\/\/zapatrzonawksiazki.pl\/index.php\/wp-json\/wp\/v2\/posts\/5115\/revisions\/5121"}],"wp:featuredmedia":[{"embeddable":true,"href":"https:\/\/zapatrzonawksiazki.pl\/index.php\/wp-json\/wp\/v2\/media\/5116"}],"wp:attachment":[{"href":"https:\/\/zapatrzonawksiazki.pl\/index.php\/wp-json\/wp\/v2\/media?parent=5115"}],"wp:term":[{"taxonomy":"category","embeddable":true,"href":"https:\/\/zapatrzonawksiazki.pl\/index.php\/wp-json\/wp\/v2\/categories?post=5115"},{"taxonomy":"post_tag","embeddable":true,"href":"https:\/\/zapatrzonawksiazki.pl\/index.php\/wp-json\/wp\/v2\/tags?post=5115"}],"curies":[{"name":"wp","href":"https:\/\/api.w.org\/{rel}","templated":true}]}}