{"id":5038,"date":"2020-01-03T11:05:09","date_gmt":"2020-01-03T10:05:09","guid":{"rendered":"http:\/\/zapatrzonawksiazki.pl\/?p=5038"},"modified":"2020-01-10T17:35:10","modified_gmt":"2020-01-10T16:35:10","slug":"moja-lista-bestsellerow-2019","status":"publish","type":"post","link":"https:\/\/zapatrzonawksiazki.pl\/index.php\/2020\/01\/03\/moja-lista-bestsellerow-2019\/","title":{"rendered":"Moja lista bestseller\u00f3w 2019"},"content":{"rendered":"<p style=\"text-align: justify;\">Moja lista bestseller\u00f3w 2019. W ko\u0144cu mog\u0119 wam zaprezentowa\u0107 tytu\u0142y, kt\u00f3re zachwyci\u0142y mnie w minionym roku, bo ja jak to ja, zawsze dzia\u0142am w swoim rytmie i na w\u0142asnych zasadach, wszak jest tyle czasu, hehe. D\u0142ugo si\u0119 zastanawia\u0142am nad tym, kt\u00f3re ksi\u0105\u017cki zas\u0142uguj\u0105 na miano najlepszych, bo w 2019 przeczyta\u0142am du\u017co \u015bwietnych ksi\u0105\u017cek, kt\u00f3re bardzo mi si\u0119 podoba\u0142y i trudno by\u0142o wybra\u0107 dziesi\u0119\u0107 najlepszych, ale w ko\u0144cu jestem pewna, \u017ce tak ma wygl\u0105da\u0107 poni\u017csze zestawienie. Tym razem skusi\u0142am si\u0119 jeszcze r\u00f3wnie\u017c na pokazanie pi\u0119ciu najlepszych tytu\u0142\u00f3w dla dzieci. Gotowi?<\/p>\n<p style=\"text-align: justify;\"><img decoding=\"async\" loading=\"lazy\" class=\"size-medium wp-image-5042 aligncenter\" src=\"http:\/\/zapatrzonawksiazki.pl\/wp-content\/uploads\/2020\/01\/Moja-lista-bestseller\u00f3w-2019-1-zapatrzonawksiazki-pl-300x300.jpg\" alt=\"\" width=\"300\" height=\"300\" srcset=\"https:\/\/zapatrzonawksiazki.pl\/wp-content\/uploads\/2020\/01\/Moja-lista-bestseller\u00f3w-2019-1-zapatrzonawksiazki-pl-300x300.jpg 300w, https:\/\/zapatrzonawksiazki.pl\/wp-content\/uploads\/2020\/01\/Moja-lista-bestseller\u00f3w-2019-1-zapatrzonawksiazki-pl-150x150.jpg 150w, https:\/\/zapatrzonawksiazki.pl\/wp-content\/uploads\/2020\/01\/Moja-lista-bestseller\u00f3w-2019-1-zapatrzonawksiazki-pl.jpg 600w\" sizes=\"(max-width: 300px) 100vw, 300px\" \/><br \/>\n<a href=\"http:\/\/zapatrzonawksiazki.pl\/index.php\/2019\/02\/05\/sezon-na-lisa-agata-czykierda-grabowska\/\">Sezon na lisa Agata Czykierda-Grabowska<\/a><br \/>\nKsi\u0105\u017ck\u0119\u00a0przeczyta\u0142am w mgnieniu oka i z \u017calem odk\u0142ada\u0142am j\u0105 po przeczytaniu. Od pierwszych zda\u0144 zosta\u0142am porwana w wir wydarze\u0144 i nie mog\u0142am oderwa\u0107 si\u0119 od czytania. Zach\u0142annie przewraca\u0142am kartk\u0119 za kartk\u0105 i wraz z bohaterami zachwyca\u0142am si\u0119 pi\u0119knem natury, \u015bmia\u0142am si\u0119 z ich docink\u00f3w i psocenia sobie, z rozczuleniem obserwowa\u0142am, jak si\u0119 do siebie zbli\u017cali i rozumia\u0142am rozterki Pauli. Agata Czykierda-Grabowska po raz kolejny udowodni\u0142a, \u017ce potrafi stworzy\u0107 powie\u015b\u0107, kt\u00f3ra potrafi zaciekawi\u0107 i sprawi\u0107, \u017ce czas przestaje mie\u0107 znaczenie, bo liczy si\u0119 tylko historia bohater\u00f3w.<\/p>\n<p style=\"text-align: justify;\"><a href=\"http:\/\/zapatrzonawksiazki.pl\/index.php\/2019\/04\/03\/inkub-artur-urbanowicz\/\">Inkub Artur Urbanowicz<\/a><br \/>\nPowie\u015b\u0107 grozy, kt\u00f3ra wci\u0105ga w sw\u00f3j mroczny \u015bwiat i ju\u017c z niego nie wypuszcza. Nie wa\u017cne czy musisz przerwa\u0107, czy sko\u0144czy\u0142a\u015b ksi\u0105\u017ck\u0119 \u2013 ona ju\u017c pozostaje w czytelniku, no przynajmniej pozosta\u0142a we mnie. Artur Urbanowicz tym tytu\u0142em udowodni\u0142 mi, \u017ce pisane horrory te\u017c mog\u0105 wywo\u0142a\u0107 strach i wp\u0142yn\u0105\u0107 na wyobra\u017ani\u0119. Strona po stronie zapada\u0142am w klimat wioski z przesz\u0142o\u015bci i tej z 2016 roku, wraz z mieszka\u0144cami i policjantem obserwowa\u0142am wydarzenia, czu\u0142am strach, obecno\u015b\u0107 czego\u015b mrocznego i od\u00f3r zgnilizny. Powie\u015bciopisarz buduje napi\u0119cie, dociera do ciemnych zak\u0105tk\u00f3w ludzkich dusz i umiej\u0119tnie budzi w nas l\u0119k, niepewno\u015b\u0107 i strach przed spojrzeniem w okno czy obr\u00f3ceniem si\u0119. M\u0105ci, miesza, obiecuje wyja\u015bnienie i spok\u00f3j, by za chwil\u0119 pokr\u0119ci\u0107 g\u0142ow\u0105, bo dali\u015bmy si\u0119 nabra\u0107.<\/p>\n<p style=\"text-align: justify;\"><a href=\"http:\/\/zapatrzonawksiazki.pl\/index.php\/2019\/09\/11\/zawsze-i-wszedzie-brittainy-c-cherry\/\">Zawsze i wsz\u0119dzie Brittainy C. Cherry<\/a><br \/>\n<em>Zawsze i wsz\u0119dzie<\/em> mnie zniszczy\u0142o emocjonalnie i kawa\u0142ek po kawa\u0142eczku leczy\u0142o moje roztrzaskane serce. Ca\u0142\u0105 sob\u0105 czu\u0142am to, co Grace, ten b\u00f3l, szok, \u017cal, rozpacz, niedowierzanie i rozczarowanie. Rozumia\u0142am jej brak wiary w ludzi oraz mi\u0142o\u015b\u0107, bo jak wierzy\u0107 w co\u015b, co tak mocno rani i rozczarowuje? Ale! To nie jest tylko historia Grace \u2013 to te\u017c opowie\u015b\u0107 o Jacksonie i jego prze\u017cyciach, kt\u00f3re jemu r\u00f3wnie\u017c odebra\u0142y wiar\u0119 w innych oraz mi\u0142o\u015b\u0107. Ta historia to nie jest romans, tylko powie\u015b\u0107 obyczajowa, kt\u00f3ra chwyta za serce poruszonymi w\u0105tkami, swoj\u0105 realno\u015bci\u0105, bo wszystko w niej mo\u017ce si\u0119 dzia\u0107 w\u0142a\u015bnie teraz gdzie\u015b na \u015bwiecie, mo\u017ce i w naszym \u017cyciu. \u017ba\u0142uj\u0119, \u017ce nie potrafi\u0119 pisa\u0107 tak jak Brittainy C. Cherry, by m\u00f3c przekaza\u0107, co we mnie tkwi po przeczytaniu tego tytu\u0142u. Mocno prze\u017cy\u0142am t\u0119 histori\u0119 i du\u017co \u0142ez na niej wyla\u0142am. Czy potrzeba lepszej rekomendacji?<\/p>\n<p style=\"text-align: justify;\"><a href=\"http:\/\/zapatrzonawksiazki.pl\/index.php\/2019\/01\/21\/krople-deszczu-kathryn-andrews\/\">Krople deszczu Kathryn Andrews<\/a><br \/>\nOd pierwszych stron nie mog\u0142am oderwa\u0107 si\u0119 od czytania i z ka\u017cd\u0105 kolejn\u0105 czu\u0142am, jak historia mnie poch\u0142ania, a\u017c ca\u0142e otoczenie przesta\u0142o istnie\u0107. By\u0142am tylko ja, bohaterowie i emocje, kt\u00f3re wype\u0142nia\u0142y mnie po brzegi i dociera\u0142y do najg\u0142\u0119bszych zakamark\u00f3w duszy \u2013 to by\u0142o troch\u0119 przera\u017caj\u0105ce i\u2026 oczyszczaj\u0105ce. Kathryn Andrews zdoby\u0142a moj\u0105 ca\u0142kowit\u0105 uwag\u0119, dusz\u0119 oraz serce, sprawi\u0142a, \u017ce wraz z bohaterami prze\u017cywa\u0142am ka\u017cd\u0105 sekund\u0119. Czu\u0142am ich smutek, \u017cal, rozpacz, strach i nienawi\u015b\u0107. Jestem zachwycona i oczarowana, ca\u0142y czas my\u015bl\u0119 o ksi\u0105\u017cce i b\u0119d\u0119 do niej wraca\u0107 wielokrotnie (nawet teraz mam ochot\u0119 przeczyta\u0107 j\u0105 ponownie).<\/p>\n<p style=\"text-align: justify;\"><a href=\"http:\/\/zapatrzonawksiazki.pl\/index.php\/2019\/05\/26\/to-co-zakazane-tabitha-suzuma\/\">To, co zakazane Tabitha Suzuma<\/a><br \/>\nLektura <em>To, co zakazane<\/em> nie by\u0142a \u0142atwa, ale nawet przez sekund\u0119 nie \u017ca\u0142owa\u0142am po\u015bwi\u0119conego na ni\u0105 czasu. Pomimo kontrowersyjnego tematu historia nie budzi niech\u0119ci czy sprzeciwu, ale przez to, jak zosta\u0142a stworzona, wzbudza szczere wsp\u00f3\u0142czucie, zrozumienie, a nawet chwyta za serce. Opisy dramatycznych chwil poruszaj\u0105, a mi\u0142osne momenty wbrew rozs\u0105dkowi odbiera si\u0119, jak te z romans\u00f3w \u2013 powolne i subtelne, nie\u015bmia\u0142e. Tabitha Suzuma ka\u017cdym s\u0142owem nakre\u015bla dramatyczn\u0105 histori\u0119, z postaciami, kt\u00f3re szybko zdobywaj\u0105 sympati\u0119 i pragnie si\u0119 dla nich tego, co najlepsze, ale jednocze\u015bnie gdzie\u015b w \u015brodku czuje si\u0119, \u017ce tutaj nie b\u0119dzie szcz\u0119\u015bliwego zako\u0144czenia. Jednak musz\u0119 przyzna\u0107, \u017ce nie takiego zako\u0144czenia si\u0119 spodziewa\u0142am i si\u0119 z nim nie zgadzam, bo nie zas\u0142u\u017cyli na to. To trudna ksi\u0105\u017cka i pozostawia po sobie gorycz oraz smutek i \u017cal, a jednak uwa\u017cam, \u017ce trzeba j\u0105 pozna\u0107. Nie tylko dla \u0142adunku emocjonalnego czy genialnej charakterystyki postaci, ale dla tego, co kryje si\u0119 mi\u0119dzy s\u0142owami.<\/p>\n<p style=\"text-align: justify;\"><a href=\"http:\/\/zapatrzonawksiazki.pl\/index.php\/2019\/06\/21\/z-calego-serca-r-s-grey\/\">Z ca\u0142ego serca R.S. Grey<\/a><br \/>\nR. S. Grey od pierwszych zda\u0144 zdoby\u0142a moj\u0105 ca\u0142kowit\u0105 uwag\u0119 i sprawi\u0142a, \u017ce nie zauwa\u017ca\u0142am umykaj\u0105cego czasu, a strony przewraca\u0142y si\u0119 praktycznie same. Z\u017cy\u0142am si\u0119 z Abby i Beckem, wraz z nimi prze\u017cywa\u0142am ka\u017cd\u0105 chwil\u0119. \u015amia\u0142am si\u0119 z ich dialog\u00f3w, dziwnych pomys\u0142\u00f3w i zabawnych sytuacji, wzrusza\u0142am przy smutnych lub romantycznych chwilach i rumieni\u0142am, gdy dochodzi\u0142o do intymnych moment\u00f3w. Przeby\u0142am z nimi ca\u0142\u0105 drog\u0119, kt\u00f3ra by\u0142a niesamowit\u0105 przygod\u0105 pe\u0142n\u0105 emocji, dobrych i z\u0142ych chwil oraz czasem na refleksj\u0119, podj\u0119cie ryzyka czy zaufanie.<\/p>\n<p style=\"text-align: justify;\"><a href=\"http:\/\/zapatrzonawksiazki.pl\/index.php\/2019\/07\/23\/czekalam-na-ciebie-magdalena-krauze\/\">Czeka\u0142am na Ciebie Magdalena Krauze<\/a><br \/>\nRewelacyjna powie\u015b\u0107 obyczajowa, od kt\u00f3rej niezwykle trudno si\u0119 oderwa\u0107. Magdalena Krauze od pierwszych zda\u0144 skupia uwag\u0119 czytelnika na swojej historii i utrzymuje j\u0105 do ostatniej kropki. Pisze lekko i przyjemnie, potrafi rozbawi\u0107, ale r\u00f3wnie\u017c sk\u0142oni\u0107 do pomy\u015blenia nad poruszonymi w\u0105tkami. Ksi\u0105\u017cka jest przepe\u0142niona emocjami \u2013 \u015bmiechem, \u0142zami, nadziej\u0105, l\u0119kami, z\u0142o\u015bci\u0105 i mi\u0142o\u015bci\u0105 \u2013 kt\u00f3re zapewniaj\u0105 kilka godzin pe\u0142nych wra\u017ce\u0144. \u0141atwo by\u0142o mi si\u0119 wczu\u0107 w histori\u0119, z\u017cy\u0107 z bohaterami i wraz z nimi prze\u017cywa\u0107 wszystkie dobre i z\u0142e momenty.<\/p>\n<p style=\"text-align: justify;\"><a href=\"http:\/\/zapatrzonawksiazki.pl\/index.php\/2019\/09\/13\/too-late-colleen-hoover\/\">Too Late Colleen Hoover<\/a><br \/>\n<em>Too Late<\/em> nie nale\u017cy do \u0142atwych ksi\u0105\u017cek i przyt\u0142acza tym wszystkim, co w sobie zawiera, to jednocze\u015bnie czyta si\u0119 j\u0105 szybko i z zapartym tchem. Ksi\u0105\u017cka jest mroczna, bulwersuj\u0105ca, a jednocze\u015bnie zawiera w sobie nami\u0119tno\u015b\u0107, nadziej\u0119 i wiar\u0119, \u017ce ka\u017cdy zas\u0142uguje na odrobin\u0119 szcz\u0119\u015bcia. Colleen Hoover w tym tytule nie bawi si\u0119 w subtelno\u015b\u0107 \u2013 ostry j\u0119zyk, brutalno\u015b\u0107, niewybaczalne czyny, zastraszanie, l\u0119k i brak ponoszenia konsekwencji, to zaledwie u\u0142amek tego, czym ten tytu\u0142 mo\u017ce zszokowa\u0107. Jednak pomimo wszystko zafascynowana strona po stronie wkracza\u0142am w ten \u015bwiat i wraz z bohaterami kroczy\u0142am krok w krok, prze\u017cywaj\u0105c ka\u017cd\u0105 chwil\u0119 w nawet najg\u0142\u0119bszym zakamarku duszy.<\/p>\n<p style=\"text-align: justify;\"><a href=\"http:\/\/zapatrzonawksiazki.pl\/index.php\/2019\/10\/11\/ratownicy-czasu-justyna-drzewicka\/\">Ratownicy czasu Justyna Drzewicka<\/a><br \/>\n\u015awietnie si\u0119 przy tym bawi\u0142am i nawet dowiedzia\u0142am si\u0119 kilku nowych historycznych rzeczy. <em>Ratownicy czasu<\/em> wci\u0105gaj\u0105 w wir wydarze\u0144 i nie da si\u0119 zapomnie\u0107 o nich nawet w momencie przerwania czytania. Od razu chce si\u0119 wr\u00f3ci\u0107 do tamtych czas\u00f3w, bohater\u00f3w i ich przyg\u00f3d. Justyna Drzewicka stworzy\u0142a powie\u015b\u0107, kt\u00f3ra zachwyca i ciekawi. \u0141atwo jest wczu\u0107 si\u0119 w ten klimat, z\u017cy\u0107 z bohaterami i wraz z nimi prze\u017cywa\u0107 ka\u017cd\u0105 chwil\u0119. Nie mo\u017cna te\u017c zapomnie\u0107 o tym, \u017ce tekst zosta\u0142 wzbogacony komiksowymi ilustracjami J\u0119drzeja \u0141anieckiego, dodaj\u0105c powie\u015bci jeszcze wi\u0119cej humoru.<\/p>\n<p style=\"text-align: justify;\"><a href=\"http:\/\/zapatrzonawksiazki.pl\/index.php\/2019\/10\/29\/male-licho-i-aniol-z-kamienia-marta-kisiel\/\">Ma\u0142e Licho i anio\u0142 z kamienia Marta Kisiel<\/a><br \/>\n<em>Ma\u0142e Licho i anio\u0142 z kamienia<\/em> ma jedn\u0105 wielk\u0105 wad\u0119 \u2013 za szybko si\u0119 ko\u0144czy. Od pierwszego zdania przepad\u0142am w tej historii i nie mog\u0142am si\u0119 od niej oderwa\u0107 \u2013 wr\u0119cz burcza\u0142am na rodzink\u0119, gdy przerywali mi czytanie. Jestem tym tytu\u0142em zachwycona, bo wzbudzi\u0142 we mnie ogromne pok\u0142ady intensywnych uczu\u0107. Bez przerwy w trakcie czytania si\u0119 za\u015bmiewa\u0142am, wzrusza\u0142am, odrobink\u0119 ba\u0142am, a nawet bywa\u0142o mi smutno. Marta Kisiel sprawia, \u017ce wszystko jest mo\u017cliwe i nieprawdopodobne rzeczy s\u0105 czym\u015b oczywistym. Ta powie\u015b\u0107 nie tylko bawi, ale i w ciekawy spos\u00f3b uczy. Czego chcie\u0107 wi\u0119cej od ksi\u0105\u017cek dla najm\u0142odszych? Niezale\u017cnie od tego ile macie rog\u00f3w, macek, skrzyde\u0142, ogonk\u00f3w czy te\u017c n\u00f3g Ma\u0142e Licho i anio\u0142 z kamienia powinien zosta\u0107 przez was przeczytany. OBOFI\u0104SKOFO!<\/p>\n<h2 style=\"text-align: center;\">LITERATURA DZIECI\u0118CA<\/h2>\n<p style=\"text-align: justify;\"><img decoding=\"async\" loading=\"lazy\" class=\"size-medium wp-image-5044 aligncenter\" src=\"http:\/\/zapatrzonawksiazki.pl\/wp-content\/uploads\/2020\/01\/Moja-listaa-bestseller\u00f3w-2019-2-zapatrzonawksiazki-pl-300x300.jpg\" alt=\"\" width=\"300\" height=\"300\" srcset=\"https:\/\/zapatrzonawksiazki.pl\/wp-content\/uploads\/2020\/01\/Moja-listaa-bestseller\u00f3w-2019-2-zapatrzonawksiazki-pl-300x300.jpg 300w, https:\/\/zapatrzonawksiazki.pl\/wp-content\/uploads\/2020\/01\/Moja-listaa-bestseller\u00f3w-2019-2-zapatrzonawksiazki-pl-150x150.jpg 150w, https:\/\/zapatrzonawksiazki.pl\/wp-content\/uploads\/2020\/01\/Moja-listaa-bestseller\u00f3w-2019-2-zapatrzonawksiazki-pl.jpg 600w\" sizes=\"(max-width: 300px) 100vw, 300px\" \/><br \/>\n<a href=\"http:\/\/zapatrzonawksiazki.pl\/index.php\/2019\/10\/15\/sniezna-siostra-maja-lunde\/\">\u015anie\u017cna siostra Maja Lunde<\/a><br \/>\n<em>\u015anie\u017cna siostra<\/em> mnie oczarowa\u0142a i zdoby\u0142a moje serce szturmem. Czyta\u0142am j\u0105 w takim skupieniu, \u017ce nic do mnie nie dociera\u0142o. Ta historia wywo\u0142a\u0142a we mnie \u015bmiech i potoki \u0142ez \u2013 nie pami\u0119tam bym kiedykolwiek pr\u0119dzej, tak si\u0119 sp\u0142aka\u0142a nad bajk\u0105. Jest cudowna, zachwycaj\u0105ca i magiczna. Poruszy\u0142a we mnie najczulsze struny duszy i sprawi\u0142a, \u017ce jako\u015b bardziej niecierpliwie odliczam dni do \u015bwi\u0105t, inaczej patrz\u0119 na \u015bwiat i temat straty. Chocia\u017c do \u015bwi\u0105t tyle czasu, to nie mog\u0142o by\u0107 lepszego czasu, by w moje r\u0119ce trafi\u0142 ten tytu\u0142. Z\u017cy\u0142am si\u0119 z bohaterami, wraz z nimi wszystko prze\u017cywa\u0142am i z zachwytem oraz ca\u0142\u0105 gam\u0105 przer\u00f3\u017cnych emocji czyta\u0142am o t\u0119sknocie, smutku, ale i rado\u015bci, nadziei oraz prawdziwej przyja\u017ani.<\/p>\n<p style=\"text-align: justify;\"><a href=\"http:\/\/zapatrzonawksiazki.pl\/index.php\/2019\/12\/08\/ida-swieta-o-bozym-narodzeniu-mikolaju-i-tradycjach-swiatecznych-na-swiecie-monika-utnik-strugala\/\">Id\u0105 \u015bwi\u0119ta! O Bo\u017cym Narodzeniu, Miko\u0142aju i tradycjach \u015bwi\u0105tecznych na \u015bwiecie Monika Utnik-Struga\u0142a<\/a><br \/>\nOh, ile si\u0119 mo\u017cna z tej ksi\u0105\u017cki dowiedzie\u0107! Poczytamy tutaj o dekoracjach, potrawach, przes\u0105dach, kto tak naprawd\u0119 przynosi prezenty dzieciom, kiedy przychodzi Miko\u0142aj z podarunkami i czy mieszka on w Laponii. Kto ci\u0105gnie sanie i dlaczego choinki uznawane by\u0142y kiedy\u015b za magiczne drzewa? Wiecie, \u017ce istnieje tradycja wieszania choinki do g\u00f3ry nogami albo \u017ce istnieje region, w kt\u00f3rym podczas adwentu przy stole stawia si\u0119 drewniany pieniek i wype\u0142nia go s\u0142odyczami? Dlaczego obchodzimy Bo\u017ce Narodzenie w grudniu i czy we wszystkich krajach tak jest? Czym stroi\u0142o i stroi si\u0119 choinki, jak powsta\u0142y bombki? Czemu w Wigili\u0119 na stole znajduje si\u0119 12 potraw, kim jest Befona? To tylko cz\u0119\u015b\u0107 tego, co skrywa w sobie ksi\u0105\u017cka <em>Id\u0105 \u015bwi\u0119ta!<\/em>. Mn\u00f3stwo pyta\u0144 i odpowiedzi na nie.\u00a0Przepadli\u015bmy i nie mo\u017cemy przesta\u0107 si\u0119 ni\u0105 zachwyca\u0107. Id\u0105 \u015bwi\u0119ta! to prawdziwa studnia wiedzy, kt\u00f3ra nie tylko skrywa w sobie tyle fajnych informacji, ciekawi i zachwyca ilustracjami, ale pokazuje r\u00f3wnie\u017c, co tak naprawd\u0119 liczy si\u0119 w \u015bwi\u0119tach. Polecamy i uwa\u017camy, \u017ce to obowi\u0105zkowa pozycja w dzieci\u0119cej biblioteczce.<\/p>\n<p style=\"text-align: justify;\"><a href=\"http:\/\/zapatrzonawksiazki.pl\/index.php\/2019\/10\/03\/duch-z-fabryki-krowek-david-oconnell\/\">Duch z fabryki kr\u00f3wek David O\u2019Connell<\/a><br \/>\n<em>Duch z fabryki kr\u00f3wek<\/em> to powie\u015b\u0107, kt\u00f3r\u0105 si\u0119 czyta z prawdziw\u0105 przyjemno\u015bci\u0105 i nieustaj\u0105cym zachwytem. To historia pe\u0142na przyg\u00f3d oraz wartkiej akcji, porywaj\u0105cej czytelnika od pierwszych stron i niedaj\u0105ca o sobie zapomnie\u0107. Bawi, robi smaka na te wszystkie wspominane s\u0142odko\u015bci, zach\u0119ca do wsp\u00f3lnego rozwi\u0105zywania zagadek. Autor ma niesamowit\u0105 wyobra\u017ani\u0119, jestem pod jej du\u017cym wra\u017ceniem, bo ja mam szalone pomys\u0142y, ale to, co tu si\u0119 dzieje\u2026 No naprawd\u0119 wielkie brawa! Nie mo\u017cna te\u017c zapomnie\u0107 o rewelacyjnych ilustracjach Claire Powell, kt\u00f3re idealnie wsp\u00f3\u0142graj\u0105 z tekstem i s\u0105 jego idealnym uzupe\u0142nieniem.<\/p>\n<p style=\"text-align: justify;\"><a href=\"http:\/\/zapatrzonawksiazki.pl\/index.php\/2019\/02\/19\/amelka-kiel-i-bal-barbarzyncow-laura-ellen-anderson\/\">Amelka Kie\u0142 i Bal Barbarzy\u0144c\u00f3w Laura Ellen Anderson<\/a><br \/>\n<em>Amelka Kie\u0142 i Bal Barbarzy\u0144c\u00f3w<\/em> zachwyca od pierwszych stron i do ko\u0144ca nie wypuszcza ze swoich\u2026 k\u0142\u00f3w. Autorka poprzez tre\u015b\u0107 oraz swoje ilustracje przykuwa uwag\u0119 czytelnika, sprawiaj\u0105c, \u017ce ten z zachwytem przygl\u0105da si\u0119 grafikom i zapoznaje z tekstem, kt\u00f3ry bawi, wzrusza, a tak\u017ce sk\u0142ania do zadawania pyta\u0144 i rozmy\u015bla\u0144 nad tym, \u017ce nie wolno ocenia\u0107 po pozorach i warto kogo\u015b lepiej pozna\u0107, by dostrzec, jaki jest naprawd\u0119. Przede wszystkim jednak oczarowuje pomys\u0142owo\u015bci\u0105 oraz ciep\u0142ym i zabawnym klimatem. Dodatkowym plusem jest to, \u017ce ksi\u0105\u017ck\u0119 mog\u0105 czyta\u0107 dziecku rodzice, jak i on sam, bo czcionka jest du\u017ca, rozdzia\u0142y kr\u00f3tkie, a ilustracje idealnie wsp\u00f3\u0142graj\u0105 z tre\u015bci\u0105.<\/p>\n<p style=\"text-align: justify;\"><a href=\"http:\/\/zapatrzonawksiazki.pl\/index.php\/2019\/03\/24\/nauka-czytania-agnieszka-lubkowska\/\">Nauka czytania Agnieszka \u0141ubkowska<\/a><br \/>\nKa\u017cda z cz\u0119\u015bci zawiera du\u017co \u0107wicze\u0144 wspomagaj\u0105cych nauczanie, koncentracje oraz wyciszenie. Agnieszka \u0141ubkowska pokazuje, jak wa\u017cne jest to, by dziecko by\u0142o rozlu\u017anione, ch\u0119tne do nauki i dobrze si\u0119 przy tym bawi\u0142o. My jeste\u015bmy tym tytu\u0142em zachwyceni, dzieci s\u0105 pe\u0142ne zapa\u0142u do nauki, ch\u0119tnie wsp\u00f3\u0142pracuj\u0105, nawet je\u015bli czasami chc\u0105 tylko pos\u0142ucha\u0107 samych historyjek. Osobi\u015bcie mog\u0119 napisa\u0107, \u017ce <em>Nauka czytania<\/em> to \u015bwietna publikacja, kt\u00f3ra powinna znale\u017a\u0107 si\u0119 w biblioteczce ka\u017cdego pocz\u0105tkuj\u0105cego czytelnika. \u015awietnie wydana, uczy oraz bawi.<\/p>\n","protected":false},"excerpt":{"rendered":"<p>Moja lista bestseller\u00f3w 2019. W ko\u0144cu mog\u0119 wam zaprezentowa\u0107 tytu\u0142y, kt\u00f3re zachwyci\u0142y mnie w minionym roku, bo ja jak to ja, zawsze dzia\u0142am w swoim rytmie i na w\u0142asnych zasadach, wszak jest tyle czasu, hehe. D\u0142ugo si\u0119 zastanawia\u0142am nad tym, kt\u00f3re ksi\u0105\u017cki zas\u0142uguj\u0105 na miano najlepszych, bo w 2019 przeczyta\u0142am du\u017co \u015bwietnych ksi\u0105\u017cek, kt\u00f3re bardzo [&hellip;]<\/p>\n","protected":false},"author":2,"featured_media":5041,"comment_status":"open","ping_status":"open","sticky":false,"template":"","format":"standard","meta":[],"categories":[1471],"tags":[1139],"jetpack_featured_media_url":"https:\/\/zapatrzonawksiazki.pl\/wp-content\/uploads\/2020\/01\/Moja-lista-bestseller\u00f3w-2019-zapatrzonawksiazki-pl.jpg","_links":{"self":[{"href":"https:\/\/zapatrzonawksiazki.pl\/index.php\/wp-json\/wp\/v2\/posts\/5038"}],"collection":[{"href":"https:\/\/zapatrzonawksiazki.pl\/index.php\/wp-json\/wp\/v2\/posts"}],"about":[{"href":"https:\/\/zapatrzonawksiazki.pl\/index.php\/wp-json\/wp\/v2\/types\/post"}],"author":[{"embeddable":true,"href":"https:\/\/zapatrzonawksiazki.pl\/index.php\/wp-json\/wp\/v2\/users\/2"}],"replies":[{"embeddable":true,"href":"https:\/\/zapatrzonawksiazki.pl\/index.php\/wp-json\/wp\/v2\/comments?post=5038"}],"version-history":[{"count":3,"href":"https:\/\/zapatrzonawksiazki.pl\/index.php\/wp-json\/wp\/v2\/posts\/5038\/revisions"}],"predecessor-version":[{"id":5051,"href":"https:\/\/zapatrzonawksiazki.pl\/index.php\/wp-json\/wp\/v2\/posts\/5038\/revisions\/5051"}],"wp:featuredmedia":[{"embeddable":true,"href":"https:\/\/zapatrzonawksiazki.pl\/index.php\/wp-json\/wp\/v2\/media\/5041"}],"wp:attachment":[{"href":"https:\/\/zapatrzonawksiazki.pl\/index.php\/wp-json\/wp\/v2\/media?parent=5038"}],"wp:term":[{"taxonomy":"category","embeddable":true,"href":"https:\/\/zapatrzonawksiazki.pl\/index.php\/wp-json\/wp\/v2\/categories?post=5038"},{"taxonomy":"post_tag","embeddable":true,"href":"https:\/\/zapatrzonawksiazki.pl\/index.php\/wp-json\/wp\/v2\/tags?post=5038"}],"curies":[{"name":"wp","href":"https:\/\/api.w.org\/{rel}","templated":true}]}}