{"id":5031,"date":"2020-01-01T20:29:11","date_gmt":"2020-01-01T19:29:11","guid":{"rendered":"http:\/\/zapatrzonawksiazki.pl\/?p=5031"},"modified":"2020-01-05T15:01:43","modified_gmt":"2020-01-05T14:01:43","slug":"01-2020-nowosci-zapowiedzi-styczen","status":"publish","type":"post","link":"https:\/\/zapatrzonawksiazki.pl\/index.php\/2020\/01\/01\/01-2020-nowosci-zapowiedzi-styczen\/","title":{"rendered":"#01\/2020 Nowo\u015bci\/zapowiedzi  \u2013 STYCZE\u0143"},"content":{"rendered":"<p style=\"text-align: justify;\">Nowo\u015bci\/zapowiedzi (#01\/2020)\u2013 to cykl ukazuj\u0105cy si\u0119 raz w miesi\u0105cu, kt\u00f3ry przedstawia nadchodz\u0105ce zapowiedzi lub nowo\u015bci wydawnicze na dany miesi\u0105c. Moje wybory s\u0105 ca\u0142kowicie subiektywne i dokonane pod k\u0105tem moich zainteresowa\u0144 czytelniczych.<br \/>\nLegenda: tytu\u0142y s\u0105 podlinkowane i przenosz\u0105 do opisu ksi\u0105\u017cki;<br \/>\n<span style=\"color: #ff0000;\">\/\/\/ czerwone<\/span> \u2013 musz\u0119 mie\u0107,<br \/>\n<span style=\"color: #008000;\">\/\/ zielone<\/span> \u2013 mam\/w drodze do mnie,<br \/>\n<span style=\"color: #0000ff;\">\/ niebieskie<\/span> \u2013 ciekawi\u0105 mnie, ale mog\u0119 na nie poczeka\u0107.<\/p>\n<p><img decoding=\"async\" loading=\"lazy\" class=\"aligncenter wp-image-5034 size-medium\" src=\"http:\/\/zapatrzonawksiazki.pl\/wp-content\/uploads\/2020\/01\/zapowiedzi1012020-300x300.jpg\" alt=\"#01\/2020\" width=\"300\" height=\"300\" srcset=\"https:\/\/zapatrzonawksiazki.pl\/wp-content\/uploads\/2020\/01\/zapowiedzi1012020-300x300.jpg 300w, https:\/\/zapatrzonawksiazki.pl\/wp-content\/uploads\/2020\/01\/zapowiedzi1012020-150x150.jpg 150w, https:\/\/zapatrzonawksiazki.pl\/wp-content\/uploads\/2020\/01\/zapowiedzi1012020.jpg 600w\" sizes=\"(max-width: 300px) 100vw, 300px\" \/><\/p>\n<p style=\"text-align: justify;\"><strong>15.01<\/strong><br \/>\n<span style=\"color: #ff0000;\">\/\/\/<\/span>\u00a0<a href=\"https:\/\/www.empik.com\/maybe-now-maybe-not-hoover-colleen,p1236143556,ksiazka-p\">Maybe Now. Maybe Not Colleen Hoover<\/a> \/ Otwarte \/ Obyczajowa<br \/>\n<span style=\"color: #ff0000;\">\/\/\/<\/span>\u00a0<a href=\"https:\/\/www.empik.com\/saturn-bezlitosna-sila-tom-3-lingas-loniewska-agnieszka,p1236362726,ksiazka-p\">Saturn\u00a0Agnieszka Lingas-\u0141oniewska<\/a> \/Burda Ksi\u0105\u017cki \/ Obyczajowa<br \/>\n<span style=\"color: #0000ff;\">\/<\/span>\u00a0<a href=\"https:\/\/www.empik.com\/ostatni-jameson-hanna,p1236449380,ksiazka-p\">Ostatni\u00a0Hanna Jameson<\/a> \/ Czarna Owca \/ Horror<br \/>\n<span style=\"color: #ff0000;\">\/\/\/<\/span>\u00a0<a href=\"https:\/\/www.empik.com\/kissing-madeline-dearest-tom-3-martin-lex,p1236303839,ksiazka-p\">Madeline. Dearest\u00a0Lex Martin<\/a> \/ Kobiece \/ New Adult<br \/>\n<span style=\"color: #0000ff;\">\/<\/span>\u00a0<a href=\"https:\/\/www.empik.com\/klub-odkrywcow-niedzwiedz-polarny-bell-alex,p1237015205,ksiazka-p\">Klub Odkrywc\u00f3w Nied\u017awied\u017a polarny\u00a0Alex Bell<\/a> \/ Wilga \/\u00a0Lit. dzieci\u0119ca<\/p>\n<p style=\"text-align: justify;\"><strong>21.01<\/strong><br \/>\n<span style=\"color: #0000ff;\">\/<\/span>\u00a0<a href=\"https:\/\/zysk.com.pl\/2019\/12\/06\/milczenie-tim-lebbon\/\">Milczenie Tim Lebbon<\/a> \/ Zysk i S-ka \/ Horror<\/p>\n<p><img decoding=\"async\" loading=\"lazy\" class=\"aligncenter wp-image-5035 size-medium\" src=\"http:\/\/zapatrzonawksiazki.pl\/wp-content\/uploads\/2020\/01\/zapowiedzi2012020-300x300.jpg\" alt=\"#1\/2020\" width=\"300\" height=\"300\" srcset=\"https:\/\/zapatrzonawksiazki.pl\/wp-content\/uploads\/2020\/01\/zapowiedzi2012020-300x300.jpg 300w, https:\/\/zapatrzonawksiazki.pl\/wp-content\/uploads\/2020\/01\/zapowiedzi2012020-150x150.jpg 150w, https:\/\/zapatrzonawksiazki.pl\/wp-content\/uploads\/2020\/01\/zapowiedzi2012020.jpg 600w\" sizes=\"(max-width: 300px) 100vw, 300px\" \/><\/p>\n<p style=\"text-align: justify;\"><strong>22.01<\/strong><br \/>\n<span style=\"color: #ff0000;\">\/\/\/<\/span>\u00a0<a href=\"https:\/\/www.empik.com\/eleanor-grey-cherry-brittainy-c,p1236297671,ksiazka-p\">Eleanor &amp; Grey\u00a0Brittainy C. Cherry<\/a> \/ Filia \/ Obyczajowa<br \/>\n<span style=\"color: #0000ff;\">\/<\/span>\u00a0<a href=\"https:\/\/www.empik.com\/tylko-badz-przy-mnie-kneidl-laura,p1236237305,ksiazka-p\">Tylko b\u0105d\u017a przy mnie\u00a0Laura Kneidl<\/a> \/ Jaguar \/ New Adult<\/p>\n<p style=\"text-align: justify;\"><strong>29.01<\/strong><br \/>\n<span style=\"color: #0000ff;\">\/<\/span>\u00a0<a href=\"https:\/\/www.empik.com\/zniszcz-mnie-langner-anna,p1236304388,ksiazka-p\">Zniszcz mnie\u00a0Anna Langner<\/a> \/ Kobiece \/ Romans<br \/>\n<span style=\"color: #008000;\">\/\/<\/span>\u00a0<a href=\"https:\/\/www.empik.com\/instytut-archer-k-c,p1237060968,ksiazka-p\">Instytut\u00a0K.C. Archer<\/a> \/ Uroboros \/ Fantasy<br \/>\n<span style=\"color: #ff0000;\">\/\/\/<\/span>\u00a0<a href=\"https:\/\/www.empik.com\/okno-z-widokiem-kordel-magdalena,p1236821265,ksiazka-p\">Okno z widokiem\u00a0Magdalena Kordel<\/a> \/ Znak \/ Obyczajowa<br \/>\n<span style=\"color: #0000ff;\">\/<\/span>\u00a0<a href=\"https:\/\/www.empik.com\/historia-kolorow-jak-kolory-ksztaltowaly-swiat-gifford-clive,p1236874300,ksiazka-p\">Historia kolor\u00f3w\u00a0Clive Gifford<\/a> \/ Nasza Ksi\u0119garnia \/ Lit. dzieci\u0119ca<\/p>\n","protected":false},"excerpt":{"rendered":"<p>Nowo\u015bci\/zapowiedzi (#01\/2020)\u2013 to cykl ukazuj\u0105cy si\u0119 raz w miesi\u0105cu, kt\u00f3ry przedstawia nadchodz\u0105ce zapowiedzi lub nowo\u015bci wydawnicze na dany miesi\u0105c. Moje wybory s\u0105 ca\u0142kowicie subiektywne i dokonane pod k\u0105tem moich zainteresowa\u0144 czytelniczych. Legenda: tytu\u0142y s\u0105 podlinkowane i przenosz\u0105 do opisu ksi\u0105\u017cki; \/\/\/ czerwone \u2013 musz\u0119 mie\u0107, \/\/ zielone \u2013 mam\/w drodze do mnie, \/ niebieskie \u2013 [&hellip;]<\/p>\n","protected":false},"author":2,"featured_media":5033,"comment_status":"open","ping_status":"open","sticky":false,"template":"","format":"standard","meta":[],"categories":[1433],"tags":[25],"jetpack_featured_media_url":"https:\/\/zapatrzonawksiazki.pl\/wp-content\/uploads\/2020\/01\/00Nowo\u015bci-Zapowiedzi2.jpg","_links":{"self":[{"href":"https:\/\/zapatrzonawksiazki.pl\/index.php\/wp-json\/wp\/v2\/posts\/5031"}],"collection":[{"href":"https:\/\/zapatrzonawksiazki.pl\/index.php\/wp-json\/wp\/v2\/posts"}],"about":[{"href":"https:\/\/zapatrzonawksiazki.pl\/index.php\/wp-json\/wp\/v2\/types\/post"}],"author":[{"embeddable":true,"href":"https:\/\/zapatrzonawksiazki.pl\/index.php\/wp-json\/wp\/v2\/users\/2"}],"replies":[{"embeddable":true,"href":"https:\/\/zapatrzonawksiazki.pl\/index.php\/wp-json\/wp\/v2\/comments?post=5031"}],"version-history":[{"count":3,"href":"https:\/\/zapatrzonawksiazki.pl\/index.php\/wp-json\/wp\/v2\/posts\/5031\/revisions"}],"predecessor-version":[{"id":5037,"href":"https:\/\/zapatrzonawksiazki.pl\/index.php\/wp-json\/wp\/v2\/posts\/5031\/revisions\/5037"}],"wp:featuredmedia":[{"embeddable":true,"href":"https:\/\/zapatrzonawksiazki.pl\/index.php\/wp-json\/wp\/v2\/media\/5033"}],"wp:attachment":[{"href":"https:\/\/zapatrzonawksiazki.pl\/index.php\/wp-json\/wp\/v2\/media?parent=5031"}],"wp:term":[{"taxonomy":"category","embeddable":true,"href":"https:\/\/zapatrzonawksiazki.pl\/index.php\/wp-json\/wp\/v2\/categories?post=5031"},{"taxonomy":"post_tag","embeddable":true,"href":"https:\/\/zapatrzonawksiazki.pl\/index.php\/wp-json\/wp\/v2\/tags?post=5031"}],"curies":[{"name":"wp","href":"https:\/\/api.w.org\/{rel}","templated":true}]}}