{"id":5002,"date":"2019-12-25T21:32:05","date_gmt":"2019-12-25T20:32:05","guid":{"rendered":"http:\/\/zapatrzonawksiazki.pl\/?p=5002"},"modified":"2019-12-26T21:51:17","modified_gmt":"2019-12-26T20:51:17","slug":"wrozka-prawdomowka-matt-haig","status":"publish","type":"post","link":"https:\/\/zapatrzonawksiazki.pl\/index.php\/2019\/12\/25\/wrozka-prawdomowka-matt-haig\/","title":{"rendered":"[ChristmasBooks] &#8220;Wr\u00f3\u017cka Prawdom\u00f3wka&#8221; Matt Haig"},"content":{"rendered":"<blockquote>\n<p style=\"text-align: justify;\">Bo widzisz, \u017cycie Twoje jest jak g\u0142os, musisz wierzy\u0107 w siebie.<br \/>\nWyb\u00f3r, jak tego g\u0142osu u\u017cy\u0107 &#8211; nale\u017cy do Ciebie.*<\/p>\n<\/blockquote>\n<p style=\"text-align: justify;\"><img decoding=\"async\" loading=\"lazy\" class=\"size-medium wp-image-5004 alignleft\" src=\"http:\/\/zapatrzonawksiazki.pl\/wp-content\/uploads\/2019\/12\/wrozka-prawdomowka-b-iext55454831-229x300.jpg\" alt=\"\" width=\"229\" height=\"300\" srcset=\"https:\/\/zapatrzonawksiazki.pl\/wp-content\/uploads\/2019\/12\/wrozka-prawdomowka-b-iext55454831-229x300.jpg 229w, https:\/\/zapatrzonawksiazki.pl\/wp-content\/uploads\/2019\/12\/wrozka-prawdomowka-b-iext55454831-768x1007.jpg 768w, https:\/\/zapatrzonawksiazki.pl\/wp-content\/uploads\/2019\/12\/wrozka-prawdomowka-b-iext55454831-781x1024.jpg 781w, https:\/\/zapatrzonawksiazki.pl\/wp-content\/uploads\/2019\/12\/wrozka-prawdomowka-b-iext55454831.jpg 915w\" sizes=\"(max-width: 229px) 100vw, 229px\" \/>Ka\u017cdy z nas pragnie mie\u0107 jaki\u015b cel w \u017cyciu. Czujemy wtedy, \u017ce uda\u0142o si\u0119 nam co\u015b osi\u0105gn\u0105\u0107 i robimy co\u015b wa\u017cnego. Tylko co zrobi\u0107, gdy nasze post\u0119powanie rani innych i wszystkich zniech\u0119ca do kontaktu z nami? Gdy nie mo\u017cemy przesta\u0107, bo to jest silniejsze od tego, co czujemy i pragniemy m\u00f3wi\u0107?<\/p>\n<p style=\"text-align: justify;\">\u017by\u0142a sobie w Elfim Jarze pewna wr\u00f3\u017cka, kt\u00f3ra nie mia\u0142a przyjaci\u00f3\u0142, a i rodzina si\u0119 od niej odwr\u00f3ci\u0142a ca\u0142a. Nie dlatego, \u017ce by\u0142a z\u0142a lub co\u015b zbroi\u0142a. Spe\u0142nia\u0142a tylko \u017cyciowe zadanie przepowiedziane przez ciotk\u0119 &#8211; ca\u0142y czas m\u00f3wi\u0142a prawd\u0119. I chocia\u017c wszyscy twierdz\u0105, \u017ce s\u0142ysze\u0107 j\u0105 chc\u0105, to w rzeczywisto\u015bci jest zupe\u0142nie inaczej. Czasem ona rani i smuci, czasem odbiera nadziej\u0119 i chocia\u017c Wr\u00f3\u017cka Prawdom\u00f3wka bardzo si\u0119 stara, nie mo\u017ce milcze\u0107 ani sk\u0142ama\u0107. Czy zawsze b\u0119dzie tak w \u017cyciu sama?<\/p>\n<p style=\"text-align: justify;\">Uwielbiam ksi\u0105\u017cki Matta Haiga i nie mog\u0142am sobie odm\u00f3wi\u0107 jego najnowszej powie\u015bci. Bez czytania opisu, sprawdzania czegokolwiek zam\u00f3wi\u0142am i czeka\u0142am, a\u017c do mnie dotrze. Wyobra\u017acie sobie moje zdziwienie, gdy <em>Wr\u00f3\u017cka Prawdom\u00f3wka<\/em> trafi\u0142a w moje r\u0119ce. Taka ma\u0142a, niepozorna, wr\u0119cz komiksowa forma. Zaskoczona, ale i ogromnie ciekawa, zabra\u0142am si\u0119 za czytanie. Co mog\u0119 o niej napisa\u0107?<\/p>\n<p style=\"text-align: justify;\">Tym razem Matt Haig postawi\u0142 na wierszowan\u0105 form\u0119 i tekstu w ksi\u0105\u017ceczce za du\u017co nie ma, trzeba jednak przyzna\u0107, \u017ce tre\u015b\u0107 jest lekka w odbiorze i zrozumia\u0142a dla dziecka. Autor ponownie porusza wa\u017cny temat, jakim jest m\u00f3wienie prawdy i pokazuje, \u017ce mo\u017cna j\u0105 przekaza\u0107 na wiele sposob\u00f3w. Mo\u017cna m\u00f3wi\u0107 wprost i bez zastanowienia si\u0119, czy sprawimy tym komu\u015b przykro\u015b\u0107, ale mo\u017cemy ubra\u0107 j\u0105 w odpowiednie s\u0142owa. Z\u0142agodzi\u0107 b\u00f3l, jaki sob\u0105 niesie i da\u0107 nadziej\u0119 na lepsze dni. W<em>r\u00f3\u017cka Prawdom\u00f3wka<\/em> to powie\u015b\u0107 o smutku, poczuciu odrzucenia, ale r\u00f3wnie\u017c pe\u0142na poczucia humoru, nadziei i refleksji.<\/p>\n<p style=\"text-align: justify;\">Nie mo\u017cna te\u017c nie wspomnie\u0107 o wspania\u0142ych ilustracjach Chrisa Moulda. Czarno bia\u0142e, zdobi\u0105 ka\u017cd\u0105 stron\u0119 i idealnie wsp\u00f3\u0142graj\u0105 z tre\u015bci\u0105. \u015awietnie ukazuj\u0105 mimik\u0119 postaci, ich emocje oraz wygl\u0105d. Trudno oderwa\u0107 od nich wzrok. Osobi\u015bcie nie mog\u0119 si\u0119 na nie napatrze\u0107.<\/p>\n<p style=\"text-align: justify;\"><em>Wr\u00f3\u017cka Prawdom\u00f3wk<\/em>a to lektura na kilkana\u015bcie minut, no, chyba \u017ce &#8211; tak jak ja &#8211; zatraca si\u0119 w podziwianiu ilustracji &#8211; wtedy czytanie mo\u017ce trwa\u0107 i trwa\u0107. Matt Haig ponownie mnie zachwyci\u0142, stworzy\u0142 prost\u0105 w przekazie opowie\u015b\u0107 o prawdzie i jej przekazywaniu. M\u0105dra, otulaj\u0105ca ciep\u0142em i bawi\u0105ca zabawnym fragmentami. No i ilustrator, kt\u00f3ry sprawi\u0142, \u017ce jak zaczarowana przewraca\u0142am kolejne strony, nie mog\u0105c si\u0119 napatrze\u0107 na te wszystkie szczeg\u00f3\u0142y.<\/p>\n<p style=\"text-align: justify;\">Polecam z ca\u0142ego serca du\u017cym i ma\u0142ym. <em>Wr\u00f3\u017cka Prawdom\u00f3wka<\/em> to ciep\u0142a i warto\u015bciowa ksi\u0105\u017ceczka, kt\u00f3ra nie tylko bawi, ale r\u00f3wnie\u017c porusza zawartym w sobie przekazem.<\/p>\n<p style=\"text-align: justify;\"><strong>Autor:<\/strong> Matt Haig<br \/>\n<strong>Tytu\u0142:<\/strong> Wr\u00f3\u017cka Prawdom\u00f3wka<br \/>\n<strong>Wydawnictwo:<\/strong> Zysk i S-ka<br \/>\n<strong>Wydanie:<\/strong> I<br \/>\n<strong>Data wydania:<\/strong> 2019-11-26<br \/>\n<strong>Kategoria:<\/strong> lit. dzieci\u0119ca<br \/>\n<strong>ISBN:<\/strong> 9788381167802<br \/>\n<strong>Liczba stron:<\/strong> 128<br \/>\n<strong>Ocena:<\/strong> 8\/10<\/p>\n<p style=\"text-align: center;\"><a href=\"http:\/\/zapatrzonawksiazki.pl\/index.php\/2018\/11\/30\/chlopiec-zwany-gwiazdka-matt-haig\/\">Ch\u0142opiec zwany Gwiazdk\u0105<\/a> | <a href=\"http:\/\/zapatrzonawksiazki.pl\/index.php\/2018\/12\/16\/dziewczynka-ktora-uratowala-gwiazdke-matt-haig\/\">Dziewczynka, kt\u00f3ra uratowa\u0142a Gwiazdk\u0119<\/a> |<a href=\"http:\/\/zapatrzonawksiazki.pl\/index.php\/2019\/12\/20\/ojciec-gwiazdka-i-ja-matt-haig\/\"> Ojciec Gwiazdka i ja<\/a> | <em>Wr\u00f3\u017cka Prawdom\u00f3wka<\/em><\/p>\n","protected":false},"excerpt":{"rendered":"<p>Bo widzisz, \u017cycie Twoje jest jak g\u0142os, musisz wierzy\u0107 w siebie. Wyb\u00f3r, jak tego g\u0142osu u\u017cy\u0107 &#8211; nale\u017cy do Ciebie.* Ka\u017cdy z nas pragnie mie\u0107 jaki\u015b cel w \u017cyciu. Czujemy wtedy, \u017ce uda\u0142o si\u0119 nam co\u015b osi\u0105gn\u0105\u0107 i robimy co\u015b wa\u017cnego. Tylko co zrobi\u0107, gdy nasze post\u0119powanie rani innych i wszystkich zniech\u0119ca do kontaktu z [&hellip;]<\/p>\n","protected":false},"author":2,"featured_media":5003,"comment_status":"open","ping_status":"open","sticky":false,"template":"","format":"standard","meta":[],"categories":[5,4],"tags":[20,118,1438,17,71],"jetpack_featured_media_url":"https:\/\/zapatrzonawksiazki.pl\/wp-content\/uploads\/2019\/12\/wrozka-prawdomowka-zapatrzonawksiazki-pl.jpg","_links":{"self":[{"href":"https:\/\/zapatrzonawksiazki.pl\/index.php\/wp-json\/wp\/v2\/posts\/5002"}],"collection":[{"href":"https:\/\/zapatrzonawksiazki.pl\/index.php\/wp-json\/wp\/v2\/posts"}],"about":[{"href":"https:\/\/zapatrzonawksiazki.pl\/index.php\/wp-json\/wp\/v2\/types\/post"}],"author":[{"embeddable":true,"href":"https:\/\/zapatrzonawksiazki.pl\/index.php\/wp-json\/wp\/v2\/users\/2"}],"replies":[{"embeddable":true,"href":"https:\/\/zapatrzonawksiazki.pl\/index.php\/wp-json\/wp\/v2\/comments?post=5002"}],"version-history":[{"count":1,"href":"https:\/\/zapatrzonawksiazki.pl\/index.php\/wp-json\/wp\/v2\/posts\/5002\/revisions"}],"predecessor-version":[{"id":5005,"href":"https:\/\/zapatrzonawksiazki.pl\/index.php\/wp-json\/wp\/v2\/posts\/5002\/revisions\/5005"}],"wp:featuredmedia":[{"embeddable":true,"href":"https:\/\/zapatrzonawksiazki.pl\/index.php\/wp-json\/wp\/v2\/media\/5003"}],"wp:attachment":[{"href":"https:\/\/zapatrzonawksiazki.pl\/index.php\/wp-json\/wp\/v2\/media?parent=5002"}],"wp:term":[{"taxonomy":"category","embeddable":true,"href":"https:\/\/zapatrzonawksiazki.pl\/index.php\/wp-json\/wp\/v2\/categories?post=5002"},{"taxonomy":"post_tag","embeddable":true,"href":"https:\/\/zapatrzonawksiazki.pl\/index.php\/wp-json\/wp\/v2\/tags?post=5002"}],"curies":[{"name":"wp","href":"https:\/\/api.w.org\/{rel}","templated":true}]}}