{"id":49,"date":"2017-09-21T18:34:00","date_gmt":"2017-09-21T18:34:00","guid":{"rendered":"http:\/\/zapatrzonawksiazki.pl\/index.php\/2017\/09\/21\/rodzicielska-bezsilnosc\/"},"modified":"2018-10-07T00:26:26","modified_gmt":"2018-10-07T00:26:26","slug":"rodzicielska-bezsilnosc","status":"publish","type":"post","link":"https:\/\/zapatrzonawksiazki.pl\/index.php\/2017\/09\/21\/rodzicielska-bezsilnosc\/","title":{"rendered":"Rodzicielska bezsilno\u015b\u0107"},"content":{"rendered":"<div class=\"separator\" style=\"clear: both; text-align: center;\">\n<a href=\"https:\/\/1.bp.blogspot.com\/-O8b6q1VFptA\/WcQE84Ez0NI\/AAAAAAAAN64\/zygaLkIvuF4nSpCLk4T1FgLnnMpNrIZZQCLcBGAs\/s1600\/siedzcicho%2B%25282%2529.jpg\" imageanchor=\"1\" style=\"margin-left: 1em; margin-right: 1em;\"><img decoding=\"async\" loading=\"lazy\" border=\"0\" data-original-height=\"338\" data-original-width=\"600\" height=\"360\" src=\"https:\/\/1.bp.blogspot.com\/-O8b6q1VFptA\/WcQE84Ez0NI\/AAAAAAAAN64\/zygaLkIvuF4nSpCLk4T1FgLnnMpNrIZZQCLcBGAs\/s640\/siedzcicho%2B%25282%2529.jpg\" width=\"640\" \/><\/a><\/div>\n<div style=\"text-align: justify;\">\n<\/div>\n<div style=\"text-align: justify;\">\nNa wst\u0119pie chc\u0119 podzi\u0119kowa\u0107 wydawnictwu Czarna Owca za egzemplarz ksi\u0105\u017cki do recenzji, jak r\u00f3wnie\u017c w\u0142a\u015bcicielce bloga \u201eZapatrzona w ksi\u0105\u017cki\u201d za mo\u017cliwo\u015b\u0107 publikacji recenzji go\u015bcinnej u siebie na blogu.<\/div>\n<div style=\"text-align: justify;\">\n<\/div>\n<div style=\"text-align: justify;\">\nDrogi czytelniku dzi\u015b poruszymy bardzo powa\u017cny temat, jakim jest rodzicielstwo. Je\u015bli jeste\u015b rodzicem, a nawet je\u015bli nim nie jeste\u015b zapewne zgodzisz si\u0119 ze mn\u0105, \u017ce dla ka\u017cdego rodzica nadrz\u0119dnym celem jest, by zapewni\u0107 swoim dzieciom bezpieczne i szcz\u0119\u015bliwe dzieci\u0144stwo. Od kiedy na \u015bwiecie pojawia si\u0119 male\u0144stwo, to w\u0142a\u015bnie rodzic robi wszystko, aby ustrzec swoj\u0105 pociech\u0119 przed wszelkimi niebezpiecze\u0144stwami tego \u015bwiata. Niestety jednak nie zawsze, mimo wszelkich stara\u0144 rodzicom to si\u0119 udaje. Jedna chwila bowiem mo\u017ce zniszczy\u0107 ten misternie budowany kokon bezpiecze\u0144stwa, jakim otaczamy nasze skarby.<\/div>\n<div style=\"text-align: justify;\">\n<\/div>\n<div style=\"text-align: justify;\">\nDzi\u015b zapraszam ci\u0119 na spotkanie z ksi\u0105\u017ck\u0105, kt\u00f3ra u\u015bwiadomi ci, \u017ce nigdy, cho\u0107 nie wiem jak bardzo by\u015b si\u0119 stara\u0142 nie jeste\u015b w stanie przewidzie\u0107 tego, co przyniesie kolejna chwila i jak bardzo mo\u017ce ona zdruzgota\u0107 twoje \u017cycie.<\/div>\n<div style=\"text-align: justify;\">\n<\/div>\n<div style=\"text-align: justify;\">\nScott Sampson, g\u0142\u00f3wny bohater ksi\u0105\u017cki Brada Parksa \u201eSied\u017a cicho\u201d jest m\u0119\u017cczyzn\u0105, kt\u00f3remu \u017cycia mogliby\u015bmy pozazdro\u015bci\u0107. Cz\u0142owiek ten ma wszystko. Odpowiedzialn\u0105, presti\u017cow\u0105 prac\u0119 na stanowisku s\u0119dziego federalnego, wspania\u0142\u0105 kochaj\u0105c\u0105 \u017con\u0119 Alison i dw\u00f3jk\u0119 bli\u017ani\u0105t Emm\u0119 i Sama, wok\u00f3\u0142 kt\u00f3rych kr\u0119ci si\u0119 \u015bwiat rodzic\u00f3w. Ca\u0142a czw\u00f3rka wiedzie spokojne \u017cycie w pi\u0119knym domu w zacisznym, urokliwym miejscu, gdzie nie dociera zgie\u0142k codziennego \u017cycia. Czy\u017c nie brzmi to, jak prawdziwa sielanka? Niestety w \u017cyciu tej wspania\u0142ej rodziny nadchodzi taki dzie\u0144, kt\u00f3ry zamienia ich bajkowe \u017cycie w koszmar, z kt\u00f3rego chcieliby si\u0119 jak najszybciej obudzi\u0107. A zacz\u0119\u0142o si\u0119 tak niepozornie. Jeden SMS wystarczy\u0142, by ju\u017c nic nie by\u0142o takie samo jak przed chwil\u0105. Emma i Sam zostali porwani\u2026 W zasadzie ju\u017c to jedno zdanie wystarczy, aby czytelnik m\u00f3g\u0142, chocia\u017cby spr\u00f3bowa\u0107 wyobrazi\u0107 sobie co w tym momencie czuj\u0105 Alison i Scott. Jak wielka bezsilno\u015b\u0107 ich ogarnia. Wiedz\u0105, \u017ce teraz \u017cycie ich bezbronnych dzieci znajduje si\u0119 w r\u0119kach bezwzgl\u0119dnych ludzi, a jedyne co oni sami mog\u0105 zrobi\u0107 to czeka\u0107 na kolejny krok porywaczy.<\/div>\n<div style=\"text-align: justify;\">\n<\/div>\n<div style=\"text-align: justify;\">\n<i><b>\u201eR\u00f3b, co ka\u017cemy albo zabijemy twoje dzieci\u201d.<\/b><\/i><\/div>\n<div style=\"text-align: justify;\">\n<\/div>\n<div style=\"text-align: justify;\">\nTa kr\u00f3tka jak\u017ce przera\u017caj\u0105ca wiadomo\u015b\u0107 od porywaczy wstrz\u0105sa s\u0119dzi\u0105 dog\u0142\u0119bnie. Ju\u017c teraz wie, \u017ce stawk\u0105 w tej nier\u00f3wnej grze jest \u017cycie albo \u015bmier\u0107. Oboje z Alison wiedz\u0105, \u017ce nie cofn\u0105 si\u0119 przed niczym, aby odzyska\u0107 bli\u017ani\u0119ta. Czego chc\u0105 i kim s\u0105 przest\u0119pcy tego ju\u017c musisz dowiedzie\u0107 si\u0119 sam. Pozostawi\u0119 tylko jedn\u0105 ma\u0142\u0105 wskaz\u00f3wk\u0119, nie id\u017a po linii najmniejszego oporu, w tym przypadku nic nie jest oczywiste.<\/div>\n<div style=\"text-align: justify;\">\n<\/div>\n<div style=\"text-align: justify;\">\n\u201eSied\u017a cicho\u201d to moje pierwsze spotkanie z tw\u00f3rczo\u015bci\u0105 Brada Parksa, ale ju\u017c teraz wiem, \u017ce b\u0119d\u0119 chcia\u0142a zapozna\u0107 si\u0119 r\u00f3wnie\u017c z innymi jego utworami. Autor potrafi od pierwszych stron przyci\u0105gn\u0105\u0107 uwag\u0119 czytelnika, tak, \u017ce nie spos\u00f3b oderwa\u0107 si\u0119 od lektury. Wed\u0142ug mnie dzieje si\u0119 tak dzi\u0119ki po\u0142\u0105czeniu ze sob\u0105 kilku element\u00f3w tj. porwania dzieci, tragedii rodzinnej, co zawsze cieszy si\u0119 ogromnym zainteresowaniem czytelnik\u00f3w, no i oczywi\u015bcie wspaniale dopracowanego w\u0105tku kryminalnego. Nie mog\u0119 r\u00f3wnie\u017c pomin\u0105\u0107 wyrazistej kreacji bohater\u00f3w. Czytaj\u0105c, t\u0119 ksi\u0105\u017ck\u0119 od pocz\u0105tku do ko\u0144ca mia\u0142am wra\u017cenie, \u017ce \u017cadne napisane w niej zdanie nie jest przypadkowe. To, co mnie osobi\u015bcie uj\u0119\u0142o i chwyci\u0142o za serce to autentyczny wymiar tej historii. Wszystko to z czym musi zmierzy\u0107 si\u0119 ma\u0142\u017ce\u0144stwo Sampon&#8217;\u00f3w jest tak realne, \u017ce nie jeste\u015bmy w stanie ustrzec si\u0119 przed zastanawianiem si\u0119, co my sami zrobiliby\u015bmy w podobnej sytuacji.<\/div>\n<div style=\"text-align: justify;\">\n<\/div>\n<div style=\"text-align: justify;\">\nAutor dzi\u0119ki temu, \u017ce daje czytelnikowi mo\u017cliwo\u015b\u0107 przyjrzenia si\u0119, \u017cyciu naszych bohater\u00f3w i ich rodzin z bardzo bliska powoduje to, \u017ce z czasem staj\u0105 si\u0119 nam oni bardzo bliscy. Razem z nim cierpimy, ale te\u017c mamy nadziej\u0119. Sama chwilami nawet mia\u0142am wra\u017cenie, \u017ce jestem bardzo blisko Emmy i Scotta i wsp\u00f3lnie pr\u00f3bujemy zrozumie\u0107, o co w tym wszystkim tak naprawd\u0119 chodzi.<\/div>\n<div style=\"text-align: justify;\">\n<\/div>\n<div style=\"text-align: justify;\">\nNie mog\u0142aby r\u00f3wnie\u017c pomin\u0105\u0107 tego w jak trafny spos\u00f3b autor opisa\u0142 to, jak bardzo destrukcyjny wp\u0142yw tragedia rodzinna ma na Alison i Scotta ju\u017c nie jako rodzic\u00f3w, a w\u0142a\u015bnie jako ma\u0142\u017conk\u00f3w. Doskonale widzimy jak bardzo odmienne w obliczu tak wielkiego nieszcz\u0119\u015bcia mo\u017ce sta\u0107 si\u0119 nasze dotychczasowe postrzeganie naszej drugiej po\u0142\u00f3wki. Ma\u0142o tego, osoba, z kt\u00f3r\u0105 sp\u0119dzamy ka\u017cdy dzie\u0144 z du\u017cej cz\u0119\u015bci naszego \u017cycia mo\u017ce okaza\u0107 si\u0119 nam zupe\u0142nie obca. W\u00f3wczas na \u015bwiat\u0142o dzienne wychodz\u0105 sprawy z przesz\u0142o\u015bci, zaczynaj\u0105 si\u0119 podejrzenia, oskar\u017cenia i wzajemne pretensje. Teraz ju\u017c nie wiadomo komu ufa\u0107.<\/div>\n<div style=\"text-align: justify;\">\n<\/div>\n<div style=\"text-align: justify;\">\nW\u0142a\u015bnie dzi\u015b sko\u0144czy\u0142am czyta\u0107 \u201eSied\u017a cicho\u201d i musz\u0119 przyzna\u0107, \u017ce nie mog\u0142am si\u0119 powstrzyma\u0107, by natychmiast nie przela\u0107 na \u201epapier\u201d wszystkich swoich emocji. Ale zanim o emocjach wspomn\u0119, \u017ce mimo swojej du\u017cej obj\u0119to\u015bci, bo ponad pi\u0119ciuset stron za spraw\u0105 lekkiego stylu pisania autora, umiej\u0119tno\u015bci skupienia uwagi czytelnika,&nbsp; dynamicznego tempa akcji oraz budowania napi\u0119cia od pierwszego zdania kreowanej historii ksi\u0105\u017ck\u0119 czyta\u0142o mi si\u0119 niezwykle \u0142atwo i szybko. Jedyne, co odrobin\u0119 mi przeszkadza\u0142o to zbyt kr\u00f3tkie rozdzia\u0142y przedzielane pustymi stronami, co moim zdaniem by\u0142o zupe\u0142nie niepotrzebne. Natomiast je\u015bli chodzi o wspomniane ju\u017c wcze\u015bniej emocje, to bardzo ba\u0142am si\u0119 o \u017cycie dzieci, wsp\u00f3lnie z ich rodzicami prze\u017cywa\u0142am ka\u017cd\u0105 sekund\u0119 ich porwania, a samo zako\u0144czenie, kt\u00f3rego zupe\u0142nie si\u0119 nie spodziewa\u0142am ogromnie mnie wzruszy\u0142o wywo\u0142uj\u0105c \u0142zy. Niech b\u0119dzie to wystarczaj\u0105cym argumentem przemawiaj\u0105cym za tym, by\u015b i ty czytelniku si\u0119gn\u0105\u0142 po t\u0119 ksi\u0105\u017ck\u0119.<\/div>\n<div style=\"text-align: justify;\">\n<\/div>\n<div style=\"text-align: right;\">\nPozdrawiam,<\/div>\n<div style=\"text-align: right;\">\n<i>Agnieszka Kaniuk<\/i><\/div>\n<div style=\"text-align: justify;\">\n<\/div>\n<div style=\"text-align: justify;\">\n<b>Autor:<\/b> Brad Parks<\/div>\n<div style=\"text-align: justify;\">\n<b>Tytu\u0142:<\/b> Sied\u017a cicho<\/div>\n<div style=\"text-align: justify;\">\n<b>Wydawnictwo:<\/b> Czarna Owca<\/div>\n<div style=\"text-align: justify;\">\n<b>Wydanie:<\/b> I<\/div>\n<div style=\"text-align: justify;\">\n<b>Data wydania:<\/b> 2017-08-17<\/div>\n<div style=\"text-align: justify;\">\n<b>Kategoria:<\/b> thriller<\/div>\n<div style=\"text-align: justify;\">\n<b>ISBN:<\/b>&nbsp;9788380156142<\/div>\n<div style=\"text-align: justify;\">\n<b>Liczba stron:<\/b> 512<\/div>\n<div style=\"text-align: justify;\">\n<b>Ocena:<\/b> 9\/10<\/div>\n","protected":false},"excerpt":{"rendered":"<p>Na wst\u0119pie chc\u0119 podzi\u0119kowa\u0107 wydawnictwu Czarna Owca za egzemplarz ksi\u0105\u017cki do recenzji, jak r\u00f3wnie\u017c w\u0142a\u015bcicielce bloga \u201eZapatrzona w ksi\u0105\u017cki\u201d za mo\u017cliwo\u015b\u0107 publikacji recenzji go\u015bcinnej u siebie na blogu. Drogi czytelniku dzi\u015b poruszymy bardzo powa\u017cny temat, jakim jest rodzicielstwo. Je\u015bli jeste\u015b rodzicem, a nawet je\u015bli nim nie jeste\u015b zapewne zgodzisz si\u0119 ze mn\u0105, \u017ce dla ka\u017cdego [&hellip;]<\/p>\n","protected":false},"author":2,"featured_media":0,"comment_status":"open","ping_status":"open","sticky":false,"template":"","format":"standard","meta":[],"categories":[1],"tags":[11,35,36,37,14,17,38],"jetpack_featured_media_url":"","_links":{"self":[{"href":"https:\/\/zapatrzonawksiazki.pl\/index.php\/wp-json\/wp\/v2\/posts\/49"}],"collection":[{"href":"https:\/\/zapatrzonawksiazki.pl\/index.php\/wp-json\/wp\/v2\/posts"}],"about":[{"href":"https:\/\/zapatrzonawksiazki.pl\/index.php\/wp-json\/wp\/v2\/types\/post"}],"author":[{"embeddable":true,"href":"https:\/\/zapatrzonawksiazki.pl\/index.php\/wp-json\/wp\/v2\/users\/2"}],"replies":[{"embeddable":true,"href":"https:\/\/zapatrzonawksiazki.pl\/index.php\/wp-json\/wp\/v2\/comments?post=49"}],"version-history":[{"count":1,"href":"https:\/\/zapatrzonawksiazki.pl\/index.php\/wp-json\/wp\/v2\/posts\/49\/revisions"}],"predecessor-version":[{"id":1550,"href":"https:\/\/zapatrzonawksiazki.pl\/index.php\/wp-json\/wp\/v2\/posts\/49\/revisions\/1550"}],"wp:attachment":[{"href":"https:\/\/zapatrzonawksiazki.pl\/index.php\/wp-json\/wp\/v2\/media?parent=49"}],"wp:term":[{"taxonomy":"category","embeddable":true,"href":"https:\/\/zapatrzonawksiazki.pl\/index.php\/wp-json\/wp\/v2\/categories?post=49"},{"taxonomy":"post_tag","embeddable":true,"href":"https:\/\/zapatrzonawksiazki.pl\/index.php\/wp-json\/wp\/v2\/tags?post=49"}],"curies":[{"name":"wp","href":"https:\/\/api.w.org\/{rel}","templated":true}]}}