{"id":4852,"date":"2019-11-22T22:14:48","date_gmt":"2019-11-22T21:14:48","guid":{"rendered":"http:\/\/zapatrzonawksiazki.pl\/?p=4852"},"modified":"2019-11-25T22:21:48","modified_gmt":"2019-11-25T21:21:48","slug":"mrok-alicja-wlazlo","status":"publish","type":"post","link":"https:\/\/zapatrzonawksiazki.pl\/index.php\/2019\/11\/22\/mrok-alicja-wlazlo\/","title":{"rendered":"&#8220;Mrok&#8221; Alicja Wlaz\u0142o"},"content":{"rendered":"<blockquote>\n<p style=\"text-align: justify;\">Szcz\u0119\u015bcie tworz\u0105 kr\u00f3tkie momenty, niezale\u017cnie od ca\u0142okszta\u0142tu sytuacji. *<\/p>\n<\/blockquote>\n<p style=\"text-align: justify;\"><img decoding=\"async\" loading=\"lazy\" class=\"size-medium wp-image-4854 alignleft\" src=\"http:\/\/zapatrzonawksiazki.pl\/wp-content\/uploads\/2019\/11\/mrok-w-iext54661882-193x300.jpg\" alt=\"\" width=\"193\" height=\"300\" srcset=\"https:\/\/zapatrzonawksiazki.pl\/wp-content\/uploads\/2019\/11\/mrok-w-iext54661882-193x300.jpg 193w, https:\/\/zapatrzonawksiazki.pl\/wp-content\/uploads\/2019\/11\/mrok-w-iext54661882.jpg 225w\" sizes=\"(max-width: 193px) 100vw, 193px\" \/>Potrafimy znie\u015b\u0107 bardzo wiele cierpienia, ale ka\u017cdy ma swoje granice. I gdy zostaj\u0105 one przekroczone, wszystko ulega zmianie. Pod jego wp\u0142ywem podejmujemy decyzje, jakich normalnie nie braliby\u015bmy pod uwag\u0119. Zmagamy si\u0119 z b\u00f3lem, inaczej my\u015blimy i dzia\u0142amy. Stajemy wtedy te\u017c przed wyborem, czy chcemy si\u0119 podda\u0107, czy chcemy walczy\u0107 i po kt\u00f3rej ze stron stan\u0105\u0107.<\/p>\n<p style=\"text-align: justify;\">Lauren nie ma powod\u00f3w do narzekania. Jest w szcz\u0119\u015bliwym zwi\u0105zku, ma ju\u017c c\u00f3rk\u0119 i prac\u0119, kt\u00f3ra daje jej satysfakcj\u0119. Wielkimi krokami zbli\u017ca si\u0119 te\u017c \u015blub maj\u0105cy by\u0107 ostatecznym potwierdzeniem ich szcz\u0119\u015bcia. Te jednak nie trwa\u0142o zbyt d\u0142ugo. Jedno spotkanie zmienia wszystko, pozostawia po sobie wiele pyta\u0144, ale poznanie odpowiedzi na nie mo\u017ce mie\u0107 zbyt wysok\u0105 cen\u0119. Czy kobieta jest gotowa j\u0105 zap\u0142aci\u0107? Czy jest gotowa wyrzec si\u0119 swojego dotychczasowego \u017cycia i stan\u0105\u0107 w centrum konfliktu mi\u0119dzy Zaprzysi\u0119\u017conymi a Pot\u0119pionymi?<\/p>\n<p style=\"text-align: justify;\">Po <em>Mrok<\/em> si\u0119gn\u0119\u0142am z polecenia przyjaci\u00f3\u0142ki, kt\u00f3ra zawsze podsuwa mi co\u015b godnego uwagi. Co prawda powie\u015b\u0107 troch\u0119 odczeka\u0142a w kolejce, ale w ko\u0144cu zabra\u0142am si\u0119 za jej czytanie i po d\u0142ugich bojach uda\u0142o mi si\u0119 dobi\u0107 do ostatniego zdania. Co mog\u0119 o niej napisa\u0107?<\/p>\n<p style=\"text-align: justify;\">Nie da si\u0119 nie zauwa\u017cy\u0107, \u017ce Alicja Wlaz\u0142o mia\u0142a pomys\u0142 na fabu\u0142\u0119 i trzyma\u0142a si\u0119 raz obranej drogi. Stworzy\u0142a powie\u015b\u0107, kt\u00f3ra fascynuje wielo\u015bwiatami, w kt\u00f3rych \u017cyj\u0105 nie tylko ludzie, ale i istoty, o kt\u00f3rych ci pierwsi nie maj\u0105 poj\u0119cia. Intryguje opisami, ale w sumie niezbyt wiele nimi zdradza, co powoduje ogromny niedosyt i czasami przeszkadza w czytaniu, bo raz wszystko jest fajnie wyja\u015bnione, a raz czytelnik zostaje tylko poinformowany o czym\u015b, jakby to by\u0142o oczywiste. Miejscami wkrada si\u0119 r\u00f3wnie\u017c ma\u0142y chaos w tym wszystkim i trudno nad\u0105\u017cy\u0107 za opisywanymi wydarzeniami, a jest ich do\u015b\u0107 sporo i poznajemy je z r\u00f3\u017cnych punkt\u00f3w widzenia. Musz\u0119 ponarzeka\u0107 te\u017c troch\u0119 na emocje, kt\u00f3rych mi tutaj odrobin\u0119 brakowa\u0142o, chocia\u017c niby by\u0142y, ale jakby przyt\u0142umione. Mam wra\u017cenie, \u017ce <em>Mrok<\/em> jest jakby wst\u0119pem do tego, co b\u0119dzie dalej. Ma zaintrygowa\u0107 i niewiele zdradzi\u0107.<\/p>\n<p style=\"text-align: justify;\">Co si\u0119 tyczy bohater\u00f3w, to jest ich sporo, ale autorka radzi sobie z ich charakterystyk\u0105 i ju\u017c po samym zachowaniu mo\u017cna si\u0119 domy\u015bli\u0107, kto jest kim. Ka\u017cda z postaci r\u00f3\u017cni si\u0119 od pozosta\u0142ych dos\u0142ownie wszystkim. Trudno jest te\u017c tutaj kogokolwiek rozszyfrowa\u0107, bo niezbyt wiele zdradzaj\u0105 ze swoich my\u015bli, czy uczu\u0107, co uwa\u017cam akurat za plus, bo mog\u0105 zaskoczy\u0107 swoimi nast\u0119pnym krokami.<\/p>\n<p style=\"text-align: justify;\">Przyznaj\u0119, \u017ce ocenienie jednoznacznie tego tytu\u0142u jest dla mnie trudne, bo ostatnio moja wena na czytanie by\u0142a znikoma i nic nie by\u0142o na tyle dobre, by mnie odblokowa\u0107, a jednocze\u015bnie nieustannie wraca\u0142am do tej powie\u015bci i brn\u0119\u0142am chocia\u017c przez par\u0119 stron. <em>Mrok<\/em> nie jest z\u0142y, to dobry debiut, kt\u00f3ry ciekawi pomys\u0142em oraz jego realizacj\u0105, zabrak\u0142o mi tutaj tylko emocji, z jednej strony czu\u0142am ciekawo\u015b\u0107, ale mia\u0142am problem z zaanga\u017cowaniem si\u0119 w opowie\u015b\u0107 i wczucia si\u0119 w to, co czuj\u0105 bohaterowie. Zako\u0144czenie jednak sprawi\u0142o, \u017ce co\u015b we mnie drgn\u0119\u0142o i si\u0119gn\u0119 po kontynuacj\u0119.<\/p>\n<p style=\"text-align: justify;\"><em>Mrok<\/em> ma swoje plusy i minusy, mnie do ko\u0144ca nie porwa\u0142, ale zaciekawi\u0142 na tyle, by wci\u0105\u017c do niego powraca\u0107 a\u017c dotar\u0142am do ostatniej strony i si\u0119gn\u0105\u0107 po <em>Iskr\u0119<\/em>, gdy zostanie wydana.<\/p>\n<p style=\"text-align: justify;\"><strong>Autor:<\/strong> Alicja Wlaz\u0142o<br \/>\n<strong>Tytu\u0142:<\/strong> Mrok<br \/>\n<strong>Wydawnictwo:<\/strong> Inanna<br \/>\n<strong>Wydanie:<\/strong> II<br \/>\n<strong>Data wydania:<\/strong> 2019-07-31<br \/>\n<strong>Kategoria:<\/strong> fantasy<br \/>\n<strong>ISBN:<\/strong> 9788379954117<br \/>\n<strong>Liczba stron:<\/strong> 414<br \/>\n<strong>Ocena:<\/strong> 6\/10<\/p>\n<p style=\"text-align: center;\">Zaprzysi\u0119\u017ceni:<br \/>\n<em>Mrok<\/em> | Iskra<\/p>\n","protected":false},"excerpt":{"rendered":"<p>Szcz\u0119\u015bcie tworz\u0105 kr\u00f3tkie momenty, niezale\u017cnie od ca\u0142okszta\u0142tu sytuacji. * Potrafimy znie\u015b\u0107 bardzo wiele cierpienia, ale ka\u017cdy ma swoje granice. I gdy zostaj\u0105 one przekroczone, wszystko ulega zmianie. Pod jego wp\u0142ywem podejmujemy decyzje, jakich normalnie nie braliby\u015bmy pod uwag\u0119. Zmagamy si\u0119 z b\u00f3lem, inaczej my\u015blimy i dzia\u0142amy. Stajemy wtedy te\u017c przed wyborem, czy chcemy si\u0119 podda\u0107, [&hellip;]<\/p>\n","protected":false},"author":2,"featured_media":4853,"comment_status":"open","ping_status":"open","sticky":false,"template":"","format":"standard","meta":[],"categories":[5,4],"tags":[77,1627,86,1525,17,1626],"jetpack_featured_media_url":"https:\/\/zapatrzonawksiazki.pl\/wp-content\/uploads\/2019\/11\/mrok-zapatrzonawksiazki-pl.jpg","_links":{"self":[{"href":"https:\/\/zapatrzonawksiazki.pl\/index.php\/wp-json\/wp\/v2\/posts\/4852"}],"collection":[{"href":"https:\/\/zapatrzonawksiazki.pl\/index.php\/wp-json\/wp\/v2\/posts"}],"about":[{"href":"https:\/\/zapatrzonawksiazki.pl\/index.php\/wp-json\/wp\/v2\/types\/post"}],"author":[{"embeddable":true,"href":"https:\/\/zapatrzonawksiazki.pl\/index.php\/wp-json\/wp\/v2\/users\/2"}],"replies":[{"embeddable":true,"href":"https:\/\/zapatrzonawksiazki.pl\/index.php\/wp-json\/wp\/v2\/comments?post=4852"}],"version-history":[{"count":1,"href":"https:\/\/zapatrzonawksiazki.pl\/index.php\/wp-json\/wp\/v2\/posts\/4852\/revisions"}],"predecessor-version":[{"id":4855,"href":"https:\/\/zapatrzonawksiazki.pl\/index.php\/wp-json\/wp\/v2\/posts\/4852\/revisions\/4855"}],"wp:featuredmedia":[{"embeddable":true,"href":"https:\/\/zapatrzonawksiazki.pl\/index.php\/wp-json\/wp\/v2\/media\/4853"}],"wp:attachment":[{"href":"https:\/\/zapatrzonawksiazki.pl\/index.php\/wp-json\/wp\/v2\/media?parent=4852"}],"wp:term":[{"taxonomy":"category","embeddable":true,"href":"https:\/\/zapatrzonawksiazki.pl\/index.php\/wp-json\/wp\/v2\/categories?post=4852"},{"taxonomy":"post_tag","embeddable":true,"href":"https:\/\/zapatrzonawksiazki.pl\/index.php\/wp-json\/wp\/v2\/tags?post=4852"}],"curies":[{"name":"wp","href":"https:\/\/api.w.org\/{rel}","templated":true}]}}