{"id":4761,"date":"2019-10-25T20:54:48","date_gmt":"2019-10-25T18:54:48","guid":{"rendered":"http:\/\/zapatrzonawksiazki.pl\/?p=4761"},"modified":"2019-10-26T13:02:21","modified_gmt":"2019-10-26T11:02:21","slug":"miejsce-dominika-kluzniak","status":"publish","type":"post","link":"https:\/\/zapatrzonawksiazki.pl\/index.php\/2019\/10\/25\/miejsce-dominika-kluzniak\/","title":{"rendered":"&#8220;Miejsce&#8221; Dominika Klu\u017aniak"},"content":{"rendered":"<blockquote>\n<p style=\"text-align: justify;\">Prawdopodobnie wi\u0119kszo\u015b\u0107 z nas przez ca\u0142e swoje \u017cycie nie zaznaje ani razu czego\u015b takiego &#8211; po prostu siedzenia. Sam nie s\u0105dzi\u0142em, \u017ce co\u015b takiego istnieje, taki stan umys\u0142u, niczym niezm\u0105cony spok\u00f3j. Kiedy znajdujesz si\u0119 poza czasem i nie odczuwasz ch\u0119ci bycia w jakimkolwiek czasie, kiedy nie masz poczucia jakiegokolwiek obowi\u0105zku. Ale je\u015bli chocia\u017c raz zdo\u0142a si\u0119 tak usi\u0105\u015b\u0107, ju\u017c na zawsze pozostaje si\u0119 cho\u0107 odrobin\u0119 wolnym. [s. 22]<\/p>\n<\/blockquote>\n<p style=\"text-align: justify;\"><img decoding=\"async\" loading=\"lazy\" class=\"size-medium wp-image-4763 alignleft\" src=\"http:\/\/zapatrzonawksiazki.pl\/wp-content\/uploads\/2019\/10\/miejsce-w-iext54923108-210x300.jpg\" alt=\"\" width=\"210\" height=\"300\" srcset=\"https:\/\/zapatrzonawksiazki.pl\/wp-content\/uploads\/2019\/10\/miejsce-w-iext54923108-210x300.jpg 210w, https:\/\/zapatrzonawksiazki.pl\/wp-content\/uploads\/2019\/10\/miejsce-w-iext54923108.jpg 245w\" sizes=\"(max-width: 210px) 100vw, 210px\" \/>\u017bycie to ci\u0105g\u0142y bieg. Spieszymy si\u0119 do pracy, do szko\u0142y, na zakupy, na spotkanie, co\u015b za\u0142atwi\u0107, co\u015b odebra\u0107. Chcemy by\u0107 lepsi, mie\u0107 lepsz\u0105 prac\u0119, lepiej zarabia\u0107 i wygl\u0105da\u0107\u2026 Tylko czy warto i co nam to daje? Mo\u017ce czasem lepiej, by by\u0142o zatrzyma\u0107 si\u0119, zwolni\u0107 bieg wydarze\u0144, przesta\u0107 goni\u0107 za tym wszystkim i ws\u0142ucha\u0107 si\u0119 w siebie, w swoje my\u015bli i tak chocia\u017c raz na jaki\u015b czas egoistycznie odci\u0105\u0107 si\u0119 od ludzi, zada\u0144 i oczekiwa\u0144 wobec nas?<\/p>\n<p style=\"text-align: justify;\">M. Ma do\u015b\u0107 \u017cycia w mie\u015bcie i tej nieustaj\u0105cej gonitwy o wszystko. Po utracie ukochanej osoby zacz\u0119\u0142o do niego dociera\u0107, \u017ce dla niego to wszystko nie ma sensu, a wi\u0119kszo\u015b\u0107 tego, co go otacza, wzbudza w nim irytacj\u0119 i zm\u0119czenie. I dlatego, chocia\u017c kocha swoj\u0105 rodzin\u0119, wybiera samotne \u017cycie w g\u00f3rach. Boi si\u0119, \u017ce mo\u017ce nie da\u0107 rady, bo postanowienie jedno, a przyzwyczajenie drugie, ale przygarnia ze schroniska Psa i dzie\u0144 po dniu zaczyna nowe, samotne \u017cycie. Ws\u0142uchuje si\u0119 w swoje my\u015bli, otaczaj\u0105c\u0105 go cisz\u0119 lub odg\u0142osy przyrody.<\/p>\n<p style=\"text-align: justify;\">Gdyby nie mail z propozycj\u0105 zrecenzowania, to chyba jeszcze przez d\u0142ugi czas nie natkn\u0119\u0142abym si\u0119 na <em>Miejsce<\/em>. Czego w sumie mog\u0142abym \u017ca\u0142owa\u0107, bo chocia\u017c zaskoczy\u0142a mnie ta publikacja, to by\u0142o to ca\u0142kowicie pozytywne. Nie do ko\u0144ca wiedzia\u0142am, czego po niej oczekuje, ale jestem pewna, \u017ce nie spodziewa\u0142am si\u0119 tego, co w niej odnalaz\u0142am.<\/p>\n<p style=\"text-align: justify;\">Jak sama autorka pisze, <em>Miejsce<\/em> to takie jej wyobra\u017cenie tego, co by by\u0142o, gdyby naprawd\u0119 mo\u017cna by\u0142o schowa\u0107 si\u0119 przed \u015bwiatem. I my\u015bl\u0119, \u017ce \u015bmia\u0142o mog\u0119 napisa\u0107, \u017ce nie tylko ona si\u0119 nad tym zastanawia, bo chyba ka\u017cdy z nas ma czasem takie my\u015bli. Ta historia nie jest czym\u015b, co zazwyczaj czytam, ale co\u015b mnie do niej ci\u0105gn\u0119\u0142o. Czasem lubi\u0119 pochyli\u0107 si\u0119 nad czym\u015b powa\u017cniejszy, sk\u0142aniaj\u0105cym do refleksji i wykroczenia na \u015bcie\u017ck\u0119 filozoficznych rozwa\u017ca\u0144. Chocia\u017c <em>Miejsce<\/em> to czysta fikcja, to jednak trzeba przyzna\u0107, \u017ce bardzo realnie i szczeg\u00f3\u0142owo opisana. Dominika Klu\u017aniak opisuje losy m\u0119\u017cczyzny, kt\u00f3ry drastycznie zmieni\u0142 swoje \u017cycie i nie przejmuje si\u0119 tym, co b\u0119dzie, ani co my\u015bl\u0105 o nim inni. \u017byje z dnia na dzie\u0144, bez plan\u00f3w, nakazywania sobie czegokolwiek i grania pozor\u00f3w. Opisuje jak radzi sobie z konsekwencjami tego, co zrobi\u0142, jak wygl\u0105da jego dzie\u0144 obecnie. Uchyla furtki do jego my\u015bli oraz uczu\u0107, a te s\u0105 czasem chaotyczne i skomplikowane, a czasami pouk\u0142adane i takie oczywiste.<\/p>\n<p style=\"text-align: justify;\">Co do postaci, to najwa\u017cniejszy jest tutaj M. Reszta jest tylko t\u0142em, osobami potrzebnymi, by co\u015b mog\u0142o si\u0119 wydarzy\u0107, ale niezbyt istotnymi. Za to M., jego poznajemy bardzo, lecz czy do ko\u0144ca? Autorka rewelacyjnie ukaza\u0142a jego osobowo\u015b\u0107, my\u015bli, uczucia, pogl\u0105dy. Spos\u00f3b zachowania oraz charakterystyczne cechy. M\u0119\u017cczyzna odkrywa w g\u00f3rach siebie, swoje mocne i s\u0142abe strony, to kim jest i kim chce zosta\u0107. I autorka to wszystko opisuje, jego walk\u0119 z uczuciami, kt\u00f3rych nie chce, rozwa\u017cania, to jak powoli dostrzega inaczej \u015bwiat.<\/p>\n<p style=\"text-align: justify;\">Musz\u0119 przyzna\u0107, \u017ce trudno jest mi opisa\u0107 <em>Miejsce<\/em>. To powie\u015b\u0107, kt\u00f3r\u0105 ka\u017cdy odbierze inaczej. Ile ludzi tyle mo\u017ce by\u0107 punkt\u00f3w widzenia. Ka\u017cdy z nas mo\u017ce wynie\u015b\u0107 z niej co\u015b innego, na jaki\u015b inny szczeg\u00f3\u0142 zwr\u00f3ci\u0107 uwag\u0119. To chyba w niej mi si\u0119 najbardziej podoba. Oraz fakt, \u017ce czytaj\u0105c, ma si\u0119 wra\u017cenie, \u017ce siedzisz obok M. i s\u0142uchasz jego opowie\u015bci. Czasami wszystko jest zrozumia\u0142e, ale bywaj\u0105 momenty, gdy na ich zrozumienie potrzeba czasu, zatrzymania si\u0119 i pomy\u015blenia, postawienia si\u0119 w jego sytuacji, by zastanowi\u0107 si\u0119 nad tym, co my by\u015bmy zrobili w danej sytuacji lub maj\u0105c mo\u017cliwo\u015b\u0107 takiej ucieczki\u2026<\/p>\n<p style=\"text-align: justify;\">Nie wiem, jak wy, ale ja czasami mam ogromn\u0105 ochot\u0119 uciec od tego wszystkiego. Zaszy\u0107 si\u0119 gdzie\u015b, gdzie nie ma ludzi, odci\u0105\u0107 od internetu i zwyczajnie by\u0107. <em>Miejsce<\/em> pokaza\u0142o mi, jakie mog\u0105 by\u0107 plusy i minusy takiego kroku oraz sk\u0142oni\u0142o do wielu przemy\u015ble\u0144. Warto da\u0107 tej pozycji szans\u0119.<\/p>\n<p style=\"text-align: justify;\"><strong>Autor:<\/strong> Dominika Klu\u017aniak<br \/>\n<strong>Tytu\u0142:<\/strong> Miejsce<br \/>\n<strong>Wydawnictwo:<\/strong> Editio<br \/>\n<strong>Wydanie:<\/strong> I<br \/>\n<strong>Data wydania:<\/strong> 2019-09-24<br \/>\n<strong>Kategoria:<\/strong> lit. pi\u0119kna<br \/>\n<strong>ISBN:<\/strong> 9788328354845<br \/>\n<strong>Liczba stron:<\/strong> 160<br \/>\n<strong>Ocena:<\/strong> 7\/10<\/p>\n","protected":false},"excerpt":{"rendered":"<p>Prawdopodobnie wi\u0119kszo\u015b\u0107 z nas przez ca\u0142e swoje \u017cycie nie zaznaje ani razu czego\u015b takiego &#8211; po prostu siedzenia. Sam nie s\u0105dzi\u0142em, \u017ce co\u015b takiego istnieje, taki stan umys\u0142u, niczym niezm\u0105cony spok\u00f3j. Kiedy znajdujesz si\u0119 poza czasem i nie odczuwasz ch\u0119ci bycia w jakimkolwiek czasie, kiedy nie masz poczucia jakiegokolwiek obowi\u0105zku. Ale je\u015bli chocia\u017c raz zdo\u0142a [&hellip;]<\/p>\n","protected":false},"author":2,"featured_media":4762,"comment_status":"open","ping_status":"open","sticky":false,"template":"","format":"standard","meta":[],"categories":[5,4],"tags":[31,1612,1613,450,17],"jetpack_featured_media_url":"https:\/\/zapatrzonawksiazki.pl\/wp-content\/uploads\/2019\/10\/miejsce-zapatrzonawksiazki-pl.jpeg","_links":{"self":[{"href":"https:\/\/zapatrzonawksiazki.pl\/index.php\/wp-json\/wp\/v2\/posts\/4761"}],"collection":[{"href":"https:\/\/zapatrzonawksiazki.pl\/index.php\/wp-json\/wp\/v2\/posts"}],"about":[{"href":"https:\/\/zapatrzonawksiazki.pl\/index.php\/wp-json\/wp\/v2\/types\/post"}],"author":[{"embeddable":true,"href":"https:\/\/zapatrzonawksiazki.pl\/index.php\/wp-json\/wp\/v2\/users\/2"}],"replies":[{"embeddable":true,"href":"https:\/\/zapatrzonawksiazki.pl\/index.php\/wp-json\/wp\/v2\/comments?post=4761"}],"version-history":[{"count":1,"href":"https:\/\/zapatrzonawksiazki.pl\/index.php\/wp-json\/wp\/v2\/posts\/4761\/revisions"}],"predecessor-version":[{"id":4764,"href":"https:\/\/zapatrzonawksiazki.pl\/index.php\/wp-json\/wp\/v2\/posts\/4761\/revisions\/4764"}],"wp:featuredmedia":[{"embeddable":true,"href":"https:\/\/zapatrzonawksiazki.pl\/index.php\/wp-json\/wp\/v2\/media\/4762"}],"wp:attachment":[{"href":"https:\/\/zapatrzonawksiazki.pl\/index.php\/wp-json\/wp\/v2\/media?parent=4761"}],"wp:term":[{"taxonomy":"category","embeddable":true,"href":"https:\/\/zapatrzonawksiazki.pl\/index.php\/wp-json\/wp\/v2\/categories?post=4761"},{"taxonomy":"post_tag","embeddable":true,"href":"https:\/\/zapatrzonawksiazki.pl\/index.php\/wp-json\/wp\/v2\/tags?post=4761"}],"curies":[{"name":"wp","href":"https:\/\/api.w.org\/{rel}","templated":true}]}}