{"id":4747,"date":"2019-10-21T22:26:15","date_gmt":"2019-10-21T20:26:15","guid":{"rendered":"http:\/\/zapatrzonawksiazki.pl\/?p=4747"},"modified":"2019-10-24T19:04:19","modified_gmt":"2019-10-24T17:04:19","slug":"galeziste-wyd-ii-artur-urbanowicz","status":"publish","type":"post","link":"https:\/\/zapatrzonawksiazki.pl\/index.php\/2019\/10\/21\/galeziste-wyd-ii-artur-urbanowicz\/","title":{"rendered":"&#8220;Ga\u0142\u0119ziste&#8221; (wyd. II) Artur Urbanowicz"},"content":{"rendered":"<blockquote>\n<p style=\"text-align: justify;\">\u201eWierzy\u0107\u201d to co\u015b innego ni\u017c \u201ewiedzie\u0107\u201d. Je\u017celi znajdziesz na co\u015b dow\u00f3d, to ju\u017c nie wierzysz, a po prostu wiesz.*<\/p>\n<\/blockquote>\n<p style=\"text-align: justify;\"><img decoding=\"async\" loading=\"lazy\" class=\"size-medium wp-image-4749 alignleft\" src=\"http:\/\/zapatrzonawksiazki.pl\/wp-content\/uploads\/2019\/10\/galeziste-1-210x300.jpg\" alt=\"\" width=\"210\" height=\"300\" srcset=\"https:\/\/zapatrzonawksiazki.pl\/wp-content\/uploads\/2019\/10\/galeziste-1-210x300.jpg 210w, https:\/\/zapatrzonawksiazki.pl\/wp-content\/uploads\/2019\/10\/galeziste-1.jpg 300w\" sizes=\"(max-width: 210px) 100vw, 210px\" \/>Dla wielu z nas las jest miejscem, w kt\u00f3rym mo\u017cemy si\u0119 wyciszy\u0107 i nabra\u0107 si\u0142y na pokonywanie kolejnych przeszk\u00f3d lub zwyczajnie odpocz\u0105\u0107. Lubimy po nim spacerowa\u0107 i zachwyca\u0107 si\u0119 jego pi\u0119knem. Doceniamy to, co nam ofiaruje i staramy si\u0119 o niego dba\u0107. Jednak czy zastanawiali\u015bcie si\u0119 kiedy\u015b nad tym, \u017ce mo\u017ce on skrywa\u0107 mroczn\u0105 tajemnic\u0119 i po\u015br\u00f3d le\u015bnego poszycia oraz bujnych drzew czai si\u0119 niebezpiecze\u0144stwo? Co\u015b pradawnego i pot\u0119\u017cnego, co potrafi w\u0142ada\u0107 tym miejscem i to od niego za ka\u017cdym razem zale\u017cy, czy opu\u015bcisz las, czy te\u017c b\u0119dziesz w nim b\u0142\u0105dzi\u0142, a\u017c oka\u017ce ci \u0142ask\u0119\u2026 W co wtedy wierzy\u0107 i komu ufa\u0107?<\/p>\n<p style=\"text-align: justify;\">Dw\u00f3jka student\u00f3w &#8211; Karolina i Tomek &#8211; wybieraj\u0105 si\u0119 na wycieczk\u0119 w czasie wielkiego tygodnia, aby poprawi\u0107 relacje w swoim zwi\u0105zku, kt\u00f3ry ostatnio przechodzi gorsze chwile. Ich celem jest Suwalszczyzna, gdzie w ma\u0142ej miejscowo\u015bci chc\u0105 pozwiedza\u0107 lokalne atrakcje i cieszy\u0107 si\u0119 pi\u0119knymi krajobrazami. Jednak wyprawa od pocz\u0105tku nie idzie po ich my\u015bli i co chwil\u0119 dochodzi do sprzeczek mi\u0119dzy nimi lub kryzysowych sytuacji. Na ko\u0144cu okazuje si\u0119 r\u00f3wnie\u017c, \u017ce miejsce, w kt\u00f3rym mieli spa\u0107, jest zamkni\u0119te, a w\u0142a\u015bciciele nagle wyjechali. Na szcz\u0119\u015bcie w ramach zado\u015b\u0107 uczynienia znajduj\u0105 im inne miejsce na nocleg. Tak w\u0142a\u015bnie m\u0142odzi trafiaj\u0105 do Bia\u0142od\u0119b\u00f3w, gdzie czeka na nich pi\u0119kna Natalia. Jak si\u0119 okazuje, para nieszcz\u0119\u015bliwie trafi\u0142a na moment, kiedy umiera jej dziadek, jednak &#8211; chocia\u017c jeszcze tego nie wiedz\u0105 &#8211; to b\u0119dzie najmniej przera\u017caj\u0105cy moment w czasie ich pobytu w tym miejscu. Co ich czeka?<\/p>\n<p style=\"text-align: justify;\">Tak jako\u015b wysz\u0142o, \u017ce z tw\u00f3rczo\u015bci\u0105 Artura Urbanowicza zapozna\u0142am si\u0119 od \u015brodka. Najpierw zabra\u0142am si\u0119 za <em>Grzesznika<\/em>, nast\u0119pnie by\u0142 <em>Inkub<\/em>, a <em>Ga\u0142\u0119ziste<\/em>, chocia\u017c mam od pocz\u0105tku w pierwszym wydaniu na p\u00f3\u0142ce, musia\u0142o poczeka\u0107, a\u017c pojawi si\u0119 wznowienie, bym prze\u0142ama\u0142a swoje obawy i zmierzy\u0142a si\u0119 z debiutem autora. Co prawda poprawionym i wzbogaconym o pos\u0142owie, ale jednak z t\u0105 sam\u0105 histori\u0105. Co mog\u0119 napisa\u0107 o tym tytule po jego zako\u0144czeniu?<\/p>\n<p style=\"text-align: justify;\">Nie znam pierwszej wersji, wi\u0119c o r\u00f3\u017cnicach mi\u0119dzy wydaniami wypowiada\u0107 si\u0119 nie b\u0119d\u0119, za to o samej fabule, jak najbardziej. Ta za\u015b jest dok\u0142adnie w stylu powie\u015bciopisarza. <em>Ga\u0142\u0119ziste<\/em> od pierwszych stron przykuwa uwag\u0119 czytelnika i wida\u0107, \u017ce autor si\u0119 nami bawi. W mistrzowskim stylu ju\u017c samym prologiem wprowadza nas w stan napi\u0119cia, by potem u\u015bpi\u0107 nasz\u0105 czujno\u015b\u0107 obyczajowym w\u0105tkiem i tylko gdzie\u015b pomi\u0119dzy wplata sytuacje wywo\u0142uj\u0105ce niepok\u00f3j i ch\u0119\u0107 obejrzenia si\u0119 za siebie, a to dopiero pocz\u0105tek. Powoli, krok po kroku robi si\u0119 coraz straszniej, granica mi\u0119dzy realno\u015bci\u0105 a fikcj\u0105 praktycznie zanika. Wszystko wydaje si\u0119 skomplikowane i bez sensu, ale gdy tylko uwa\u017cnie \u015bledzi si\u0119 bieg wydarze\u0144, mo\u017cna dostrzec, \u017ce jednak ten sens jest, ale my i tak pozostajemy zszokowany, bo koniec nas zaskakuje, a my nie potrafimy poj\u0105\u0107, jak i kiedy do takiego fina\u0142u dosz\u0142o.<\/p>\n<p style=\"text-align: justify;\">Na pochwa\u0142\u0119 zas\u0142uguj\u0105 r\u00f3wnie\u017c bohaterowie, a raczej ich charakterystyki. Bo przyzna\u0107 trzeba, \u017ce chocia\u017c jest ich tutaj naprawd\u0119 sporo, to ka\u017cdy zosta\u0142 dopracowany, dzi\u0119ki czemu \u0142atwo nam si\u0119 odnale\u017a\u0107 w tym, kto jest kim i jakie ma zadanie, a wszyscy s\u0105 tu po co\u015b, nie ma przypadkowych postaci, ka\u017cda wnosi co\u015b do historii. I nie my\u015blcie sobie, \u017ce mo\u017cna kogokolwiek rozpracowa\u0107 i stwierdzi\u0107, \u017ce si\u0119 go pozna\u0142o. Jedna posta\u0107 mo\u017ce mie\u0107 wiele masek i zaskoczy\u0107 potrafi ta najmniej podejrzana.<\/p>\n<p style=\"text-align: justify;\"><em>Ga\u0142\u0119ziste<\/em> czyta\u0142o mi si\u0119 naprawd\u0119 dobrze i by\u0142y momenty, gdy ciarki przechodzi\u0142y mi po plecach, wstrzymywa\u0142am powietrze lub z niedowierzaniem kr\u0119ci\u0142am g\u0142ow\u0105. To by\u0142 debiut autora i wcale si\u0119 nie dziwi\u0119, \u017ce otrzyma\u0142 nagrod\u0119 i jest tak zachwalany. Nie m\u00f3wi\u0119 tego przez pryzmat tego, \u017ce znam jego kolejne rewelacyjne ksi\u0105\u017cki. Ta powie\u015b\u0107 broni si\u0119 sama \u015bwietnie skonstruowan\u0105 fabu\u0142\u0105, klimatycznymi opisami Suwalszczyzny, nawi\u0105zaniem do dawnej s\u0142owia\u0144skiej mitologii, tym jak jest niejednoznaczn\u0105 i sk\u0142ania czytelnika do ca\u0142kowitego skupienia oraz analizowania ka\u017cdego s\u0142owa czy gestu. Nie mo\u017cna r\u00f3wnie\u017c zapomnie\u0107 o nieustaj\u0105cym, chocia\u017c czasem przyczajonym klimatem grozy, klimatycznych ilustracjach Micha\u0142a Loranca, kt\u00f3re jeszcze mocniej wp\u0142ywaj\u0105 na wyobra\u017ani\u0119 i zako\u0144czeniu, kt\u00f3re wbija w fotel, sprawiaj\u0105c, \u017ce ponownie analizuje si\u0119 wszystkie wydarzenia.<\/p>\n<p style=\"text-align: justify;\">W jednej z opinii spotka\u0142am si\u0119 ze zdaniem, \u017ce czytelniczka podziwia autora za wyobra\u017ani\u0119, ale ba\u0142aby si\u0119 z ni\u0105 \u017cy\u0107 i ja si\u0119 pod tymi s\u0142owami podpisuj\u0119. Artur Urbanowicz, jak \u017caden inny pisarz grozy, potrafi wp\u0142yn\u0105\u0107 na moj\u0105 wyobra\u017ani\u0119 i sprawi\u0107, \u017ce nie przewracam co chwil\u0119 oczami za\u017cenowana tym, co czytam tylko, jak ta przera\u017cona owieczka id\u0119 do przodu, zamiast ucieka\u0107. Polecam <em>Ga\u0142\u0119ziste<\/em> z czystym sumieniem i lekk\u0105 obaw\u0105 wej\u015bcia do lasu tu\u017c obok mojego domu. Kto wie, co si\u0119 w nim skrywa?<\/p>\n<p style=\"text-align: justify;\"><strong>Autor:<\/strong> Artur Urbanowicz<br \/>\n<strong>Tytu\u0142:<\/strong> Ga\u0142\u0119ziste<br \/>\n<strong>Wydawnictwo:<\/strong> Vesper<br \/>\n<strong>Wydanie:<\/strong> II<br \/>\n<strong>Data wydania: <span style=\"color: #ff0000;\">2019-11-13<\/span><\/strong><br \/>\n<strong>Kategoria:<\/strong> horror<br \/>\n<strong>ISBN:<\/strong> 9788377313404<br \/>\n<strong>Liczba stron:<\/strong> 458<br \/>\n<strong>Ocena:<\/strong> 8\/10<\/p>\n","protected":false},"excerpt":{"rendered":"<p>\u201eWierzy\u0107\u201d to co\u015b innego ni\u017c \u201ewiedzie\u0107\u201d. Je\u017celi znajdziesz na co\u015b dow\u00f3d, to ju\u017c nie wierzysz, a po prostu wiesz.* Dla wielu z nas las jest miejscem, w kt\u00f3rym mo\u017cemy si\u0119 wyciszy\u0107 i nabra\u0107 si\u0142y na pokonywanie kolejnych przeszk\u00f3d lub zwyczajnie odpocz\u0105\u0107. Lubimy po nim spacerowa\u0107 i zachwyca\u0107 si\u0119 jego pi\u0119knem. Doceniamy to, co nam ofiaruje [&hellip;]<\/p>\n","protected":false},"author":2,"featured_media":4748,"comment_status":"open","ping_status":"open","sticky":false,"template":"","format":"standard","meta":[],"categories":[5,1467,4],"tags":[20,48,61,50,17,1505],"jetpack_featured_media_url":"https:\/\/zapatrzonawksiazki.pl\/wp-content\/uploads\/2019\/10\/galeziste-zapatrzonawksiazki-pl.jpeg","_links":{"self":[{"href":"https:\/\/zapatrzonawksiazki.pl\/index.php\/wp-json\/wp\/v2\/posts\/4747"}],"collection":[{"href":"https:\/\/zapatrzonawksiazki.pl\/index.php\/wp-json\/wp\/v2\/posts"}],"about":[{"href":"https:\/\/zapatrzonawksiazki.pl\/index.php\/wp-json\/wp\/v2\/types\/post"}],"author":[{"embeddable":true,"href":"https:\/\/zapatrzonawksiazki.pl\/index.php\/wp-json\/wp\/v2\/users\/2"}],"replies":[{"embeddable":true,"href":"https:\/\/zapatrzonawksiazki.pl\/index.php\/wp-json\/wp\/v2\/comments?post=4747"}],"version-history":[{"count":3,"href":"https:\/\/zapatrzonawksiazki.pl\/index.php\/wp-json\/wp\/v2\/posts\/4747\/revisions"}],"predecessor-version":[{"id":4752,"href":"https:\/\/zapatrzonawksiazki.pl\/index.php\/wp-json\/wp\/v2\/posts\/4747\/revisions\/4752"}],"wp:featuredmedia":[{"embeddable":true,"href":"https:\/\/zapatrzonawksiazki.pl\/index.php\/wp-json\/wp\/v2\/media\/4748"}],"wp:attachment":[{"href":"https:\/\/zapatrzonawksiazki.pl\/index.php\/wp-json\/wp\/v2\/media?parent=4747"}],"wp:term":[{"taxonomy":"category","embeddable":true,"href":"https:\/\/zapatrzonawksiazki.pl\/index.php\/wp-json\/wp\/v2\/categories?post=4747"},{"taxonomy":"post_tag","embeddable":true,"href":"https:\/\/zapatrzonawksiazki.pl\/index.php\/wp-json\/wp\/v2\/tags?post=4747"}],"curies":[{"name":"wp","href":"https:\/\/api.w.org\/{rel}","templated":true}]}}