{"id":474,"date":"2014-12-12T22:50:00","date_gmt":"2014-12-12T22:50:00","guid":{"rendered":"http:\/\/zapatrzonawksiazki.pl\/index.php\/2014\/12\/12\/najtrudniejsze-zadanie\/"},"modified":"2018-10-07T00:29:28","modified_gmt":"2018-10-07T00:29:28","slug":"najtrudniejsze-zadanie","status":"publish","type":"post","link":"https:\/\/zapatrzonawksiazki.pl\/index.php\/2014\/12\/12\/najtrudniejsze-zadanie\/","title":{"rendered":"Najtrudniejsze zadanie"},"content":{"rendered":"<div class=\"separator\" style=\"clear: both; text-align: center;\">\n<a href=\"http:\/\/2.bp.blogspot.com\/-pA-rNSgAhqo\/VIuAtbW6lsI\/AAAAAAAAJ04\/qQLZCYunxm0\/s1600\/100_2707.JPG\" imageanchor=\"1\" style=\"margin-left: 1em; margin-right: 1em;\"><img decoding=\"async\" loading=\"lazy\" border=\"0\" src=\"http:\/\/2.bp.blogspot.com\/-pA-rNSgAhqo\/VIuAtbW6lsI\/AAAAAAAAJ04\/qQLZCYunxm0\/s1600\/100_2707.JPG\" height=\"300\" width=\"400\" \/><\/a><\/div>\n<p><\/p>\n<div class=\"MsoNormal\" style=\"text-align: justify;\">\n<b><i style=\"mso-bidi-font-style: normal;\">\u201eXi jest nieludzko z\u0142y, R\u00f3\u017co, jego<br \/>\ndusza jest czarna jak noc. W innych zachowa\u0142 si\u0119 cho\u0107 okruch cz\u0142owiecze\u0144stwa,<br \/>\nale on jest jak wcielony diabe\u0142\u201d.*<\/i><\/b><i style=\"mso-bidi-font-style: normal;\"> <\/i><\/div>\n<div class=\"MsoNormal\" style=\"text-align: justify;\">\n<\/div>\n<div class=\"MsoNormal\" style=\"text-align: justify;\">\n<i style=\"mso-bidi-font-style: normal;\">Zawsze mamy jakie\u015b wyobra\u017cenie o<br \/>\nznanych nam osobach. Tworzymy sobie w g\u0142owie obraz cz\u0142owieka i na jego<br \/>\npodstawie cz\u0119sto stwierdzamy jaki kto\u015b jest. Uwa\u017camy, \u017ce znamy go na tyle, by z<br \/>\npewno\u015bci\u0105 stwierdza\u0107, \u017ce on\/a tak by nie zrobili lub to w\u0142a\u015bnie do nich<br \/>\npodobne. Szczeg\u00f3lnie mocno utrwalamy w sobie kogo\u015b kogo ju\u017c z nami nie ma.<br \/>\nPiel\u0119gnujemy wspomnienia i nie dajemy powiedzie\u0107 na jego\/jej temat nic z\u0142ego.<br \/>\nTym bardziej wi\u0119c boli oskar\u017cenie tej osoby o bratanie si\u0119 z wrogiem\u2026<\/i><\/div>\n<div class=\"MsoNormal\" style=\"text-align: justify;\">\n<\/div>\n<div class=\"MsoNormal\" style=\"text-align: justify;\">\n<i style=\"mso-bidi-font-style: normal;\">Po dw\u00f3ch udanych misjach Jakie Djones<br \/>\nwraz z przyjaci\u00f3\u0142mi udaje si\u0119 na kolejn\u0105. Tym razem podr\u00f3\u017cuj\u0105 do Londynu w XVII<br \/>\nw. oraz Kantochu. Ich zadaniem jest odnale\u017a\u0107 niezwykle niebezpiecznego i<br \/>\nokrutnego Xi Xianga oraz pokrzy\u017cowa\u0107 mu plany namieszania w historii. Dla Jakie\u2019a<br \/>\nta wyprawa, to r\u00f3wnie\u017c pr\u00f3ba uzyskania jaki\u015b informacji na temat dawno<br \/>\nzaginionego brata Filipa i przekonania si\u0119 czy ten rzeczywi\u015bcie przeszed\u0142 na<br \/>\nstron\u0119 przeciwnika. Jak potocz\u0105 si\u0119 losy podr\u00f3\u017cnik\u00f3w i czy Jakie pozna w ko\u0144cu<br \/>\nprawd\u0119 o Filipie?<\/i><\/div>\n<div class=\"MsoNormal\" style=\"text-align: justify;\">\n<\/div>\n<div class=\"MsoNormal\" style=\"text-align: justify;\">\n<i style=\"mso-bidi-font-style: normal;\">Damian Dibben przekona\u0142 mnie do swojej<br \/>\ntw\u00f3rczo\u015bci niezwyk\u0142\u0105 staranno\u015bci\u0105 i pomys\u0142owo\u015bci\u0105. Pierwsze dwa tomy Stra\u017cnik\u00f3w<br \/>\nhistorii bardzo mi si\u0119 podoba\u0142y i wprost nie mog\u0142am doczeka\u0107 si\u0119 kolejnego.<br \/>\nBy\u0142am ciekawa co jeszcze mo\u017ce wymy\u015bli\u0107 autor. Gdy tylko \u201eChi\u0144ski ekspres\u201d<br \/>\nzawita\u0142 u mnie w domu wzi\u0119\u0142am si\u0119 za czytanie. Jaki by\u0142 tego efekt?<\/i><\/div>\n<div class=\"MsoNormal\" style=\"text-align: justify;\">\n<\/div>\n<div class=\"MsoNormal\" style=\"text-align: justify;\">\n<i style=\"mso-bidi-font-style: normal;\">Ano niestety efekt by\u0142 marny, bo za<br \/>\npierwszym razem co\u015b nie za\u0142apa\u0142o i ksi\u0105\u017cka musia\u0142a swoje odczeka\u0107. Nie wiem<br \/>\nczemu, ale ju\u017c na samym pocz\u0105tku tkn\u0119\u0142o mnie, \u017ce tym razem tak fajnie i<br \/>\nkolorowo nie b\u0119dzie. Owszem, drugim razem uda\u0142o mi si\u0119 zako\u0144czy\u0107 czytanie i<br \/>\nnawet sz\u0142o mi to sprawnie, niemniej brakowa\u0142o mi w ksi\u0105\u017cce jakie\u015b takiej iskry<br \/>\ntowarzysz\u0105cej poprzednim cz\u0119\u015bci\u0105. Niby historia mnie ciekawi\u0142a, z\u017cy\u0142am si\u0119 na<br \/>\nnowo z bohaterami i kibicowa\u0142am im, by wszystko posz\u0142o po ich my\u015bli, ciekawi\u0142y<br \/>\nmnie losy Filipa i to jak zako\u0144czy si\u0119 misja, ale nie ekscytowa\u0142am si\u0119 tym tak,<br \/>\njak bym mog\u0142a sobie tego \u017cyczy\u0107. Ale za to zako\u0144czenie daje nadziej\u0119, \u017ce<br \/>\nnast\u0119pna publikacja mo\u017ce by\u0107 tak dobra, jak dwie pierwsze. Tak\u0105 mam<br \/>\nprzynajmniej nadziej\u0119.<\/i><\/div>\n<div class=\"MsoNormal\" style=\"text-align: justify;\">\n<\/div>\n<div class=\"MsoNormal\" style=\"text-align: justify;\">\n<i style=\"mso-bidi-font-style: normal;\">Pomimo braku napi\u0119cia nie mog\u0119 odm\u00f3wi\u0107<br \/>\nautorowi umiej\u0119tno\u015bci tworzenia fascynuj\u0105cego \u015bwiata Stra\u017cnik\u00f3w historii<br \/>\n\u017cyj\u0105cych w tym zwyczajnym. Lekko, ale rzetelnie opisuje XVII-wieczny Londyn<br \/>\noraz Kantoch: to jak si\u0119 \u017cy\u0142o, ubierano i zachowywano. W przyst\u0119pny spos\u00f3b<br \/>\nobrazuje jak by\u0142o kiedy\u015b, co mo\u017ce by\u0107 ciekawostk\u0105 zach\u0119caj\u0105c\u0105 do poszukania<br \/>\nwi\u0119kszej ilo\u015bci informacji u innych \u017ar\u00f3de\u0142. Sprawia, \u017ce wszystko do siebie<br \/>\npasuje i nie jest wyssane z palca. Odnosi si\u0119 do historii, papier\u00f3w, map,<br \/>\nlegend. Tworzy sp\u00f3jn\u0105, logiczn\u0105 oraz realn\u0105 ca\u0142o\u015b\u0107. Dba o to by by\u0142o r\u00f3\u017cnorodnie,<br \/>\nby ca\u0142y czas co\u015b si\u0119 dzia\u0142o. Powoli ujawnia coraz wi\u0119cej fakt\u00f3w i pozwala<br \/>\nu\u0142o\u017cy\u0107 nie pasuj\u0105ce elementy. Pod tym wzgl\u0119dem wszystko jest naprawd\u0119 dobrze.<\/i><\/div>\n<div class=\"MsoNormal\" style=\"text-align: justify;\">\n<\/div>\n<div class=\"MsoNormal\" style=\"text-align: justify;\">\n<i style=\"mso-bidi-font-style: normal;\">Nie mam te\u017c zarzutu co do kreacji<br \/>\nbohater\u00f3w. Zar\u00f3wno jakie, jak ka\u017cda inna posta\u0107 posiada indywidualne cechy i<br \/>\ndzi\u0119ki temu ka\u017cda jest inna. Podoba mi si\u0119 ten kontrast mi\u0119dzy nimi, a tak\u017ce<br \/>\nfakt i\u017c mimo odmiennych cech tworz\u0105 si\u0119 przyja\u017anie, zwi\u0105zki i znajomo\u015bci. Z<br \/>\nka\u017cdym kolejnym tytu\u0142em mo\u017cna zaobserwowa\u0107 zmiany zachodz\u0105ce u niekt\u00f3rych os\u00f3b,<br \/>\na zw\u0142aszcza u najm\u0142odszego Djonesa. Nadal pakuje si\u0119 co rusz w tarapaty, ale<br \/>\nwida\u0107, \u017ce ju\u017c nie jest zagubionym nastolatkiem czuj\u0105cym, \u017ce nigdzie nie pasuje.<br \/>\nJest Stra\u017cnikiem, ma przyjaci\u00f3\u0142 i swoje miejsce. <\/i><\/div>\n<div class=\"MsoNormal\" style=\"text-align: justify;\">\n<\/div>\n<div class=\"MsoNormal\" style=\"text-align: justify;\">\n<i style=\"mso-bidi-font-style: normal;\">Ksi\u0105\u017cka ma plusy i minusa, i chocia\u017c<br \/>\njest on jeden, to u mnie odegra\u0142 du\u017ce znaczenie. Po raz kolejny utwierdzam si\u0119<br \/>\nw przekonaniu, \u017ce pomimo ciekawych pomys\u0142\u00f3w, dobrze stworzonej fabu\u0142y oraz<br \/>\nbohater\u00f3w nie da si\u0119 przymkn\u0105\u0107 oka na brak iskry sprawiaj\u0105cej, \u017ce poch\u0142ania si\u0119<br \/>\nhistori\u0119 za jednym razem. Czy polecam? My\u015bl\u0119, \u017ce ci co czytali \u201eNadci\u0105ga burza\u201d<br \/>\ni \u201eCirus Maximus\u201d pr\u0119dzej czy p\u00f3\u017aniej i tak si\u0119gn\u0105 po \u201eChi\u0144ski ekspres\u201d, ale<br \/>\nostrzegam, \u017ce jest s\u0142abszy pod wzgl\u0119dem budowanego napi\u0119cia. Za\u015b tych kt\u00f3rzy<br \/>\nserii nie znaj\u0105 zach\u0119cam do si\u0119gni\u0119cia po pierwszy tom. <\/i><\/div>\n<div class=\"MsoNormal\" style=\"text-align: justify;\">\n<a href=\"http:\/\/3.bp.blogspot.com\/-nvHOlOUeP_8\/VIuBwAE9oAI\/AAAAAAAAJ1A\/H4KHRqazlLo\/s1600\/Egmont.jpg\" imageanchor=\"1\" style=\"clear: right; float: right; margin-bottom: 1em; margin-left: 1em;\"><img decoding=\"async\" loading=\"lazy\" border=\"0\" src=\"http:\/\/3.bp.blogspot.com\/-nvHOlOUeP_8\/VIuBwAE9oAI\/AAAAAAAAJ1A\/H4KHRqazlLo\/s1600\/Egmont.jpg\" height=\"100\" width=\"200\" \/><\/a><i style=\"mso-bidi-font-style: normal;\">&nbsp;<\/i><\/div>\n<div class=\"MsoNormal\" style=\"text-align: justify;\">\n<i style=\"mso-bidi-font-style: normal;\">*Damian Dibben,<br \/>\n\u201eChi\u0144ski ekspres\u201d, s. 200<\/i><\/div>\n<div class=\"MsoNormal\" style=\"text-align: justify;\">\n<b><i style=\"mso-bidi-font-style: normal;\">Autor: <\/i><\/b><i style=\"mso-bidi-font-style: normal;\">Damian<br \/>\nDibben<\/i><\/div>\n<div class=\"MsoNormal\" style=\"text-align: justify;\">\n<b><i style=\"mso-bidi-font-style: normal;\">Tytu\u0142: <\/i><\/b><i style=\"mso-bidi-font-style: normal;\">Chi\u0144ski<br \/>\nekspres<\/i><\/div>\n<div class=\"MsoNormal\" style=\"text-align: justify;\">\n<b><i style=\"mso-bidi-font-style: normal;\">Wydawnictwo: <\/i><\/b><i style=\"mso-bidi-font-style: normal;\">Egmont<\/i><\/div>\n<div class=\"MsoNormal\" style=\"text-align: justify;\">\n<b style=\"mso-bidi-font-weight: normal;\"><i style=\"mso-bidi-font-style: normal;\">Rok<br \/>\nwydania: <\/i><\/b><i style=\"mso-bidi-font-style: normal;\">24 wrze\u015bnia 2014 <\/i><\/div>\n<div class=\"MsoNormal\" style=\"text-align: justify;\">\n<b><i style=\"mso-bidi-font-style: normal;\">Liczba stron: <\/i><\/b><i style=\"mso-bidi-font-style: normal;\">304<\/i><\/div>\n<div class=\"MsoNormal\" style=\"text-align: justify;\">\n<\/div>\n<div align=\"center\" class=\"MsoNormal\" style=\"text-align: center;\">\n<i style=\"mso-bidi-font-style: normal;\"><u>Stra\u017cnicy<br \/>\nhistorii:<\/u><\/i><u><\/u><\/div>\n<div align=\"center\" class=\"MsoNormal\" style=\"text-align: center;\">\n<i style=\"mso-bidi-font-style: normal;\"><a href=\"http:\/\/zapatrzonawksiazki.blogspot.com\/2013\/03\/bo-ty-mozesz-byc-straznikiem.html\">Nadci\u0105ga<br \/>\nburza<\/a> | <a href=\"http:\/\/zapatrzonawksiazki.blogspot.com\/2013\/03\/kolejne-zadanie-straznikow-historii.html\">Cirus<br \/>\nMaximus<\/a><b style=\"mso-bidi-font-weight: normal;\"> <\/b>| <b>Chi\u0144ski ekspres<\/b><\/i><\/div>\n<div align=\"center\" class=\"MsoNormal\" style=\"text-align: center;\">\n<\/div>\n<div align=\"right\" class=\"MsoNormal\" style=\"text-align: right;\">\n<i style=\"mso-bidi-font-style: normal;\">Wyzwania: <\/i><a href=\"http:\/\/magicznyswiatksiazki.pl\/czytam-fantastyke-2014\/\"><i style=\"mso-bidi-font-style: normal;\">Czytam<br \/>\nfantastyk\u0119 II <\/i><\/a><\/div>\n<div align=\"right\" class=\"MsoNormal\" style=\"text-align: right;\">\n<i style=\"mso-bidi-font-style: normal;\"><a href=\"http:\/\/alezaczytana.blogspot.com\/2013\/12\/wyzwanie-autorskie-book-lovers-zapisy.html\">Book<br \/>\nlovers<\/a><\/i><\/div>\n","protected":false},"excerpt":{"rendered":"<p>\u201eXi jest nieludzko z\u0142y, R\u00f3\u017co, jego dusza jest czarna jak noc. W innych zachowa\u0142 si\u0119 cho\u0107 okruch cz\u0142owiecze\u0144stwa, ale on jest jak wcielony diabe\u0142\u201d.* Zawsze mamy jakie\u015b wyobra\u017cenie o znanych nam osobach. Tworzymy sobie w g\u0142owie obraz cz\u0142owieka i na jego podstawie cz\u0119sto stwierdzamy jaki kto\u015b jest. Uwa\u017camy, \u017ce znamy go na tyle, by z [&hellip;]<\/p>\n","protected":false},"author":2,"featured_media":0,"comment_status":"open","ping_status":"open","sticky":false,"template":"","format":"standard","meta":[],"categories":[1],"tags":[77,503,505,506,121,12,378,149,507,415],"jetpack_featured_media_url":"","_links":{"self":[{"href":"https:\/\/zapatrzonawksiazki.pl\/index.php\/wp-json\/wp\/v2\/posts\/474"}],"collection":[{"href":"https:\/\/zapatrzonawksiazki.pl\/index.php\/wp-json\/wp\/v2\/posts"}],"about":[{"href":"https:\/\/zapatrzonawksiazki.pl\/index.php\/wp-json\/wp\/v2\/types\/post"}],"author":[{"embeddable":true,"href":"https:\/\/zapatrzonawksiazki.pl\/index.php\/wp-json\/wp\/v2\/users\/2"}],"replies":[{"embeddable":true,"href":"https:\/\/zapatrzonawksiazki.pl\/index.php\/wp-json\/wp\/v2\/comments?post=474"}],"version-history":[{"count":1,"href":"https:\/\/zapatrzonawksiazki.pl\/index.php\/wp-json\/wp\/v2\/posts\/474\/revisions"}],"predecessor-version":[{"id":1975,"href":"https:\/\/zapatrzonawksiazki.pl\/index.php\/wp-json\/wp\/v2\/posts\/474\/revisions\/1975"}],"wp:attachment":[{"href":"https:\/\/zapatrzonawksiazki.pl\/index.php\/wp-json\/wp\/v2\/media?parent=474"}],"wp:term":[{"taxonomy":"category","embeddable":true,"href":"https:\/\/zapatrzonawksiazki.pl\/index.php\/wp-json\/wp\/v2\/categories?post=474"},{"taxonomy":"post_tag","embeddable":true,"href":"https:\/\/zapatrzonawksiazki.pl\/index.php\/wp-json\/wp\/v2\/tags?post=474"}],"curies":[{"name":"wp","href":"https:\/\/api.w.org\/{rel}","templated":true}]}}