{"id":47,"date":"2017-09-27T07:34:00","date_gmt":"2017-09-27T07:34:00","guid":{"rendered":"http:\/\/zapatrzonawksiazki.pl\/index.php\/2017\/09\/27\/zaskakujacy-ciag-dalszy\/"},"modified":"2019-01-06T01:54:02","modified_gmt":"2019-01-06T00:54:02","slug":"przebudzona-iga-wisniewska","status":"publish","type":"post","link":"https:\/\/zapatrzonawksiazki.pl\/index.php\/2017\/09\/27\/przebudzona-iga-wisniewska\/","title":{"rendered":"&#8220;Przebudzona&#8221; Iga Wi\u015bniewska"},"content":{"rendered":"<blockquote>\n<div class=\"separator\" style=\"clear: both;\">\u2013\u00a0 Tak\u00a0 naprawd\u0119\u00a0 wszyscy\u00a0 jeste\u015bmy\u00a0 samotni.\u00a0 Rodzimy\u00a0 si\u0119\u00a0 sami,\u00a0 \u017cyjemy\u00a0 sami, potem umieramy i nie \u017cyjemy. Te\u017c sami.<span style=\"text-align: justify;\">*<\/span><\/div>\n<\/blockquote>\n<div style=\"text-align: justify;\"><\/div>\n<div style=\"text-align: justify;\">\n<p><img decoding=\"async\" loading=\"lazy\" class=\"size-medium wp-image-3319 alignleft\" src=\"http:\/\/zapatrzonawksiazki.pl\/wp-content\/uploads\/2017\/09\/przebudzona352x500-211x300.jpg\" alt=\"\" width=\"211\" height=\"300\" srcset=\"https:\/\/zapatrzonawksiazki.pl\/wp-content\/uploads\/2017\/09\/przebudzona352x500-211x300.jpg 211w, https:\/\/zapatrzonawksiazki.pl\/wp-content\/uploads\/2017\/09\/przebudzona352x500.jpg 352w\" sizes=\"(max-width: 211px) 100vw, 211px\" \/>Kiedy my\u015blisz, \u017ce to ju\u017c koniec, \u017ce spe\u0142ni\u0142o si\u0119 twoje przeznaczenie, wykona\u0142a\u015b to, do czego zosta\u0142a\u015b stworzona i odchodzisz&#8230;. to nie spodziewasz si\u0119, \u017ce wr\u00f3cisz. Nie podejrzewasz, \u017ce to dopiero pocz\u0105tek i jak d\u0142uga droga jeszcze przed tob\u0105.<\/p>\n<\/div>\n<div style=\"text-align: justify;\">\n<p>Nikt ze znajomych Miriam nie podejrzewa, \u017ce jeszcze kiedy\u015b ujrzy j\u0105 \u017cyw\u0105, a ona po trzech miesi\u0105cach si\u0119 pojawia, jakby nic si\u0119 nie sta\u0142o. W tym samym czasie w mie\u015bcie grasuje bestia atakuj\u0105ca ludzi oraz morderca zabijaj\u0105ca istoty nadnaturalne. Obie sprawy s\u0105 bardzo trudne, bo nic o nich nie wiadomo, brak trop\u00f3w i podejrzanych. Dawid, chocia\u017c bardzo nie chce, ponownie prosi o pomoc Miriam, kt\u00f3ra pocz\u0105tkowo odmawia, ale ostatecznie si\u0119 zgadza. Czemu nagle zmieni\u0142a zdanie i kto kryje si\u0119 za wszystkimi morderstwami?<\/p>\n<\/div>\n<div style=\"text-align: justify;\">\n<p>Ponad rok czeka\u0142am na kontynuacj\u0119 <i>Przekl\u0119tej<\/i> i gdy tylko dorwa\u0142am <i>Przebudzon\u0105<\/i>, zabra\u0142am si\u0119 za czytanie. Obecnie tego \u017ca\u0142uj\u0119, bo co ja teraz zrobi\u0119? Czuj\u0119 jeszcze wi\u0119ksz\u0105 ciekawo\u015b\u0107 ni\u017c do tej pory i najch\u0119tniej zaczyta\u0142abym si\u0119 ju\u017c w trzeciej cz\u0119\u015bci.<\/p>\n<\/div>\n<div style=\"text-align: justify;\">\n<p>Teraz jestem ju\u017c pewna, \u017ce w przypadku Igi Wi\u015bniewskiej nie ma mowy o przewidzeniu czegokolwiek. Autorka zaskakuje nie tylko biegiem wydarze\u0144, ale r\u00f3wnie\u017c ca\u0142\u0105 reszt\u0105. Pomys\u0142 na fabu\u0142\u0119, \u015bwietnie dopracowana wielotorowa narracja, przeplataj\u0105ce si\u0119\u00a0 w\u0105tki, no i wsz\u0119dobylska tajemnica, niedom\u00f3wienia, kluczenie. To wszystko tworzy powie\u015b\u0107, kt\u00f3r\u0105 nie da si\u0119 zapomnie\u0107, kt\u00f3r\u0105 czyta si\u0119 z pe\u0142nym zaanga\u017cowaniem i pr\u00f3buje dojrze\u0107 to, co umyka bohaterom. Nie jest to jednak \u0142atwe, bo Iga sk\u0105pi ujawniania jakichkolwiek pomocnych informacji, dop\u00f3ki nie uzna, \u017ce w ko\u0144cu mo\u017ce uchyli\u0107 r\u0105bka tajemnicy, by&#8230; jeszcze mocniej namiesza\u0107. Akcja w tym tomie mo\u017ce i nie p\u0119dzi, ale cz\u0119sto zaskakuje i nieustannie intryguje. I chocia\u017c zaczytuj\u0119 si\u0119 w romansach, to ciesz\u0119 si\u0119, \u017ce tutaj w\u0105tek mi\u0142osny jest gdzie\u015b na dalszym planie, leciutko zarysowany, a g\u0142\u00f3wn\u0105 osi\u0105 wydarze\u0144 s\u0105 morderstwa i&#8230; tajemnica Miriam.<\/p>\n<\/div>\n<div style=\"text-align: justify;\">\n<p>R\u00f3\u017cne charaktery, sposoby my\u015blenia, poruszania si\u0119 czy te\u017c m\u00f3wienia. To sprawia, \u017ce bohaterowie s\u0105 r\u00f3\u017cnorodni, barwni i strasznie tajemniczy, a szczeg\u00f3lnie w dalszym ci\u0105gu Miriam, kt\u00f3rej nie da si\u0119 nadal do ko\u0144ca rozgry\u017a\u0107. Do tych znanych postaci do\u0142\u0105czaj\u0105 inni, ale\u00a0 z \u0142atwo\u015bci\u0105 daje si\u0119 ka\u017cdego rozr\u00f3\u017cni\u0107 i pozna\u0107, na ile to mo\u017cliwe. Tak, jak w pierwszym tomie tak i w tym nie potrafi\u0119 wskaza\u0107 jednej ulubionej postaci, ka\u017cda zapisa\u0142a mi si\u0119 w pami\u0119ci za co\u015b szczeg\u00f3lnego.<\/p>\n<\/div>\n<div style=\"text-align: justify;\">\n<p><em>Przebudzona<\/em> sprawi\u0142a, \u017ce par\u0119 nocy mog\u0142am zapomnie\u0107 o \u015bnie, le\u017ca\u0142am, prze\u017cywa\u0142am to, o czym przeczyta\u0142am i rozmy\u015bla\u0142am, a gdy tylko mog\u0142am, wraca\u0142am do czytania. Z\u017cy\u0142am si\u0119 z bohaterami, z miastem Rades i nie potrafi\u0142am by\u0107 oboj\u0119tna na te wszystkie wydarzenia i emocje. Iga Wi\u015bniewska umiej\u0119tnie wodzi za nos, tworzy fabu\u0142\u0119, od kt\u00f3rej trudno si\u0119 oderwa\u0107, kt\u00f3ra nie jest przewidywalna ani schematyczna. Tutaj daje troch\u0119 odpowiedzi, ale stawia te\u017c nowe pytania. Jestem w pe\u0142ni usatysfakcjonowana tym tytu\u0142em, szybko si\u0119 czyta, mo\u017cna si\u0119 po\u015bmia\u0107, poczu\u0107 nutk\u0119 strachu, a co wa\u017cniejsze wpleciona jest mitologia, a ja kocham jej motywy w ksi\u0105\u017ckach.<\/p>\n<\/div>\n<div style=\"text-align: justify;\">\n<p><i>Przebudzona<\/i> jest kontynuacj\u0105 utrzymuj\u0105c\u0105 poziom swojej poprzedniczki i je\u015bli tylko czytali\u015bcie <b><i>Przekl\u0119t\u0105<\/i><\/b>, to ta cz\u0119\u015b\u0107 jest wr\u0119cz obowi\u0105zkowa. Iga Wi\u015bniewska podo\u0142a\u0142a zadaniu i nie zepsu\u0142a drugiego tomu, \u015bmia\u0142o mog\u0119 powiedzie\u0107, \u017ce nawet postawi\u0142a sobie poprzeczk\u0119 du\u017co wy\u017cej ni\u017c poprzednio.<\/p>\n<\/div>\n<div style=\"text-align: justify;\"><b>Autor:<\/b> Iga Wi\u015bniewska<\/div>\n<div style=\"text-align: justify;\"><b>Tytu\u0142: <\/b>Przebudzona<\/div>\n<div style=\"text-align: justify;\"><b>Wydawnictwo:<\/b> Lucky<\/div>\n<div style=\"text-align: justify;\"><b>Wydanie:<\/b> I<\/div>\n<div style=\"text-align: justify;\"><b>Data wydania:<\/b> 2017-09-11<\/div>\n<div style=\"text-align: justify;\"><b>Kategoria:<\/b> urban fantasy<\/div>\n<div style=\"text-align: justify;\"><b>ISBN:<\/b> 9788362502912<\/div>\n<div style=\"text-align: justify;\"><b>Liczba stron:<\/b> 368<\/div>\n<div style=\"text-align: justify;\"><b>Ocena:<\/b> 8\/10<\/div>\n<p>&nbsp;<\/p>\n<div style=\"text-align: center;\"><u>Wolne Miasto Rades:<\/u><\/div>\n<div style=\"text-align: center;\"><a href=\"http:\/\/zapatrzonawksiazki.pl\/index.php\/2016\/07\/02\/przekleta-iga-wisniewska\/\" target=\"_blank\" rel=\"noopener\">Przekl\u0119ta<\/a> | <i>Przebudzona<\/i> | <a href=\"http:\/\/zapatrzonawksiazki.pl\/index.php\/2018\/11\/28\/uwiklana-iga-wisniewska\/\">Uwik\u0142ana<\/a><\/div>\n","protected":false},"excerpt":{"rendered":"<p>\u2013\u00a0 Tak\u00a0 naprawd\u0119\u00a0 wszyscy\u00a0 jeste\u015bmy\u00a0 samotni.\u00a0 Rodzimy\u00a0 si\u0119\u00a0 sami,\u00a0 \u017cyjemy\u00a0 sami, potem umieramy i nie \u017cyjemy. Te\u017c sami.* Kiedy my\u015blisz, \u017ce to ju\u017c koniec, \u017ce spe\u0142ni\u0142o si\u0119 twoje przeznaczenie, wykona\u0142a\u015b to, do czego zosta\u0142a\u015b stworzona i odchodzisz&#8230;. to nie spodziewasz si\u0119, \u017ce wr\u00f3cisz. Nie podejrzewasz, \u017ce to dopiero pocz\u0105tek i jak d\u0142uga droga jeszcze przed [&hellip;]<\/p>\n","protected":false},"author":2,"featured_media":3318,"comment_status":"open","ping_status":"open","sticky":false,"template":"","format":"standard","meta":[],"categories":[5,8,1457,4],"tags":[20,27,28,17,29,30],"jetpack_featured_media_url":"https:\/\/zapatrzonawksiazki.pl\/wp-content\/uploads\/2017\/09\/przebudzona.jpg","_links":{"self":[{"href":"https:\/\/zapatrzonawksiazki.pl\/index.php\/wp-json\/wp\/v2\/posts\/47"}],"collection":[{"href":"https:\/\/zapatrzonawksiazki.pl\/index.php\/wp-json\/wp\/v2\/posts"}],"about":[{"href":"https:\/\/zapatrzonawksiazki.pl\/index.php\/wp-json\/wp\/v2\/types\/post"}],"author":[{"embeddable":true,"href":"https:\/\/zapatrzonawksiazki.pl\/index.php\/wp-json\/wp\/v2\/users\/2"}],"replies":[{"embeddable":true,"href":"https:\/\/zapatrzonawksiazki.pl\/index.php\/wp-json\/wp\/v2\/comments?post=47"}],"version-history":[{"count":8,"href":"https:\/\/zapatrzonawksiazki.pl\/index.php\/wp-json\/wp\/v2\/posts\/47\/revisions"}],"predecessor-version":[{"id":3327,"href":"https:\/\/zapatrzonawksiazki.pl\/index.php\/wp-json\/wp\/v2\/posts\/47\/revisions\/3327"}],"wp:featuredmedia":[{"embeddable":true,"href":"https:\/\/zapatrzonawksiazki.pl\/index.php\/wp-json\/wp\/v2\/media\/3318"}],"wp:attachment":[{"href":"https:\/\/zapatrzonawksiazki.pl\/index.php\/wp-json\/wp\/v2\/media?parent=47"}],"wp:term":[{"taxonomy":"category","embeddable":true,"href":"https:\/\/zapatrzonawksiazki.pl\/index.php\/wp-json\/wp\/v2\/categories?post=47"},{"taxonomy":"post_tag","embeddable":true,"href":"https:\/\/zapatrzonawksiazki.pl\/index.php\/wp-json\/wp\/v2\/tags?post=47"}],"curies":[{"name":"wp","href":"https:\/\/api.w.org\/{rel}","templated":true}]}}