{"id":4461,"date":"2019-08-04T22:58:38","date_gmt":"2019-08-04T20:58:38","guid":{"rendered":"http:\/\/zapatrzonawksiazki.pl\/?p=4461"},"modified":"2019-08-04T22:58:38","modified_gmt":"2019-08-04T20:58:38","slug":"w-zapomnieniu-agnieszka-lingas-loniewska","status":"publish","type":"post","link":"https:\/\/zapatrzonawksiazki.pl\/index.php\/2019\/08\/04\/w-zapomnieniu-agnieszka-lingas-loniewska\/","title":{"rendered":"&#8220;W zapomnieniu&#8221; Agnieszka Lingas-\u0141oniewska"},"content":{"rendered":"<blockquote>\n<p style=\"text-align: justify;\">(&#8230;) &#8211; A to, \u017ce czuj\u0119, \u017ce si\u0119 w tobie zakocha\u0142em?<br \/>\n&#8211; Te\u017c nie&#8230; \u2013 pokr\u0119ci\u0142a g\u0142ow\u0105.<br \/>\n&#8211; Aha, to kiedy\u015b ci powiem, dobrze?(&#8230;)*<\/p>\n<\/blockquote>\n<p style=\"text-align: justify;\"><img decoding=\"async\" loading=\"lazy\" class=\"size-medium wp-image-4463 alignleft\" src=\"http:\/\/zapatrzonawksiazki.pl\/wp-content\/uploads\/2019\/08\/w-zapomnieniu-w-iext54732885-213x300.jpg\" alt=\"\" width=\"213\" height=\"300\" srcset=\"https:\/\/zapatrzonawksiazki.pl\/wp-content\/uploads\/2019\/08\/w-zapomnieniu-w-iext54732885-213x300.jpg 213w, https:\/\/zapatrzonawksiazki.pl\/wp-content\/uploads\/2019\/08\/w-zapomnieniu-w-iext54732885.jpg 248w\" sizes=\"(max-width: 213px) 100vw, 213px\" \/>Kochasz kogo\u015b, a on ci\u0119 rani. Obiecuje, \u017ce to ostatni raz, a za chwil\u0119 historia si\u0119 powtarza. Ponownie wybaczasz no bo kochasz&#8230; Twoje \u017cycie to hu\u015btawka, ale ca\u0142y czas dajesz kolejn\u0105 szans\u0119. Bo prawd\u0105 jest, \u017ce je\u015bli uczucie jest prawdziwe, przetrwa wszystko, prawda? A mo\u017ce s\u0105 granice, kt\u00f3rych przekroczenie b\u0119dzie oznacza\u0142 koniec?<\/p>\n<p style=\"text-align: justify;\">Magda Lasocka to \u015bwie\u017co upieczona pedagog. Poznajemy j\u0105 w chwili, gdy wraca do swojego rodzinnego Wa\u0142brzycha. Miasta bez perspektyw, gdzie nie ma pracy, a z k\u0105t\u00f3w zerka bieda. Ona jednak chce spe\u0142ni\u0107 swoje marzenie i pomaga\u0107 innym. Micha\u0142 Langer to m\u0119\u017cczyzna z przesz\u0142o\u015bci\u0105, kt\u00f3ry teraz nie do ko\u0144ca \u017cyje zgodnie z prawem, uwa\u017caj\u0105c, \u017ce w tym miejscu zapomnianym przez Boga inaczej si\u0119 nie da. No i musi zadba\u0107 o brata, kt\u00f3ry ma mie\u0107 lepiej ni\u017c on, gdy by\u0142 dzieckiem. M\u0142odszy Marcin uczy si\u0119 w szkole, gdzie pracuje Magda, a Micha\u0142 zwany Majkim jest jego opiekunem prawnym, przez co bardzo cz\u0119sto widuje si\u0119 z pani\u0105 pedagog. Losy tej tr\u00f3jki splataj\u0105 si\u0119 z ka\u017cdym dniem coraz mocniej, ale jak w \u017cyciu bywa, na ich drodze cz\u0119sto pojawiaj\u0105 si\u0119 k\u0142ody. Magda i Micha\u0142 s\u0105 jak ogie\u0144 i woda&#8230; Ich \u015bwiaty r\u00f3\u017cni\u0105 si\u0119 tak bardzo, \u017ce bardziej nie mog\u0105. Czy maj\u0105 szans\u0119 na szcz\u0119\u015bcie?<\/p>\n<p style=\"text-align: justify;\">Chocia\u017c w moim pokoju pi\u0119trz\u0105 si\u0119 nieprzeczytane ksi\u0105\u017cki, to uwielbiam wraca\u0107 czasami do tych dobrze mi ju\u017c znanych. To nic, \u017ce znam zako\u0144czenie, po prostu lubi\u0119 jeszcze raz spotka\u0107 si\u0119 z ulubionymi bohaterami i przypomnie\u0107 sobie ich losy. Nie inaczej by\u0142o z <em>W zapomnieniu<\/em> Agnieszki Lingas-\u0141oniewskiej, wznowionym przez Burda Ksi\u0105\u017cki.<\/p>\n<p style=\"text-align: justify;\">Gdy po raz kolejny bra\u0142am do r\u0119ki <em>W zapomnieniu<\/em>, robi\u0142am to bez \u017cadnych obaw. Czyta\u0142am t\u0119 histori\u0119 ju\u017c tyle razy, \u017ce praktycznie znam j\u0105 na pami\u0119\u0107, ale i tak za ka\u017cdym razem poch\u0142ania mnie, jak za pierwszym razem. Od pierwszych stron autorka serwuje napi\u0119cie, kt\u00f3re nie opuszcza nas do ostatniej kropki. Bez zb\u0119dnych wst\u0119p\u00f3w czy przeci\u0105gania fabu\u0142y widzimy pierwsze spotkanie i zarazem starcie g\u0142\u00f3wnych bohater\u00f3w. I nie ma tam cackania si\u0119, bo to kobieta. Nie nikt nikogo nie bi\u0142, ale w s\u0142owach nie przebierano. C\u00f3\u017c&#8230; Polska rzeczywisto\u015b\u0107. Agnieszka Lingas-\u0141oniewska w niesamowity spos\u00f3b pokaza\u0142a realia \u017cycia miast takich jak Wa\u0142brzych. T\u0119 bied\u0119 i trudy \u017cycia czu\u0142o si\u0119 wr\u0119cz namacalnie. Za to w\u0142a\u015bnie lubi\u0119 jej ksi\u0105\u017cki, nie koloryzuje, nie ubarwia, tylko przedstawia prawdziwe realia. Kolejnym plusem s\u0105 emocje. O tak! Emocji nam tu nie zabraknie. Ksi\u0105\u017cka ta jest wr\u0119cz nimi przepe\u0142niona i to tak silnymi, i\u017c nie spos\u00f3b ich opisa\u0107, bo cokolwiek napisz\u0119, b\u0119dzie wydawa\u0142o mi si\u0119 nieodpowiednie, nie na miejscu i za ma\u0142o wyra\u017caj\u0105ce moje odczucia.<\/p>\n<p style=\"text-align: justify;\">Nadal pami\u0119tam, jak za pierwszym razem od pocz\u0105tku historii z zaciekawieniem \u201eobserwowa\u0142am\u201d Magd\u0119 i Micha\u0142a, dziwi\u0105c si\u0119, jak tak dwie r\u00f3\u017cne osobowo\u015bci mog\u0105 si\u0119 dogadywa\u0107. Magda to kobieta, kt\u00f3ra ma plany i marzenia. Si\u0142\u0119 do walki i wierzy, \u017ce je\u015bli si\u0119 chce wszystko mo\u017cna. Wystarczy tylko troch\u0119 trudu. Micha\u0142 za\u015b \u017cyje z dnia na dzie\u0144, jest sam sobie panem, robi co i kiedy chce. Uwa\u017ca, \u017ce i tak niczego nie dokona, wi\u0119c po co si\u0119 m\u0119czy\u0107, gdy mo\u017ce szybko zdoby\u0107, co potrzebuje. Gdy s\u0105 razem mi\u0119dzy nimi wr\u0119cz czu\u0107 te fale energii. Wszystko robi\u0105 z pasj\u0105, a na pewno si\u0119 tak k\u0142\u00f3c\u0105. Och, wtedy to si\u0119 dzieje. Ka\u017cde ma swoje racje i z trudem ust\u0119puje drugiemu. Micha\u0142 do tej pory by\u0142 sam, nie licz\u0105c przelotnych przyg\u00f3d i nie rozumia\u0142 za bardzo troski o niego. Pope\u0142nia\u0142 b\u0142\u0119dy, oszukiwa\u0142 (bo si\u0119 troszczy\u0142), nie spe\u0142nia\u0142 obietnic. Cz\u0119sto rani\u0142 ukochan\u0105, mo\u017ce nie \u015bwiadomie, ale&#8230; Dopiero z czasem zacz\u0105\u0142 rozumie\u0107, co znaczy bycie z kim\u015b, co znaczy kocha\u0107. I z tego powodu podziwia\u0142am Magd\u0119. Bo ona zawsze wybacza\u0142a, wraca\u0142a, t\u0142umaczy\u0142a, pokazywa\u0142a i uczy\u0142a.<\/p>\n<p style=\"text-align: justify;\"><em>W zapomnieniu<\/em> ponownie sprawi\u0142o, \u017ce nie potrafi\u0142am si\u0119 na niczym skupi\u0107, straci\u0142am poczucie czasu i kontakt z rzeczywisto\u015bci\u0105. Ja po prostu musia\u0142am dotrze\u0107 do ko\u0144ca ksi\u0105\u017cki i jeszcze raz prze\u017cy\u0107 to wszystko, z\u017cy\u0107 si\u0119 z bohaterami i wraz z nimi odczuwa\u0107 ka\u017cd\u0105 chwil\u0119, s\u0142owo i gest. Z wypiekami na twarzy \u015bledzi\u0142am to, co si\u0119 dzieje. Prze\u017cywa\u0142am z bohaterami wszystko tak, jakby mnie osobi\u015bcie spotka\u0142o co\u015b takiego i jakby by\u0142o to pierwsze zetkni\u0119cie z tym tytu\u0142em. <em>W zapomnieniu<\/em> si\u0119 nie czyta, tylko poch\u0142ania. Polska pisarka swoim stylem pisania za ka\u017cdym razem skupia ca\u0142\u0105 moj\u0105 uwag\u0119 i nie pozwala zapomnie\u0107 o danej historii. Powie\u015b\u0107 zachwyca dopracowaniem od pocz\u0105tku do ko\u0144ca, dialogami pe\u0142nymi emocji oraz obrazowymi opisami. To mog\u0142o przydarzy\u0107 si\u0119 ka\u017cdemu. W tej ksi\u0105\u017cce chodzi o to, aby umie\u0107 wybaczy\u0107, gdy si\u0119 kocha i spr\u00f3bowa\u0107 zrozumie\u0107. Szczerze? Zazdroszcz\u0119 im takiego uczucia.<\/p>\n<p style=\"text-align: justify;\">Polecam! Wznowienie <em>W zapomnieniu<\/em> to idealna okazja dla tych, kt\u00f3rzy nie poznali jeszcze tej historii oraz tych, kt\u00f3rzy lubi\u0105 wraca\u0107 do ju\u017c czytanych i ulubionych ksi\u0105\u017cek. Zapewniam, \u017ce po zako\u0144czeniu nie ominie was nieprzerwany potok my\u015bli oraz poczucie rozerwanego i na nowo sklejonego serce.<\/p>\n<p style=\"text-align: justify;\"><strong>Autor:<\/strong> Agnieszka Lingas-\u0141oniewska<br \/>\n<strong>Tytu\u0142:<\/strong> W zapomnieniu<br \/>\n<strong>Wydawnictwo:<\/strong> Burda Ksi\u0105\u017cki<br \/>\n<strong>Wydanie:<\/strong> III<br \/>\n<strong>Data wydania:<\/strong> 2019-07-17<br \/>\n<strong>Kategoria:<\/strong> romans<br \/>\n<strong>ISBN:<\/strong> 9788380535572<br \/>\n<strong>Liczba stron:<\/strong> 368<br \/>\n<strong>Ocena:<\/strong> 8\/10<\/p>\n","protected":false},"excerpt":{"rendered":"<p>(&#8230;) &#8211; A to, \u017ce czuj\u0119, \u017ce si\u0119 w tobie zakocha\u0142em? &#8211; Te\u017c nie&#8230; \u2013 pokr\u0119ci\u0142a g\u0142ow\u0105. &#8211; Aha, to kiedy\u015b ci powiem, dobrze?(&#8230;)* Kochasz kogo\u015b, a on ci\u0119 rani. Obiecuje, \u017ce to ostatni raz, a za chwil\u0119 historia si\u0119 powtarza. Ponownie wybaczasz no bo kochasz&#8230; Twoje \u017cycie to hu\u015btawka, ale ca\u0142y czas dajesz kolejn\u0105 [&hellip;]<\/p>\n","protected":false},"author":2,"featured_media":4462,"comment_status":"open","ping_status":"open","sticky":false,"template":"","format":"standard","meta":[],"categories":[5,4],"tags":[20,319,178,17,76],"jetpack_featured_media_url":"https:\/\/zapatrzonawksiazki.pl\/wp-content\/uploads\/2019\/08\/w-zapomnieniu-zapatrzonawksiazki-pl.jpeg","_links":{"self":[{"href":"https:\/\/zapatrzonawksiazki.pl\/index.php\/wp-json\/wp\/v2\/posts\/4461"}],"collection":[{"href":"https:\/\/zapatrzonawksiazki.pl\/index.php\/wp-json\/wp\/v2\/posts"}],"about":[{"href":"https:\/\/zapatrzonawksiazki.pl\/index.php\/wp-json\/wp\/v2\/types\/post"}],"author":[{"embeddable":true,"href":"https:\/\/zapatrzonawksiazki.pl\/index.php\/wp-json\/wp\/v2\/users\/2"}],"replies":[{"embeddable":true,"href":"https:\/\/zapatrzonawksiazki.pl\/index.php\/wp-json\/wp\/v2\/comments?post=4461"}],"version-history":[{"count":1,"href":"https:\/\/zapatrzonawksiazki.pl\/index.php\/wp-json\/wp\/v2\/posts\/4461\/revisions"}],"predecessor-version":[{"id":4464,"href":"https:\/\/zapatrzonawksiazki.pl\/index.php\/wp-json\/wp\/v2\/posts\/4461\/revisions\/4464"}],"wp:featuredmedia":[{"embeddable":true,"href":"https:\/\/zapatrzonawksiazki.pl\/index.php\/wp-json\/wp\/v2\/media\/4462"}],"wp:attachment":[{"href":"https:\/\/zapatrzonawksiazki.pl\/index.php\/wp-json\/wp\/v2\/media?parent=4461"}],"wp:term":[{"taxonomy":"category","embeddable":true,"href":"https:\/\/zapatrzonawksiazki.pl\/index.php\/wp-json\/wp\/v2\/categories?post=4461"},{"taxonomy":"post_tag","embeddable":true,"href":"https:\/\/zapatrzonawksiazki.pl\/index.php\/wp-json\/wp\/v2\/tags?post=4461"}],"curies":[{"name":"wp","href":"https:\/\/api.w.org\/{rel}","templated":true}]}}