{"id":4232,"date":"2019-04-22T10:48:58","date_gmt":"2019-04-22T08:48:58","guid":{"rendered":"http:\/\/zapatrzonawksiazki.pl\/?p=4232"},"modified":"2019-06-26T11:01:51","modified_gmt":"2019-06-26T09:01:51","slug":"zegar-czarnoksieznika-dvd","status":"publish","type":"post","link":"https:\/\/zapatrzonawksiazki.pl\/index.php\/2019\/04\/22\/zegar-czarnoksieznika-dvd\/","title":{"rendered":"&#8220;Zegar czarnoksi\u0119\u017cnika&#8221; (DVD)"},"content":{"rendered":"<blockquote>\n<p style=\"text-align: justify;\">Wybi\u0142a godzina magii<\/p>\n<\/blockquote>\n<p style=\"text-align: justify;\"><img decoding=\"async\" loading=\"lazy\" class=\"size-medium wp-image-4233 alignleft\" src=\"http:\/\/zapatrzonawksiazki.pl\/wp-content\/uploads\/2019\/06\/zegar-czarnoksieznika-wydanie-ksiazkowe-w-iext53764867-212x300.jpg\" alt=\"\" width=\"212\" height=\"300\" srcset=\"https:\/\/zapatrzonawksiazki.pl\/wp-content\/uploads\/2019\/06\/zegar-czarnoksieznika-wydanie-ksiazkowe-w-iext53764867-212x300.jpg 212w, https:\/\/zapatrzonawksiazki.pl\/wp-content\/uploads\/2019\/06\/zegar-czarnoksieznika-wydanie-ksiazkowe-w-iext53764867.jpg 247w\" sizes=\"(max-width: 212px) 100vw, 212px\" \/>Kiedy przewraca ci si\u0119 ca\u0142y \u015bwiat do g\u00f3ry nogami i tracisz najbli\u017cszych, trudno jest uwierzy\u0107 w magi\u0119. Jednak trudno jej zaprzeczy\u0107, gdy nagle masz z ni\u0105 bezpo\u015bredni kontakt. Co zrobi\u0107 z nowo odkryt\u0105 wiedz\u0105 i gro\u017c\u0105cym niebezpiecze\u0144stwem?<\/p>\n<p style=\"text-align: justify;\">Lewis (Owen Vaccaro) straci\u0142 w\u0142a\u015bnie rodzic\u00f3w i trafia pod opiek\u0119 wujka Jonathana (Jack Black), kt\u00f3rego nigdy wcze\u015bniej nie widzia\u0142. Mieszka na uboczu w domostwie, kt\u00f3re\u2026 \u017cyje. A na pewno mo\u017cna spotka\u0107 w nim m\u00f3wi\u0105ce meble (fotel, kt\u00f3ry zachowuje si\u0119, jak niesforny piesek jest moim faworytem) oraz fantastyczne stworzenia. Cz\u0119stym i chyba jedynym go\u015bciem domu jest Pani Zimmerman (Cate Blanchett). Ch\u0142opiec szybko orientuje si\u0119, \u017ce nie trafi\u0142 do zwyczajnego domu, a jego nowy opiekun nie jest zwyk\u0142ym cz\u0142owiekiem. Luis ch\u0119tnie uczy si\u0119 magii, kt\u00f3ra mo\u017ce zachwyca\u0107, jak i przera\u017ca\u0107, zw\u0142aszcza je\u015bli u\u017cyje si\u0119 jej w nieodpowiedni spos\u00f3b, tak jak Isaac Izard, kt\u00f3ry stworzy\u0142 magiczny zegar ukryty teraz w domu i odmierzaj\u0105cy czas do wydarzenia, kt\u00f3re na zawsze zmieni \u015bwiat.<\/p>\n<p style=\"text-align: justify;\">Przyznam szczerze, \u017ce po <em>Zegar czarnoksi\u0119\u017cnika<\/em> si\u0119gn\u0119\u0142am z czystej ciekawo\u015bci &#8211; spodoba\u0142 mi si\u0119 opis oraz zwiastun. Nie wiedzia\u0142am, \u017ce to adaptacja ksi\u0105\u017cki &#8211; a zawsze staram si\u0119 pierw wtedy przeczyta\u0107 powie\u015b\u0107 &#8211; ani nie kojarz\u0105c od razu, \u017ce re\u017cyser Eli Roth jest tym od <em>Hosteli<\/em> czy te\u017c <em>\u017byczenia \u015bmierci<\/em>. Mo\u017ce to i dobrze? Obejrza\u0142am film dzi\u0119ki temu bez \u017cadnych obaw, oczekuj\u0105c tylko dobrej rozrywki. Czy to otrzyma\u0142am?<\/p>\n<p style=\"text-align: justify;\">Eli Roth wraz z Ericem Kripke (scenariusz) wykonali przy tym filmie naprawd\u0119 dobr\u0105 robot\u0119 &#8211; <em>Zegar czarnoksi\u0119\u017cnika<\/em> zachwyca wykonaniem. Klimat filmu, wyst\u0119puj\u0105cy humor, \u015bwietna gra aktorska, efekty specjalne oraz magiczna otoczka idealnie ze sob\u0105 wsp\u00f3\u0142graj\u0105 i daj\u0105 prawie 2 godziny zajmuj\u0105cego seansu. To zdecydowanie film skierowany g\u0142\u00f3wnie do m\u0142odszego odbiorcy (10+), ale nie poleca\u0142abym go tym najm\u0142odszym, poniewa\u017c s\u0105 w nim momenty mog\u0105ce przestraszy\u0107 swoj\u0105 makabryczno\u015bci\u0105 i \u015bmia\u0142o mog\u0119 napisa\u0107, \u017ce niejeden doros\u0142y b\u0119dzie si\u0119 dobrze na nim bawi\u0142. W filmie du\u017co si\u0119 dzieje i nie mo\u017cna narzeka\u0107 na brak akcji oraz niesamowitych moment\u00f3w ukrytych mi\u0119dzy z pozoru ma\u0142o spektakularnymi wydarzeniami.<\/p>\n<p style=\"text-align: justify;\">Trzeba jednak przyzna\u0107, \u017ce du\u017c\u0105 zas\u0142ug\u0105 tego, i\u017c film nale\u017cy do dobrych, to zas\u0142uga \u015bwietnej gry aktorskiej i tutaj tego nie zabrak\u0142o. Duet Cate Blanchett i Jack Black jest naprawd\u0119 rewelacyjny. Nie tylko wczuli si\u0119 w swoje role, pokazuj\u0105c sw\u00f3j talent aktorski, ale te\u017c, jak fajnie mo\u017cna ze sob\u0105 wsp\u00f3\u0142pracowa\u0107. Ich relacja w filmie by\u0142a jednym z najmocniejszych element\u00f3w ca\u0142o\u015bci. By\u0142o wida\u0107 \u0142\u0105cz\u0105c\u0105 ich za\u017cy\u0142o\u015b\u0107, a s\u0142owne docinki bawi\u0142y do \u0142ez. Nie mo\u017cna te\u017c nic zarzuci\u0107 m\u0142odemu Owenowi Vaccaro, kt\u00f3ry dopiero od czterech lat staje przed kamer\u0105. Dla mnie, jako Lewis, by\u0142 bardzo przekonuj\u0105cy. Gra ch\u0142opca, kt\u00f3ry straci\u0142 rodzic\u00f3w i ci\u0119\u017cko jest mu znale\u017a\u0107 przyjaci\u00f3\u0142. Troch\u0119 zagubiony i samotny, staraj\u0105cy si\u0119 dopasowa\u0107 do innych, ale te\u017c pr\u00f3buj\u0105cy pozosta\u0107 sob\u0105. Naprawd\u0119 dobrze mu to wysz\u0142o.<\/p>\n<p style=\"text-align: justify;\">Nie oczekiwa\u0142am od tego filmu niczego wielkiego i chyba dzi\u0119ki temu tak bardzo przypad\u0142 mi do gustu. Uwielbiam tego typu klimaty oraz poczucie humoru dlatego te\u017c <em>Zegar czarnoksi\u0119\u017cnika<\/em> tak mnie zachwyci\u0142. \u017byj\u0105cy dom, ucz\u0142owieczenie mebli, magia i czary oraz docinki s\u0142owne &#8211; to wszystko sprawi\u0142o, \u017ce nie \u017ca\u0142uje ani sekundy po\u015bwi\u0119conej na ogl\u0105danie. Od samego pocz\u0105tku ca\u0142kowicie skupi\u0142am si\u0119 na tym, co si\u0119 dzieje na ekranie i z \u017calem przyj\u0119\u0142am zako\u0144czenie, bo ch\u0119tnie sp\u0119dzi\u0142abym z t\u0105 tr\u00f3jk\u0105 wi\u0119cej czasu.<\/p>\n<p style=\"text-align: justify;\">Z ca\u0142ego serca polecam <em>Zegar czarnoksi\u0119\u017cnika<\/em> na rodzinny seans z nieco starszymi pociechami, kt\u00f3re nie boj\u0105 si\u0119 czasami poczu\u0107 dreszczyku strachu. Dobra zabawa gwarantowana!<\/p>\n<p style=\"text-align: justify;\"><strong>Re\u017cyseria:<\/strong> Eli Roth<br \/>\n<strong>Gatunek:<\/strong> fantasy, przygodowy<br \/>\n<strong>Produkcja:<\/strong> USA<br \/>\n<strong>Obsada:<\/strong> Cate Blanchett, Jack Black, Renee Elise Goldsberry<br \/>\n<strong>Premiera:<\/strong> 21 wrze\u015bnia 2018 (Polska)<\/p>\n","protected":false},"excerpt":{"rendered":"<p>Wybi\u0142a godzina magii Kiedy przewraca ci si\u0119 ca\u0142y \u015bwiat do g\u00f3ry nogami i tracisz najbli\u017cszych, trudno jest uwierzy\u0107 w magi\u0119. Jednak trudno jej zaprzeczy\u0107, gdy nagle masz z ni\u0105 bezpo\u015bredni kontakt. Co zrobi\u0107 z nowo odkryt\u0105 wiedz\u0105 i gro\u017c\u0105cym niebezpiecze\u0144stwem? Lewis (Owen Vaccaro) straci\u0142 w\u0142a\u015bnie rodzic\u00f3w i trafia pod opiek\u0119 wujka Jonathana (Jack Black), kt\u00f3rego [&hellip;]<\/p>\n","protected":false},"author":2,"featured_media":4234,"comment_status":"open","ping_status":"open","sticky":false,"template":"","format":"standard","meta":[],"categories":[6,4],"tags":[54,17,1552,18],"jetpack_featured_media_url":"https:\/\/zapatrzonawksiazki.pl\/wp-content\/uploads\/2019\/06\/zegar-czarnoksieznika-zapatrzonawksiazki-pl.jpeg","_links":{"self":[{"href":"https:\/\/zapatrzonawksiazki.pl\/index.php\/wp-json\/wp\/v2\/posts\/4232"}],"collection":[{"href":"https:\/\/zapatrzonawksiazki.pl\/index.php\/wp-json\/wp\/v2\/posts"}],"about":[{"href":"https:\/\/zapatrzonawksiazki.pl\/index.php\/wp-json\/wp\/v2\/types\/post"}],"author":[{"embeddable":true,"href":"https:\/\/zapatrzonawksiazki.pl\/index.php\/wp-json\/wp\/v2\/users\/2"}],"replies":[{"embeddable":true,"href":"https:\/\/zapatrzonawksiazki.pl\/index.php\/wp-json\/wp\/v2\/comments?post=4232"}],"version-history":[{"count":1,"href":"https:\/\/zapatrzonawksiazki.pl\/index.php\/wp-json\/wp\/v2\/posts\/4232\/revisions"}],"predecessor-version":[{"id":4235,"href":"https:\/\/zapatrzonawksiazki.pl\/index.php\/wp-json\/wp\/v2\/posts\/4232\/revisions\/4235"}],"wp:featuredmedia":[{"embeddable":true,"href":"https:\/\/zapatrzonawksiazki.pl\/index.php\/wp-json\/wp\/v2\/media\/4234"}],"wp:attachment":[{"href":"https:\/\/zapatrzonawksiazki.pl\/index.php\/wp-json\/wp\/v2\/media?parent=4232"}],"wp:term":[{"taxonomy":"category","embeddable":true,"href":"https:\/\/zapatrzonawksiazki.pl\/index.php\/wp-json\/wp\/v2\/categories?post=4232"},{"taxonomy":"post_tag","embeddable":true,"href":"https:\/\/zapatrzonawksiazki.pl\/index.php\/wp-json\/wp\/v2\/tags?post=4232"}],"curies":[{"name":"wp","href":"https:\/\/api.w.org\/{rel}","templated":true}]}}