{"id":4132,"date":"2019-05-24T11:34:59","date_gmt":"2019-05-24T09:34:59","guid":{"rendered":"http:\/\/zapatrzonawksiazki.pl\/?p=4132"},"modified":"2019-05-28T11:54:38","modified_gmt":"2019-05-28T09:54:38","slug":"znak-kukulki-anna-bichalska","status":"publish","type":"post","link":"https:\/\/zapatrzonawksiazki.pl\/index.php\/2019\/05\/24\/znak-kukulki-anna-bichalska\/","title":{"rendered":"&#8220;Znak kuku\u0142ki&#8221; Anna Bichalska"},"content":{"rendered":"<blockquote>\n<p style=\"text-align: justify;\">To, co prawdziwe, mo\u017ce mie\u0107 r\u00f3\u017cne ubranie, ale w \u015brodku, kiedy si\u0119 temu przyjrzysz, zawsze wygl\u0105da tak samo.*<\/p>\n<\/blockquote>\n<p style=\"text-align: justify;\"><img decoding=\"async\" loading=\"lazy\" class=\"size-medium wp-image-4133 alignleft\" src=\"http:\/\/zapatrzonawksiazki.pl\/wp-content\/uploads\/2019\/05\/znak-kukulki-w-iext54494201-205x300.jpg\" alt=\"\" width=\"205\" height=\"300\" srcset=\"https:\/\/zapatrzonawksiazki.pl\/wp-content\/uploads\/2019\/05\/znak-kukulki-w-iext54494201-205x300.jpg 205w, https:\/\/zapatrzonawksiazki.pl\/wp-content\/uploads\/2019\/05\/znak-kukulki-w-iext54494201.jpg 239w\" sizes=\"(max-width: 205px) 100vw, 205px\" \/>Czasem po zbyt du\u017cej ilo\u015bci traumatycznych prze\u017cy\u0107 wolimy wyprze\u0107 je z pami\u0119ci. To pomaga nam w powrocie do normalnego \u017cycia i nowego pocz\u0105tku. Nasz umys\u0142 pod\u015bwiadomie zamyka je w najdalszym zak\u0105tku naszej pami\u0119ci i pozwala wierzy\u0107, \u017ce nic nas nie spotka\u0142o. Przynajmniej do czasu a\u017c nadchodzi czas, gdy musimy si\u0119 z tym zmierzy\u0107.<\/p>\n<p style=\"text-align: justify;\">Alina od zawsze wie, \u017ce by\u0142a adoptowana i jedyne, co wie o swojej przesz\u0142o\u015bci, to fakt, i\u017c zosta\u0142a znaleziona w lesie. Niczego wi\u0119cej nie pami\u0119ta i chocia\u017c dr\u0119cz\u0105 j\u0105 pewne problemy, to nie chce wiedzie\u0107, co takiego dzia\u0142o si\u0119 przed jej odnalezieniem przez Mateusza, kt\u00f3ry ostatecznie adoptowa\u0142 j\u0105 wraz z \u017con\u0105. Teraz, po wielu latach, gdy jej ojciec umiera, kobieta zostaje tylko z teczk\u0105 pe\u0142n\u0105 artyku\u0142\u00f3w o jej nag\u0142ym pojawieniu si\u0119 i nag\u0142a ch\u0119\u0107 poznania prawdy. W poszukiwaniach odpowiedzi na niezliczone pytania niespodziewanie pomaga Alicji jej nowa wsp\u00f3\u0142lokatorka &#8211; Greta.<\/p>\n<p style=\"text-align: justify;\">To moje pierwsze spotkanie z tw\u00f3rczo\u015bci\u0105 Anny Bichalskiej i nie wiedzia\u0142am, czego mog\u0119 si\u0119 po niej spodziewa\u0107. Opis by\u0142 jednak tak intryguj\u0105cy, \u017ce musia\u0142am si\u0119gn\u0105\u0107 po <em>Znak kuku\u0142ki<\/em>. Czy by\u0142o warto?<\/p>\n<p style=\"text-align: justify;\">Musz\u0119 przyzna\u0107, \u017ce pocz\u0105tki by\u0142y trudne, ale <em>Znak kuku\u0142ki<\/em> ma w sobie co\u015b takiego, \u017ce nie da si\u0119 go od\u0142o\u017cy\u0107, nawet je\u015bli trudno si\u0119 odnale\u017a\u0107 w zawi\u0142ym toku my\u015blenia Anny Bichalskiej. Autorka przedstawia kilka historii i sprawia, \u017ce nie wiadomo, co jest prawd\u0105, a co wymys\u0142em umys\u0142u postaci. Podrzuca kolejne elementy uk\u0142adanki, kt\u00f3re s\u0105 pomieszan\u0105 cz\u0119\u015bci\u0105 opowie\u015bci i sprawia, \u017ce czytelnik intensywnie my\u015bli, by dociec, o co w tym chodzi. Poszukuje odpowiednich element\u00f3w, pragn\u0105c pozna\u0107 prawd\u0119. Tylko to nie jest takie proste, bo historia jest pe\u0142na niedom\u00f3wie\u0144, poszlak ukrytych mi\u0119dzy s\u0142owami oraz w fantastycznych opowie\u015bciach mog\u0105cych by\u0107 w sumie prawdziwymi. Ci\u0119\u017cko mi stwierdzi\u0107, do jakiego gatunku przypisa\u0107 ten tytu\u0142. Podobno okre\u015blony jest jako thriller i owszem, czu\u0107 tutaj nutk\u0119 grozy oraz niepokoju Jednak przez d\u0142ugi czas pocz\u0105tek historii bardziej pasuje do klimatu obyczaj\u00f3wki, p\u00f3\u017aniej wplecione s\u0105 r\u00f3wnie\u017c w\u0105tki fantastyczne oraz mistyczne. Mam wra\u017cenie, \u017ce ka\u017cdy czytelnik inaczej do tego podejdzie, \u017ce dla ka\u017cdego co\u015b innego wyjdzie na pierwszy plan. I to mi si\u0119 w tej ksi\u0105\u017cce mi\u0119dzy innymi tak podoba.<\/p>\n<p style=\"text-align: justify;\">R\u00f3wnie mocnym atutem tej historii s\u0105 postacie. Ich charakterystyka zachwyca od pierwszych stron. My\u015bli si\u0119, \u017ce powoli, ale dok\u0142adnie poznaje si\u0119 wszystkie postacie. Prawd\u0105 jednak jest, \u017ce wiemy o nich tylko tyle, ile sami zechc\u0105 nam pokaza\u0107. Nie wiadomo te\u017c, kt\u00f3re z nich to prawdziwa osoba, a kto jest wymys\u0142em wyobra\u017ani, ta granica jest bardzo cienka. Jestem pe\u0142na podziwu dla autorki, \u017ce tak rewelacyjnie poradzi\u0142a sobie z kreowaniem postaci i nadaniem im realnych rys oraz cech.<\/p>\n<p style=\"text-align: justify;\"><em>Znak kuku\u0142ki<\/em> czyta\u0142am par\u0119 dni, chocia\u017c nie by\u0142a to nudna lektura, to bywa\u0142y momenty, w kt\u00f3rych czu\u0142am, jakbym wcale nie posuwa\u0142a si\u0119 z czytaniem naprz\u00f3d i kr\u0105\u017cy\u0142a wok\u00f3\u0142 tak jak bohaterka, zagubiona, niepewna, b\u0142\u0105dz\u0105ca mi\u0119dzy jaw\u0105 a snem. Musicie jednak wiedzie\u0107, \u017ce nawet pomimo tego ani razu nie pomy\u015bla\u0142am, by przerwa\u0107 czytanie, bo by\u0142am ciekawa fina\u0142u oraz zafascynowana pomys\u0142em na powie\u015b\u0107. Anna Bichalska stworzy\u0142a co\u015b bardzo nieoczywistego, co dop\u00f3ki nie pozna si\u0119 zako\u0144czenia, mo\u017ce wzbudza\u0107 konsternacj\u0119 i poczucie, \u017ce ta historia ma jeszcze wiele brakuj\u0105cych element\u00f3w. Znak kuku\u0142ki trzeba czyta\u0107 powoli, na spokojnie i z czystym umys\u0142em, wy\u0142apywa\u0107 to, co ukryte i powoli dopasowywa\u0107 poszczeg\u00f3lne elementy uk\u0142adanki.<\/p>\n<p style=\"text-align: justify;\"><em>Znak kuku\u0142ki<\/em> mo\u017ce zbiera\u0107 r\u00f3\u017cne oceny. Jest to bowiem powie\u015b\u0107 dla tych, kt\u00f3rzy lubi\u0105 takie nieoczywisto\u015bci i zanurzanie si\u0119 w ludzkiej psychice. Osobi\u015bcie przyznaj\u0119, \u017ce by\u0142am zafascynowana i z czystym sumieniem polecam ten tytu\u0142.<\/p>\n<blockquote>\n<p style=\"text-align: justify;\">&#8211; To, \u017ce co\u015b nie zdarzy\u0142o si\u0119 naprawd\u0119, nie znaczy, \u017ce nie by\u0142o w tym nic z prawdy. Czasami w czym\u015b wymy\u015blonym mo\u017ce by\u0107 wi\u0119cej prawdy ni\u017c w czym\u015b rzeczywistym. To tak jak ze snami. Czasem be\u0142kocz\u0105 jak pijane, ale cz\u0119sto m\u00f3wi\u0105 wi\u0119cej i s\u0105 bardziej szczere ni\u017c trze\u017awa rzeczywisto\u015b\u0107. Co jest bardziej prawdziwe? To, co mo\u017cemy kontrolowa\u0107, czy to, czego nie jeste\u015bmy w stanie?*<\/p>\n<\/blockquote>\n<p style=\"text-align: justify;\"><strong>Autor:<\/strong> Anna Bichalska<br \/>\n<strong>Tytu\u0142:<\/strong> Znak kuku\u0142ki<br \/>\n<strong>Wydawnictwo:<\/strong> Zysk i S-ka<br \/>\n<strong>Wydanie:<\/strong> I<br \/>\n<strong>Data wydania: <span style=\"color: #ff0000;\">2019-05-28<\/span><\/strong><br \/>\n<strong>Kategoria:<\/strong> thriller<br \/>\n<strong>ISBN:<\/strong> 9788381166348<br \/>\n<strong>Liczba stron:<\/strong> 452<br \/>\n<strong>Ocena:<\/strong> 7\/10<\/p>\n","protected":false},"excerpt":{"rendered":"<p>To, co prawdziwe, mo\u017ce mie\u0107 r\u00f3\u017cne ubranie, ale w \u015brodku, kiedy si\u0119 temu przyjrzysz, zawsze wygl\u0105da tak samo.* Czasem po zbyt du\u017cej ilo\u015bci traumatycznych prze\u017cy\u0107 wolimy wyprze\u0107 je z pami\u0119ci. To pomaga nam w powrocie do normalnego \u017cycia i nowego pocz\u0105tku. Nasz umys\u0142 pod\u015bwiadomie zamyka je w najdalszym zak\u0105tku naszej pami\u0119ci i pozwala wierzy\u0107, \u017ce [&hellip;]<\/p>\n","protected":false},"author":2,"featured_media":4134,"comment_status":"open","ping_status":"open","sticky":false,"template":"","format":"standard","meta":[],"categories":[5,4],"tags":[31,1531,17,38,71],"jetpack_featured_media_url":"https:\/\/zapatrzonawksiazki.pl\/wp-content\/uploads\/2019\/05\/znak-kukulki-zapatrzonawksiazki-pl.jpg","_links":{"self":[{"href":"https:\/\/zapatrzonawksiazki.pl\/index.php\/wp-json\/wp\/v2\/posts\/4132"}],"collection":[{"href":"https:\/\/zapatrzonawksiazki.pl\/index.php\/wp-json\/wp\/v2\/posts"}],"about":[{"href":"https:\/\/zapatrzonawksiazki.pl\/index.php\/wp-json\/wp\/v2\/types\/post"}],"author":[{"embeddable":true,"href":"https:\/\/zapatrzonawksiazki.pl\/index.php\/wp-json\/wp\/v2\/users\/2"}],"replies":[{"embeddable":true,"href":"https:\/\/zapatrzonawksiazki.pl\/index.php\/wp-json\/wp\/v2\/comments?post=4132"}],"version-history":[{"count":1,"href":"https:\/\/zapatrzonawksiazki.pl\/index.php\/wp-json\/wp\/v2\/posts\/4132\/revisions"}],"predecessor-version":[{"id":4135,"href":"https:\/\/zapatrzonawksiazki.pl\/index.php\/wp-json\/wp\/v2\/posts\/4132\/revisions\/4135"}],"wp:featuredmedia":[{"embeddable":true,"href":"https:\/\/zapatrzonawksiazki.pl\/index.php\/wp-json\/wp\/v2\/media\/4134"}],"wp:attachment":[{"href":"https:\/\/zapatrzonawksiazki.pl\/index.php\/wp-json\/wp\/v2\/media?parent=4132"}],"wp:term":[{"taxonomy":"category","embeddable":true,"href":"https:\/\/zapatrzonawksiazki.pl\/index.php\/wp-json\/wp\/v2\/categories?post=4132"},{"taxonomy":"post_tag","embeddable":true,"href":"https:\/\/zapatrzonawksiazki.pl\/index.php\/wp-json\/wp\/v2\/tags?post=4132"}],"curies":[{"name":"wp","href":"https:\/\/api.w.org\/{rel}","templated":true}]}}