{"id":405,"date":"2015-05-18T20:55:00","date_gmt":"2015-05-18T20:55:00","guid":{"rendered":"http:\/\/zapatrzonawksiazki.pl\/index.php\/2015\/05\/18\/zyjac-wsrod-tajemnic\/"},"modified":"2019-01-05T22:47:34","modified_gmt":"2019-01-05T21:47:34","slug":"toxic-rachel-van-dyken","status":"publish","type":"post","link":"https:\/\/zapatrzonawksiazki.pl\/index.php\/2015\/05\/18\/toxic-rachel-van-dyken\/","title":{"rendered":"&#8220;Toxic&#8221; Rachel Van Dyken"},"content":{"rendered":"<blockquote>\n<div style=\"text-align: justify;\">\u201eWszyscy nosz\u0105 maski. W r\u00f3\u017cnych kszta\u0142tach i rozmiarach. Jedyny problem z nak\u0142adaniem masek polega na tym, \u017ce tak dobrze si\u0119 w nich czujemy. Jak\u017ce szybko u\u015bwiadamiamy sobie, \u017ce nie musimy by\u0107 tym, kim naprawd\u0119 jeste\u015bmy. Jak \u0142atwo przekona\u0107 samych siebie, \u017ce musimy ukry\u0107 to, jacy si\u0119 urodzili\u015bmy. To straszne, \u017ce l\u0119k nie pozwala nam wype\u0142ni\u0107 naszego przeznaczenia. To piek\u0142o, gdy osoba, kt\u00f3r\u0105 mieli\u015bmy by\u0107, zostaje zast\u0105piona przez jakiego\u015b taniego oszusta\u201d.*<\/div>\n<\/blockquote>\n<div><\/div>\n<div style=\"text-align: justify;\">\n<p><img decoding=\"async\" loading=\"lazy\" class=\"size-medium wp-image-3554 alignleft\" src=\"http:\/\/zapatrzonawksiazki.pl\/wp-content\/uploads\/2015\/05\/toxic-zatraceni-tom-2-w-iext37449811-210x300.jpg\" alt=\"\" width=\"210\" height=\"300\" srcset=\"https:\/\/zapatrzonawksiazki.pl\/wp-content\/uploads\/2015\/05\/toxic-zatraceni-tom-2-w-iext37449811-210x300.jpg 210w, https:\/\/zapatrzonawksiazki.pl\/wp-content\/uploads\/2015\/05\/toxic-zatraceni-tom-2-w-iext37449811.jpg 245w\" sizes=\"(max-width: 210px) 100vw, 210px\" \/>Po przeczytaniu \u201eUtraty\u201d niecierpliwie oczekiwa\u0142am kolejnej\u00a0 cz\u0119\u015bci, by\u0142am ciekawa historii Gabe\u2019a, tego co jego spotka\u0142o w przesz\u0142o\u015bci i z czym musi si\u0119 zmaga\u0107 w chwili obecnej. Po pierwszym tomie mia\u0142am pewne oczekiwania i liczy\u0142am, \u017ce Rachel Van Dyken im sprosta. Czy autorka sprosta\u0142a moim wymaganiom?<\/p>\n<\/div>\n<div style=\"text-align: justify;\">\n<p>Saylor ma jeden cel \u2013 sko\u0144czy\u0107 studia muzyczne i znale\u017a\u0107 prace, by pom\u00f3c mamie i m\u0142odszemu bratu. Jej \u017cycie jest wype\u0142nione nauk\u0105 i \u0107wiczeniami gry na pianinie. Ten spok\u00f3j trwa do czasu a\u017c w jej \u017cycie wkroczy Gabe, gniewny, z mrokiem w oczach ch\u0142opak, z kt\u00f3rym si\u0119 k\u0142\u00f3ci albo ca\u0142uje. Po pierwszym spotkaniu ich drogi krzy\u017cuj\u0105 si\u0119 coraz cz\u0119\u015bciej, ale Gabe ma tajemnice, kt\u00f3rych nie mo\u017ce wyjawi\u0107, ale przesz\u0142o\u015b\u0107 nie daje o sobie zapomnie\u0107 i zaciska si\u0119 na nim jak imad\u0142o. Co zrobi ch\u0142opak w chwili podejmowania decyzji? Ucieknie czy stawi czo\u0142o nieuniknionemu? Kim tak naprawd\u0119 jest Gabe i jakie s\u0105 jego tajemnice?<\/p>\n<\/div>\n<div style=\"text-align: justify;\">\n<p>Po tym jak mocno prze\u017cywa\u0142am \u201eUtrat\u0119\u201d by\u0142am przygotowana na co najmniej taki sam \u0142adunek emocjonalny jak poprzednim razem i chocia\u017c ksi\u0105\u017cka jest naprawd\u0119 bardzo dobra, czego\u015b mi w niej zabrak\u0142o, czego\u015b co by sprawi\u0142o, \u017ce \u201eToxic\u201d mog\u0142abym stawia\u0107 na r\u00f3wni z pierwszym tomem. Niemniej zauwa\u017cy\u0107 musz\u0119 i\u017c Rachel Van Dyken postara\u0142a si\u0119 i tym razem, historia przez ni\u0105 stworzona jest przemy\u015blana i dopracowana, bywa\u0142y momenty gdy jakie\u015b wydarzenia wydawa\u0142y si\u0119 odrobin\u0119 nierzeczywiste, ale nie przeszkadza\u0142y za bardzo i nie odbiera przyjemno\u015bci czytania. Podoba\u0142o mi si\u0119, \u017ce po raz kolejny autorka poruszaj\u0105c temat choroby stara si\u0119 by informacje zawarte w tek\u015bcie by\u0142y prawdziwe i zrozumia\u0142e dla czytelnika. Ponadto opisuje temat ucieczki przed przesz\u0142o\u015bci\u0105, samym sob\u0105 i czynami, kt\u00f3rych nie da si\u0119 cofn\u0105\u0107. Trafnie obserwuje, \u017ce cz\u0119sto zak\u0142adamy maski i gramy kogo\u015b kim nie jeste\u015bmy \u2013 bo tak jest \u0142atwiej i wydaje si\u0119, \u017ce lepiej i z czasem si\u0119 do nich przyzwyczajamy, spychaj\u0105c prawdziwych siebie gdzie\u015b w g\u0142\u0105b.<\/p>\n<\/div>\n<div style=\"text-align: justify;\">\n<p>Mam ma\u0142y problem z ocenieniem bohater\u00f3w, z jednej strony s\u0105 oni dopracowani, wyr\u00f3\u017cniaj\u0105 si\u0119 na tle innych, zapadaj\u0105 w pami\u0119\u0107 i wida\u0107, \u017ce pope\u0142niaj\u0105 b\u0142\u0119dy, wybieraj\u0105 z\u0142e drogi przy czym ucz\u0105 si\u0119 na tym \u017cycia, przyja\u017ani, zaufania i mi\u0142o\u015bci. Z drugiej jednak czasem\u00a0 co niekt\u00f3rzy byli za bardzo wyidealizowani przez co odrobin\u0119 irytuj\u0105cy. Z rado\u015bci\u0105 poczyta\u0142am znowu o Kiersten i Westonie, ale to Gabe i Saylor grali pierwsze skrzypce. On by\u0142 przez pewien czas prawdziw\u0105 zagadk\u0105, tyle r\u00f3l, tyle masek, a gdzie jest prawdziwy on? Zaimponowa\u0142 mi swoim po\u015bwi\u0119ceniem, ale z drugiej strony nie zlicz\u0119 ile razy wyobra\u017ca\u0142am sobie jak bije go po g\u0142owie czym\u015b naprawd\u0119 ci\u0119\u017ckim.<\/p>\n<\/div>\n<div style=\"text-align: justify;\">\n<p>Mam mieszane odczucia i wiem, \u017ce chocia\u017c to zupe\u0142nie inna historia inne postacie g\u0142\u00f3wne oceniam j\u0105 przez pryzmat \u201eUtraty\u201d, co troch\u0119 ujmuje jej w moich oczach, poniewa\u017c odrobin\u0119 brakuje jej do tomu pierwszego. Ale! Faktem jest, \u017ce opowie\u015b\u0107 wci\u0105ga, intryguje i wywo\u0142uje emocje. \u201eToxic\u201d czyta si\u0119 szybko, a przy tym odczuwa emocje bohater\u00f3w, kibicuje im i z zainteresowaniem \u015bledzi bieg wydarze\u0144. Van Dyken w dalszym ci\u0105gu potrafi przyku\u0107 uwag\u0119, wzruszy\u0107, roz\u015bmieszy\u0107 czy te\u017c wzbudzi\u0107 z\u0142o\u015b\u0107 na niesprawiedliwo\u015b\u0107 losu. Z pewno\u015bci\u0105 si\u0119gn\u0119 po inne jej powie\u015bci.<\/p>\n<\/div>\n<div style=\"text-align: justify;\">\n<p>Drugi tom Zatraconych zdecydowanie nale\u017cy do innych postaci, ale z pewno\u015bci\u0105 spodoba si\u0119 fanom \u201eUtraty\u201d, pi\u00f3ra Rachel Van Dyken czy te\u017c gatunku New Adult. To ksi\u0105\u017cka pe\u0142na rozpaczy i b\u00f3lu, ale zarazem nios\u0105ca iskierk\u0119 nadziei. Posiada te\u017c w sobie pewien wa\u017cny przekaz. Pomimo kilku niedoci\u0105gni\u0119\u0107\u00a0 \u201eToxic\u201d jest tytu\u0142em godnym polecenia, poniewa\u017c wzbudza emocje, nie jest przekoloryzowana, bohaterowie trzymaj\u0105\u00a0poziom, a to najwa\u017cniejsze.<\/p>\n<\/div>\n<blockquote>\n<div style=\"text-align: justify;\">\u201e\u017bycie ma dwa etapy. Narodziny i \u015bmier\u0107. Nic wi\u0119cej. Co w takim razie dzieje si\u0119 mi\u0119dzy nimi? C\u00f3\u017c, to zale\u017cy wy\u0142\u0105cznie od nas samych, prawda?\u201d.**<\/div>\n<\/blockquote>\n<div style=\"text-align: justify;\">* Rachel Van Dyken, \u201eUtrata\u201d, s. 129<\/div>\n<div style=\"text-align: justify;\">**Tam\u017ce., s. 17<\/div>\n<div style=\"text-align: justify;\"><strong>Autor:<\/strong> Rachel Van Dyken<\/div>\n<div style=\"text-align: justify;\"><strong>Tytu\u0142:<\/strong> Toxic<\/div>\n<div style=\"text-align: justify;\"><strong>Wydawnictwo:<\/strong> Feeria<\/div>\n<div style=\"text-align: justify;\"><strong>Rok wydania:<\/strong> 03 czerwca 2015<\/div>\n<div style=\"text-align: justify;\"><strong>Liczba stron:<\/strong> 344<\/div>\n<div><\/div>\n<div align=\"center\">Zatraceni:<\/div>\n<div align=\"center\"><a href=\"http:\/\/zapatrzonawksiazki.pl\/index.php\/2015\/02\/13\/utrata-rachel-van-dyken\/\">Utrata<\/a> | <em>Toxic<\/em> | Fearless | <a href=\"http:\/\/zapatrzonawksiazki.pl\/index.php\/2015\/08\/28\/wstyd-rachel-van-dyken\/\">Wstyd<\/a><\/div>\n<div><\/div>\n<div align=\"right\">Wyzwania: <a href=\"http:\/\/recenzjeami.blogspot.com\/2015\/01\/wyzwanie-czytelnicze-czytam-opase.html\">Czytam Opas\u0142e Tomiska<\/a><\/div>\n","protected":false},"excerpt":{"rendered":"<p>\u201eWszyscy nosz\u0105 maski. W r\u00f3\u017cnych kszta\u0142tach i rozmiarach. Jedyny problem z nak\u0142adaniem masek polega na tym, \u017ce tak dobrze si\u0119 w nich czujemy. Jak\u017ce szybko u\u015bwiadamiamy sobie, \u017ce nie musimy by\u0107 tym, kim naprawd\u0119 jeste\u015bmy. Jak \u0142atwo przekona\u0107 samych siebie, \u017ce musimy ukry\u0107 to, jacy si\u0119 urodzili\u015bmy. To straszne, \u017ce l\u0119k nie pozwala nam wype\u0142ni\u0107 [&hellip;]<\/p>\n","protected":false},"author":2,"featured_media":3553,"comment_status":"open","ping_status":"open","sticky":false,"template":"","format":"standard","meta":[],"categories":[5,4],"tags":[31,325,1430,23,389,17,390],"jetpack_featured_media_url":"https:\/\/zapatrzonawksiazki.pl\/wp-content\/uploads\/2015\/05\/toxic.jpg","_links":{"self":[{"href":"https:\/\/zapatrzonawksiazki.pl\/index.php\/wp-json\/wp\/v2\/posts\/405"}],"collection":[{"href":"https:\/\/zapatrzonawksiazki.pl\/index.php\/wp-json\/wp\/v2\/posts"}],"about":[{"href":"https:\/\/zapatrzonawksiazki.pl\/index.php\/wp-json\/wp\/v2\/types\/post"}],"author":[{"embeddable":true,"href":"https:\/\/zapatrzonawksiazki.pl\/index.php\/wp-json\/wp\/v2\/users\/2"}],"replies":[{"embeddable":true,"href":"https:\/\/zapatrzonawksiazki.pl\/index.php\/wp-json\/wp\/v2\/comments?post=405"}],"version-history":[{"count":5,"href":"https:\/\/zapatrzonawksiazki.pl\/index.php\/wp-json\/wp\/v2\/posts\/405\/revisions"}],"predecessor-version":[{"id":3560,"href":"https:\/\/zapatrzonawksiazki.pl\/index.php\/wp-json\/wp\/v2\/posts\/405\/revisions\/3560"}],"wp:featuredmedia":[{"embeddable":true,"href":"https:\/\/zapatrzonawksiazki.pl\/index.php\/wp-json\/wp\/v2\/media\/3553"}],"wp:attachment":[{"href":"https:\/\/zapatrzonawksiazki.pl\/index.php\/wp-json\/wp\/v2\/media?parent=405"}],"wp:term":[{"taxonomy":"category","embeddable":true,"href":"https:\/\/zapatrzonawksiazki.pl\/index.php\/wp-json\/wp\/v2\/categories?post=405"},{"taxonomy":"post_tag","embeddable":true,"href":"https:\/\/zapatrzonawksiazki.pl\/index.php\/wp-json\/wp\/v2\/tags?post=405"}],"curies":[{"name":"wp","href":"https:\/\/api.w.org\/{rel}","templated":true}]}}