{"id":3757,"date":"2019-02-01T20:49:15","date_gmt":"2019-02-01T19:49:15","guid":{"rendered":"http:\/\/zapatrzonawksiazki.pl\/?p=3757"},"modified":"2019-02-01T20:49:15","modified_gmt":"2019-02-01T19:49:15","slug":"nowosci-zapowiedzi-02-2019-luty","status":"publish","type":"post","link":"https:\/\/zapatrzonawksiazki.pl\/index.php\/2019\/02\/01\/nowosci-zapowiedzi-02-2019-luty\/","title":{"rendered":"Nowo\u015bci\/zapowiedzi #02\/2019 \u2013 LUTY"},"content":{"rendered":"<p style=\"text-align: justify;\">Nowo\u015bci\/zapowiedzi \u2013 to cykl ukazuj\u0105cy si\u0119 raz w miesi\u0105cu, kt\u00f3ry przedstawia nadchodz\u0105ce zapowiedzi lub nowo\u015bci wydawnicze na dany miesi\u0105c. Moje wybory s\u0105 ca\u0142kowicie subiektywne i dokonane pod k\u0105tem moich zainteresowa\u0144 czytelniczych.<br \/>\nLegenda: tytu\u0142y s\u0105 podlinkowane i przenosz\u0105 do opisu ksi\u0105\u017cki;<br \/>\n<span style=\"color: #ff0000;\">\/\/\/<\/span> <span style=\"color: #ff0000;\">czerwone<\/span> \u2013 musz\u0119 mie\u0107,<br \/>\n<span style=\"color: #008000;\">\/\/ zielone<\/span> \u2013 mam\/w drodze do mnie,<br \/>\n<span style=\"color: #0000ff;\">\/ niebieskie<\/span> \u2013 ciekawi\u0105 mnie, ale mog\u0119 na nie poczeka\u0107.<\/p>\n<p><img decoding=\"async\" loading=\"lazy\" class=\"aligncenter wp-image-3758 size-full\" src=\"http:\/\/zapatrzonawksiazki.pl\/wp-content\/uploads\/2019\/02\/zapowiedzi1022019.jpg\" alt=\"02\/2019 \u2013 LUTY\" width=\"660\" height=\"457\" srcset=\"https:\/\/zapatrzonawksiazki.pl\/wp-content\/uploads\/2019\/02\/zapowiedzi1022019.jpg 660w, https:\/\/zapatrzonawksiazki.pl\/wp-content\/uploads\/2019\/02\/zapowiedzi1022019-300x208.jpg 300w\" sizes=\"(max-width: 660px) 100vw, 660px\" \/><br \/>\n<strong><br \/>\n02.06<\/strong><br \/>\n<span style=\"color: #0000ff;\">\/<\/span>\u00a0<a href=\"https:\/\/www.empik.com\/labedz-i-szakal-redmerski-j-a,p1220539947,ksiazka-p\">\u0141ab\u0119d\u017a i Szakal J.A. Redmerski<\/a> \/ NieZwyk\u0142e \/ Romans<\/p>\n<p><strong>02.11<\/strong><br \/>\n<span style=\"color: #008000;\">\/\/<\/span>\u00a0<a href=\"https:\/\/www.empik.com\/cynamon-chlopaki-i-ja-bach-dagmar,p1220709078,ksiazka-p\">Cynamon, ch\u0142opaki i ja\u00a0Dagmar Bach<\/a> \/ Media Rodzina \/\u00a0Lit. m\u0142odzie\u017cowa<\/p>\n<p><img decoding=\"async\" loading=\"lazy\" class=\"aligncenter wp-image-3759 size-full\" src=\"http:\/\/zapatrzonawksiazki.pl\/wp-content\/uploads\/2019\/02\/zapowiedzi2022019.jpg\" alt=\"\" width=\"660\" height=\"371\" srcset=\"https:\/\/zapatrzonawksiazki.pl\/wp-content\/uploads\/2019\/02\/zapowiedzi2022019.jpg 660w, https:\/\/zapatrzonawksiazki.pl\/wp-content\/uploads\/2019\/02\/zapowiedzi2022019-300x169.jpg 300w\" sizes=\"(max-width: 660px) 100vw, 660px\" \/><br \/>\n<strong><br \/>\n02.13<\/strong><br \/>\n<span style=\"color: #008000;\">\/\/<\/span> <a href=\"http:\/\/www.wydawnictwokobiece.pl\/produkt\/20994\/\">Winna\u00a0Alicja Sinicka<\/a> \/ Kobiece \/ Obyczajowa<br \/>\n<span style=\"color: #008000;\">\/\/<\/span>\u00a0<a href=\"http:\/\/www.burdaksiazki.pl\/ksiazki\/literatura-obyczajowa\/randka-hugo-bosym\/\">Randka z Hugo Bosym\u00a0Agnieszka Lingas-\u0141oniewska<\/a> \/ Burda Media Polska \/ Obyczajowa<br \/>\n<span style=\"color: #0000ff;\">\/<\/span>\u00a0<a href=\"https:\/\/www.empik.com\/niemilosc-socha-natasza,p1219048892,ksiazka-p\">Z tob\u0105 i bez ciebie Natasza Socha<\/a> \/ Edipresse Ksi\u0105\u017cki \/ Obyczajowa<br \/>\n<span style=\"color: #008000;\">\/\/<\/span>\u00a0<a href=\"https:\/\/www.empik.com\/czytelnia-dawno-dawno-temu-we-snie-zwichrowana-bas-braswell-liz,p1205880909,ksiazka-p\">Dawno, dawno temu\u2026 we \u015bnie. Mroczna ba\u015b\u0144 Liz Braswell<\/a>\u00a0\/ Egmont \/ Lit. m\u0142odzie\u017cowa<br \/>\n<span style=\"color: #ff0000;\">\/\/\/<\/span>\u00a0<a href=\"https:\/\/www.empik.com\/swiat-obok-swiata-mroczna-basn-braswell-liz,p1220174193,ksiazka-p\">\u015awiat obok \u015bwiata. Mroczna ba\u015b\u0144 Liz Braswell<\/a>\u00a0\/ Egmont \/ Lit. m\u0142odzie\u017cowa<br \/>\n<span style=\"color: #ff0000;\">\/\/\/<\/span>\u00a0<a href=\"http:\/\/www.wydawnictwofilia.pl\/Ksiazka\/338\">Do dziewczyn, kt\u00f3re czu\u0142y zbyt wiele\u00a0Brittainy C. Cherry, Kandi Steiner<\/a> \/ Filia \/ Poezja<br \/>\n<span style=\"color: #0000ff;\">\/<\/span>\u00a0<a href=\"http:\/\/www.wydawnictwofilia.pl\/Ksiazka\/328\">Tylko niewinni Rachel Abbott<\/a>\u00a0\/ Filia \/ Krymina\u0142<br \/>\n<span style=\"color: #0000ff;\">\/<\/span>\u00a0<a href=\"https:\/\/www.otwarte.eu\/book\/zwiastun-burzy\">Zwiastun burzy\u00a0Bernard Cornwell<\/a> \/ Otwarte \/ Historyczna<br \/>\n<span style=\"color: #0000ff;\">\/<\/span>\u00a0<a href=\"http:\/\/czwartastrona.pl\/ksiazki\/co-jeszcze-moge-dla-ciebie-zrobic\/\">Co jeszcze mog\u0119 dla ciebie zrobi\u0107?\u00a0Natalia So\u0144ska<\/a> \/ Czwarta Strona \/ Obyczajowa<br \/>\n<span style=\"color: #0000ff;\">\/<\/span>\u00a0<a href=\"http:\/\/czwartastrona.pl\/ksiazki\/zakochani-w-slowach\/\">Zakochani w s\u0142owach\u00a0Magdalena Trubowicz<\/a>\u00a0\/ Czwarta Strona \/ Obyczajowa<br \/>\n<span style=\"color: #ff0000;\">\/\/\/<\/span>\u00a0<a href=\"http:\/\/wydawnictwo-jaguar.pl\/books\/save-me\/\">Save Me\u00a0Mona Kasten<\/a> \/ Jaguar \/ New Adult<br \/>\n<span style=\"color: #ff0000;\">\/\/\/<\/span>\u00a0<a href=\"https:\/\/www.empik.com\/niespodziewanie-jasna-noc-frydrych-renata,p1220731031,ksiazka-p\">Niespodziewanie jasna noc\u00a0Renata Frydrych<\/a> \/ Literackie \/ Obyczajowa<br \/>\n<span style=\"color: #0000ff;\">\/\u00a0<\/span><a href=\"https:\/\/www.empik.com\/dzieci-krwi-i-kosci-adeyemi-tomi,p1220647264,ksiazka-p\">Dzieci krwi i ko\u015bci\u00a0Tomi Adeyemi<\/a> \/\u00a0Dolno\u015bl\u0105skie \/ Lit. m\u0142odzie\u017cowa<br \/>\n<span style=\"color: #008000;\">\/\/<\/span>\u00a0<a href=\"https:\/\/www.empik.com\/fantastyczne-zwierzeta-zbrodnie-grindenwalda-oryginalny-scenariusz-rowling-j-k,p1220709236,ksiazka-p\">Zbrodnie Grindelwalda. Oryginalny scenariusz\u00a0J.K. Rowling<\/a>\u00a0\/ Media Rodzina \/\u00a0Lit. m\u0142odzie\u017cowa<br \/>\n<span style=\"color: #008000;\">\/\/<\/span>\u00a0<a href=\"https:\/\/www.empik.com\/stags-bennet-m-a,p1220714326,ksiazka-p\">STAGS\u00a0M. A. Bennett<\/a>\u00a0\/ Media Rodzina \/\u00a0Lit. m\u0142odzie\u017cowa<br \/>\n<span style=\"color: #0000ff;\">\/<\/span>\u00a0<a href=\"https:\/\/www.empik.com\/wyscig-marzen-moore-fitzgerald-sarah,p1221184850,ksiazka-p\">Wy\u015bcig marze\u0144\u00a0Sarah Moore Fitzgerald<\/a> \/\u00a0Zielona Sowa \/\u00a0Lit. m\u0142odzie\u017cowa<br \/>\n<span style=\"color: #0000ff;\">\/<\/span>\u00a0<a href=\"https:\/\/www.empik.com\/las-gosling-sharon,p1220763669,ksiazka-p\">Las\u00a0Sharon Gosling<\/a>\u00a0\/\u00a0Zielona Sowa \/\u00a0Lit. m\u0142odzie\u017cowa<\/p>\n<p><img decoding=\"async\" loading=\"lazy\" class=\"aligncenter wp-image-3760 size-full\" src=\"http:\/\/zapatrzonawksiazki.pl\/wp-content\/uploads\/2019\/02\/zapowiedzi3022019.jpg\" alt=\"\" width=\"660\" height=\"457\" srcset=\"https:\/\/zapatrzonawksiazki.pl\/wp-content\/uploads\/2019\/02\/zapowiedzi3022019.jpg 660w, https:\/\/zapatrzonawksiazki.pl\/wp-content\/uploads\/2019\/02\/zapowiedzi3022019-300x208.jpg 300w\" sizes=\"(max-width: 660px) 100vw, 660px\" \/><br \/>\n<strong><br \/>\n02.14<\/strong><br \/>\n<span style=\"color: #0000ff;\">\/<\/span>\u00a0<a href=\"https:\/\/www.empik.com\/dziewczyna-ktora-wybrala-po-raz-drugi-west-kasie,p1220889611,ksiazka-p\">Dziewczyna, kt\u00f3ra wybra\u0142a po raz drugi\u00a0Kasie West<\/a> \/\u00a0Feeria Young \/ Lit. m\u0142odzie\u017cowa<\/p>\n<p><strong>02.19<\/strong><br \/>\n<span style=\"color: #ff0000;\">\/\/\/<\/span>\u00a0<a href=\"https:\/\/www.empik.com\/napij-sie-i-zadzwon-do-mnie-ward-penelope,p1221632472,ksiazka-p\">Napij si\u0119 i zadzwo\u0144 do mnie Penelope Ward<\/a> \/\u00a0Editio Red \/ Romans<\/p>\n<p><img decoding=\"async\" loading=\"lazy\" class=\"aligncenter wp-image-3761 size-full\" src=\"http:\/\/zapatrzonawksiazki.pl\/wp-content\/uploads\/2019\/02\/zapowiedzi4022019.jpg\" alt=\"\" width=\"660\" height=\"371\" srcset=\"https:\/\/zapatrzonawksiazki.pl\/wp-content\/uploads\/2019\/02\/zapowiedzi4022019.jpg 660w, https:\/\/zapatrzonawksiazki.pl\/wp-content\/uploads\/2019\/02\/zapowiedzi4022019-300x169.jpg 300w\" sizes=\"(max-width: 660px) 100vw, 660px\" \/><br \/>\n<strong><br \/>\n02.20<\/strong><br \/>\n<span style=\"color: #0000ff;\">\/<\/span>\u00a0<a href=\"https:\/\/www.empik.com\/walczac-o-odkupienie-mccarthy-kate,p1220540031,ksiazka-p\">Walcz\u0105c o odkupienie Kate McCarty<\/a> \/ NieZwyk\u0142e \/ Romans<br \/>\n<span style=\"color: #008000;\">\/\/<\/span>\u00a0<a href=\"https:\/\/www.empik.com\/idealny-mezczyzna-dream-man-tom-3-ashley-kristen,p1220539451,ksiazka-p\">Idealny m\u0119\u017cczyzna Kristen Ashley<\/a> \/ Akurat \/ Erotyk<br \/>\n<span style=\"color: #ff0000;\">\/\/\/<\/span>\u00a0<a href=\"https:\/\/bonito.pl\/k-1627627-zostan-ze-mna\">Zosta\u0144 ze mn\u0105\u00a0K.A. Tucker<\/a>\u00a0\/ Filia \/ Romans (Bonito ma jeszcze star\u0105 ok\u0142adk\u0119)<\/p>\n<p><img decoding=\"async\" loading=\"lazy\" class=\"aligncenter wp-image-3762 size-full\" src=\"http:\/\/zapatrzonawksiazki.pl\/wp-content\/uploads\/2019\/02\/zapowiedzi5022019.jpg\" alt=\"\" width=\"660\" height=\"396\" srcset=\"https:\/\/zapatrzonawksiazki.pl\/wp-content\/uploads\/2019\/02\/zapowiedzi5022019.jpg 660w, https:\/\/zapatrzonawksiazki.pl\/wp-content\/uploads\/2019\/02\/zapowiedzi5022019-300x180.jpg 300w\" sizes=\"(max-width: 660px) 100vw, 660px\" \/><br \/>\n<strong><br \/>\n02.27<\/strong><br \/>\n<span style=\"color: #0000ff;\">\/<\/span>\u00a0<a href=\"https:\/\/www.empik.com\/wiedzma-morska-henning-sarah,p1220764163,ksiazka-p\">Wied\u017ama morska Sarah Henning<\/a>\u00a0\/ NieZwyk\u0142e \/ Fantasy<br \/>\n<span style=\"color: #0000ff;\">\/<\/span>\u00a0<a href=\"http:\/\/www.wydawnictwokobiece.pl\/produkt\/ogien-i-kosc\/\">Ogie\u0144 i ko\u015b\u0107\u00a0Rachel A. Marks<\/a> \/ Young \/ Fantasy<br \/>\n<span style=\"color: #0000ff;\">\/<\/span>\u00a0<a href=\"https:\/\/www.empik.com\/po-ciemku-czyli-co-sie-dzieje-w-nocy-utnik-strugala-monika,p1221180854,ksiazka-p\">Po ciemku, czyli co si\u0119 dzieje w nocy Monika Utnik-Struga\u0142a<\/a> \/\u00a0Nasza Ksi\u0119garnia \/\u00a0 Lit. m\u0142odzie\u017cowa<br \/>\n<span style=\"color: #0000ff;\">\/<\/span>\u00a0<a href=\"https:\/\/www.empik.com\/muza-koszmarow-strange-the-dreamer-tom-2-taylor-laini,p1222213539,ksiazka-p\">Muza koszmar\u00f3w\u00a0Laini Taylor<\/a> \/\u00a0Sine Qua Non \/ Fantasy<\/p>\n","protected":false},"excerpt":{"rendered":"<p>Nowo\u015bci\/zapowiedzi \u2013 to cykl ukazuj\u0105cy si\u0119 raz w miesi\u0105cu, kt\u00f3ry przedstawia nadchodz\u0105ce zapowiedzi lub nowo\u015bci wydawnicze na dany miesi\u0105c. Moje wybory s\u0105 ca\u0142kowicie subiektywne i dokonane pod k\u0105tem moich zainteresowa\u0144 czytelniczych. Legenda: tytu\u0142y s\u0105 podlinkowane i przenosz\u0105 do opisu ksi\u0105\u017cki; \/\/\/ czerwone \u2013 musz\u0119 mie\u0107, \/\/ zielone \u2013 mam\/w drodze do mnie, \/ niebieskie \u2013 [&hellip;]<\/p>\n","protected":false},"author":2,"featured_media":3458,"comment_status":"open","ping_status":"open","sticky":false,"template":"","format":"standard","meta":[],"categories":[1433],"tags":[25],"jetpack_featured_media_url":"https:\/\/zapatrzonawksiazki.pl\/wp-content\/uploads\/2019\/01\/00nowoscizapowiedzi.png","_links":{"self":[{"href":"https:\/\/zapatrzonawksiazki.pl\/index.php\/wp-json\/wp\/v2\/posts\/3757"}],"collection":[{"href":"https:\/\/zapatrzonawksiazki.pl\/index.php\/wp-json\/wp\/v2\/posts"}],"about":[{"href":"https:\/\/zapatrzonawksiazki.pl\/index.php\/wp-json\/wp\/v2\/types\/post"}],"author":[{"embeddable":true,"href":"https:\/\/zapatrzonawksiazki.pl\/index.php\/wp-json\/wp\/v2\/users\/2"}],"replies":[{"embeddable":true,"href":"https:\/\/zapatrzonawksiazki.pl\/index.php\/wp-json\/wp\/v2\/comments?post=3757"}],"version-history":[{"count":1,"href":"https:\/\/zapatrzonawksiazki.pl\/index.php\/wp-json\/wp\/v2\/posts\/3757\/revisions"}],"predecessor-version":[{"id":3763,"href":"https:\/\/zapatrzonawksiazki.pl\/index.php\/wp-json\/wp\/v2\/posts\/3757\/revisions\/3763"}],"wp:featuredmedia":[{"embeddable":true,"href":"https:\/\/zapatrzonawksiazki.pl\/index.php\/wp-json\/wp\/v2\/media\/3458"}],"wp:attachment":[{"href":"https:\/\/zapatrzonawksiazki.pl\/index.php\/wp-json\/wp\/v2\/media?parent=3757"}],"wp:term":[{"taxonomy":"category","embeddable":true,"href":"https:\/\/zapatrzonawksiazki.pl\/index.php\/wp-json\/wp\/v2\/categories?post=3757"},{"taxonomy":"post_tag","embeddable":true,"href":"https:\/\/zapatrzonawksiazki.pl\/index.php\/wp-json\/wp\/v2\/tags?post=3757"}],"curies":[{"name":"wp","href":"https:\/\/api.w.org\/{rel}","templated":true}]}}