{"id":3681,"date":"2019-01-05T20:17:33","date_gmt":"2019-01-05T19:17:33","guid":{"rendered":"http:\/\/zapatrzonawksiazki.pl\/?p=3681"},"modified":"2019-01-20T22:13:08","modified_gmt":"2019-01-20T21:13:08","slug":"moja-lista-bestsellerow-2018","status":"publish","type":"post","link":"https:\/\/zapatrzonawksiazki.pl\/index.php\/2019\/01\/05\/moja-lista-bestsellerow-2018\/","title":{"rendered":"Moja lista bestseller\u00f3w 2018"},"content":{"rendered":"<p style=\"text-align: justify;\">Koniec roku zawsze sk\u0142ania do zatrzymania si\u0119 i cofni\u0119cia w czasie, by przypomnie\u0107 sobie, co si\u0119 dzia\u0142o w ci\u0105gu tych 12 miesi\u0119cy. Darowa\u0142am sobie tym razem podsumowanie roku po cz\u0119\u015bci z braku czasu, a po cz\u0119\u015bci zmienia mi si\u0119 my\u015blenie i nie czuj\u0119 potrzeba podliczania statystyk i innych liczb blogowych. My\u015bl\u0119 te\u017c, \u017ce wy jako czytelnicy i wydawnictwa wiecie, \u017ce jestem wdzi\u0119czna za wasze zaufanie i to, \u017ce jeste\u015bcie ze mn\u0105.<\/p>\n<p style=\"text-align: justify;\">Nie mog\u0142am sobie jednak darowa\u0107 zrobienia topek z najlepszymi ksi\u0105\u017ckami oraz tymi, kt\u00f3re mnie rozczarowa\u0142y. Jeste\u015bcie gotowi? Moja lista bestseller\u00f3w i tym razem sk\u0142ada si\u0119 z dziesi\u0119ciu tytu\u0142\u00f3w. \ud83d\ude42<\/p>\n<p style=\"text-align: justify;\"><img decoding=\"async\" loading=\"lazy\" class=\"aligncenter wp-image-3693 size-full\" src=\"http:\/\/zapatrzonawksiazki.pl\/wp-content\/uploads\/2019\/01\/topka11.jpg\" alt=\"\" width=\"620\" height=\"354\" srcset=\"https:\/\/zapatrzonawksiazki.pl\/wp-content\/uploads\/2019\/01\/topka11.jpg 620w, https:\/\/zapatrzonawksiazki.pl\/wp-content\/uploads\/2019\/01\/topka11-300x171.jpg 300w\" sizes=\"(max-width: 620px) 100vw, 620px\" \/><\/p>\n<p style=\"text-align: justify;\">1. <a href=\"http:\/\/zapatrzonawksiazki.pl\/index.php\/2018\/03\/31\/weteran-katy-regnery\/\">Weteran Katy Regnery<\/a><\/p>\n<p style=\"text-align: justify;\">Czasem nie\u015bwiadoma niczego zaczynam poznawa\u0107 powie\u015b\u0107, kt\u00f3ra sprawi, i\u017c b\u0119d\u0119 si\u0119 \u015bmia\u0142a i p\u0142aka\u0142a, \u017ce oto czytam najpi\u0119kniejsz\u0105 histori\u0119 mi\u0142osn\u0105, pozbawiaj\u0105c\u0105 mnie tchu. Weteran okaza\u0142 si\u0119 tak\u0105 w\u0142a\u015bnie ksi\u0105\u017ck\u0105, on nie\u015bwiadomie wkrad\u0142 si\u0119 do mojego \u015bwiata i obna\u017cy\u0142 moj\u0105 romantyczn\u0105 dusz\u0119. Niech ci\u0119, Asher!<\/p>\n<p style=\"text-align: justify;\">2. <a href=\"http:\/\/zapatrzonawksiazki.pl\/index.php\/2018\/03\/22\/180-sekund-jessica-park\/\">180 sekund Jessica Park<\/a><\/p>\n<p style=\"text-align: justify;\">W momencie przeczytania blurbu 180 sekund wiedzia\u0142am dwie rzeczy &#8211; musia\u0142am przeczyta\u0107 ten tytu\u0142 i ju\u017c wtedy czu\u0142am jakiego b\u0119d\u0119 mia\u0142a po nim czytelniczego kaca. W ca\u0142ym swoim czytelniczym \u017cyciu przeczyta\u0142am ogromn\u0105 ilo\u015b\u0107 ksi\u0105\u017cek dla nastolatk\u00f3w, m\u00f3wi\u0105cych o traumatycznych prze\u017cyciach, o zn\u0119caniu si\u0119 nad nimi, byciu zgwa\u0142con\u0105, wykorzystywan\u0105 i co tam jeszcze okrutny los potrafi zgotowa\u0107 cz\u0142owiekowi. I wierzcie mi, cz\u0119\u015b\u0107 tych historii tkwi w moim sercu, nie potrafi\u0119 o nich zapomnie\u0107, ale to, co zrobi\u0142a Jessica Park, kompletnie mnie rozbi\u0142o.<\/p>\n<p style=\"text-align: justify;\">3. <a href=\"http:\/\/zapatrzonawksiazki.pl\/index.php\/2018\/05\/03\/pierwszy-raz-agata-czykierda-grabowska\/\">Pierwszy raz Agata Czykierda-Grabowska<\/a><\/p>\n<p style=\"text-align: justify;\">Przyznam, \u017ce mia\u0142am ogromn\u0105 nadziej\u0119, \u017ce Pierwszy raz zostanie w ko\u0144cu wydany, poniewa\u017c to jedna z pi\u0119kniejszych historii mi\u0142osnych, jakie by\u0142o dane mi pozna\u0107. Zakocha\u0142am si\u0119 w niej par\u0119 lat temu, kiedy by\u0142a publikowana na blogu, a teraz moja mi\u0142o\u015b\u0107 tylko wzros\u0142a. Pierwszy raz to historia, kt\u00f3ra toczy si\u0119 powoli, wok\u00f3\u0142 g\u0142\u00f3wnych bohater\u00f3w, niespiesznie odkrywa kolejne wydarzenia, ale jest przepe\u0142niona po brzegi emocjami. Uczuciami, kt\u00f3re uderzaj\u0105 w odbiorc\u0119 z ca\u0142\u0105 swoj\u0105 moc\u0105 i zapadaj\u0105 na zawsze w serce.<\/p>\n<p style=\"text-align: justify;\">4. <a href=\"http:\/\/zapatrzonawksiazki.pl\/index.php\/2018\/05\/27\/bez-leku-mia-sheridan\/\">Bez l\u0119ku Mia Sheridan<\/a><\/p>\n<p style=\"text-align: justify;\">Pocz\u0105tkowo i przez d\u0142u\u017cszy czas mia\u0142am wra\u017cenie, \u017ce ta historia b\u0119dzie jak setki innych, taka zwyczajna. Potem jednak w fabule nast\u0119puje taki zwrot akcji, \u017ce zacz\u0119\u0142am \u015bledzi\u0107 bieg wydarze\u0144 z wi\u0119kszym zainteresowaniem, a nast\u0119pnie\u2026 jest zako\u0144czenie. Fina\u0142, kt\u00f3ry dos\u0142ownie wbi\u0142 mnie w fotel i sprawi\u0142, \u017ce przez d\u0142ugi czas wpatrywa\u0142am si\u0119 w ostatni\u0105 stron\u0119 i od nowa analizowa\u0142am ca\u0142\u0105 powie\u015b\u0107, bo nie mog\u0142am uwierzy\u0107 w to, co przeczyta\u0142am. Prawd\u0105 jednak jest, \u017ce nic, absolutnie nic, nie jest w stanie przygotowa\u0107 nas na zawarto\u015b\u0107 Bez l\u0119ku.<\/p>\n<p style=\"text-align: justify;\">5. <a href=\"http:\/\/zapatrzonawksiazki.pl\/index.php\/2018\/05\/11\/adam-agata-czykierda-grabowska\/\">Adam Agata Czykierda-Grabowska<\/a><\/p>\n<p style=\"text-align: justify;\">Adam jest wyj\u0105tkowy, obala wszelkie schematy, dostaje si\u0119 do najg\u0142\u0119bszych, zakopanych gdzie\u015b na dnie, zakamark\u00f3w serca, umys\u0142u i duszy. Wywleka na wierzch wszystkie nasze ukryte zadry, rozbiera je na czynniki pierwsze i masakruje emocjonalnie. Adam pora\u017ca intensywno\u015bci\u0105 przekazu. Ca\u0142o\u015b\u0107 jest jedn\u0105 wielk\u0105 emocj\u0105, wszystko zosta\u0142o dopracowane i doprawdy nie ma si\u0119 do czego przyczepi\u0107. Jestem tym tytu\u0142em zachwycona i oczarowana, chocia\u017c nienawidz\u0119 tego, jak mocno poruszy\u0142 moimi murami obronnymi, za kt\u00f3rymi ukry\u0142am wszystkie swoje cienie i m\u0119cz\u0105ce mnie l\u0119ki oraz wspomnienia.<\/p>\n<p style=\"text-align: justify;\">6. <a href=\"http:\/\/zapatrzonawksiazki.pl\/index.php\/2018\/11\/14\/wszystkie-nasze-obietnice-colleen-hoover\/\">Wszystkie nasze obietnice Colleen Hoover<\/a><\/p>\n<p style=\"text-align: justify;\">Wszystkie nasze obietnice wstrz\u0105sn\u0119\u0142y mn\u0105 ogromnie. Nie potrafi\u0142am by\u0107 oboj\u0119tna na te wszystkie emocje, wr\u0119cz prze\u017cywa\u0142am je, jakbym to ja by\u0142a w centrum wydarze\u0144. W pewnym momencie przy\u0142apa\u0142am si\u0119 na tym, \u017ce do po\u0142owy ksi\u0105\u017cki chcia\u0142am, jak najszybciej wraca\u0107 do Wtedy, tam wszystko by\u0142o dobrze i nie czu\u0142am przyt\u0142aczaj\u0105cego smutku, nie musia\u0142am obserwowa\u0107, jak co\u015b tak wspania\u0142ego powoli umiera. Potem jednak to si\u0119 zmieni\u0142o i wyczekiwa\u0142am rozdzia\u0142\u00f3w z Teraz, bo pomimo tego wyp\u0142ywaj\u0105cego z ka\u017cdej strony \u017calu ca\u0142y czas mia\u0142am nadziej\u0119, \u017ce to nie mo\u017ce by\u0107 koniec. Nie w ich przypadku. To niesamowite, jak Colleen Hoover potrafi zaw\u0142adn\u0105\u0107 moim sercem, my\u015blami oraz czasem.<\/p>\n<p style=\"text-align: justify;\">7. <a href=\"http:\/\/zapatrzonawksiazki.pl\/index.php\/2018\/12\/31\/nasze-zyczenie-tillie-cole\/\">Nasze \u017cyczenie Tillie Cole<\/a><\/p>\n<p style=\"text-align: justify;\">Ta ksi\u0105\u017cka jest jak muzyka ze wszystkimi jej tonami i d\u017awi\u0119kami, cho\u0107 niekt\u00f3rzy dostrzeg\u0105 w niej barwy, tak, jak g\u0142\u00f3wny bohater. Nie wiem, jak inaczej mog\u0142abym napisa\u0107 o niej w jednym zdaniu. Tillie Cole stworzy\u0142a powie\u015b\u0107, kt\u00f3rej si\u0119 nie czyta, tylko czuje i prze\u017cywa ca\u0142ym sob\u0105. Od pierwszych stron rzuca w wir wydarze\u0144 i kolor\u00f3w oplataj\u0105cych bohater\u00f3w oraz ich otoczenie. Fabu\u0142a to przemy\u015blana sie\u0107 po\u0142\u0105czonych w\u0105tk\u00f3w, kt\u00f3re idealnie si\u0119 ze sob\u0105 \u0142\u0105cz\u0105 i tworz\u0105 niezapomnian\u0105 histori\u0119.<\/p>\n<p style=\"text-align: justify;\">8. <a href=\"http:\/\/zapatrzonawksiazki.pl\/index.php\/2018\/02\/19\/magia-parzy-ilona-andrews\/\">Magia parzy Ilona Andrews<\/a><\/p>\n<p style=\"text-align: justify;\">By\u0142am zachwycona pierwszym tomem, kt\u00f3ry wysoko postawi\u0142 poprzeczk\u0119 kontynuacji. Z czystym sumieniem mog\u0119 jednak napisa\u0107, \u017ce Magia parzy utrzyma\u0142a poziom swojej poprzedniczki. Od pierwszych stron da\u0142am wci\u0105gn\u0105\u0107 si\u0119 w wir wydarze\u0144 i wraz z Kate prze\u017cywa\u0142am wszystkie wydarzenia. \u017by\u0142am nimi i z zapartym tchem przewraca\u0142am kolejne strony, pr\u00f3buj\u0105c domy\u015bli\u0107 si\u0119 fina\u0142u.<\/p>\n<p style=\"text-align: justify;\">9. <a href=\"http:\/\/zapatrzonawksiazki.pl\/index.php\/2018\/06\/30\/scarlet-marissa-meyer\/\">Scarlet Marissa Meyer<\/a><\/p>\n<p style=\"text-align: justify;\">Scarlet okaza\u0142a si\u0119 kontynuacj\u0105, kt\u00f3ra utrzymuje poziom pierwszej cz\u0119\u015bci. Saga Ksi\u0119\u017cycowa jest do\u015b\u0107 nietypowa i dzi\u0119ki temu ciekawa. Marissa Meyer pos\u0142uguje si\u0119 lekkim stylem pisania, a do tego historia oparta lu\u017ano na ba\u015bni jest niesamowicie wci\u0105gaj\u0105ca. Jest ciekawie, jest ba\u015bniowo, ale nie wszystkim mo\u017ce si\u0119 spodoba\u0107. Mnie osobi\u015bcie podoba si\u0119 na tyle, by niecierpliwie wyczekiwa\u0107 kontynuacji.<\/p>\n<p style=\"text-align: justify;\">10. <a href=\"http:\/\/zapatrzonawksiazki.pl\/index.php\/2018\/08\/11\/ton-marta-kisiel\/\">To\u0144 Marta Kisiel<\/a><\/p>\n<p style=\"text-align: justify;\">To\u0144 jest fenomenaln\u0105, niebanaln\u0105 i mroczn\u0105 powie\u015bci\u0105, kt\u00f3ra zachwyca swoim ca\u0142okszta\u0142tem. Uton\u0119\u0142am w tej historii, z fascynacj\u0105 przewraca\u0142am kolejne strony i pr\u00f3buj\u0105c wraz z bohaterami odkry\u0107 wszystkie sekrety oraz tajemnice czasu. To\u0144 to ca\u0142y kalejdoskop emocji i pomimo fantastycznych w\u0105tk\u00f3w wszystko wydaje si\u0119 bardzo realne i takie rzeczywiste. Marta Kisiel, jak nikt inny potrafi tak dobrze wszystko \u0142\u0105czy\u0107, ubra\u0107 to w emocje i sprawia\u0107, \u017ce powie\u015b\u0107 zostaje w odbiorcy na bardzo, bardzo d\u0142ugo\u2026<\/p>\n","protected":false},"excerpt":{"rendered":"<p>Koniec roku zawsze sk\u0142ania do zatrzymania si\u0119 i cofni\u0119cia w czasie, by przypomnie\u0107 sobie, co si\u0119 dzia\u0142o w ci\u0105gu tych 12 miesi\u0119cy. Darowa\u0142am sobie tym razem podsumowanie roku po cz\u0119\u015bci z braku czasu, a po cz\u0119\u015bci zmienia mi si\u0119 my\u015blenie i nie czuj\u0119 potrzeba podliczania statystyk i innych liczb blogowych. My\u015bl\u0119 te\u017c, \u017ce wy jako [&hellip;]<\/p>\n","protected":false},"author":2,"featured_media":3692,"comment_status":"open","ping_status":"open","sticky":false,"template":"","format":"standard","meta":[],"categories":[1471],"tags":[],"jetpack_featured_media_url":"https:\/\/zapatrzonawksiazki.pl\/wp-content\/uploads\/2019\/01\/top2018.jpg","_links":{"self":[{"href":"https:\/\/zapatrzonawksiazki.pl\/index.php\/wp-json\/wp\/v2\/posts\/3681"}],"collection":[{"href":"https:\/\/zapatrzonawksiazki.pl\/index.php\/wp-json\/wp\/v2\/posts"}],"about":[{"href":"https:\/\/zapatrzonawksiazki.pl\/index.php\/wp-json\/wp\/v2\/types\/post"}],"author":[{"embeddable":true,"href":"https:\/\/zapatrzonawksiazki.pl\/index.php\/wp-json\/wp\/v2\/users\/2"}],"replies":[{"embeddable":true,"href":"https:\/\/zapatrzonawksiazki.pl\/index.php\/wp-json\/wp\/v2\/comments?post=3681"}],"version-history":[{"count":3,"href":"https:\/\/zapatrzonawksiazki.pl\/index.php\/wp-json\/wp\/v2\/posts\/3681\/revisions"}],"predecessor-version":[{"id":3704,"href":"https:\/\/zapatrzonawksiazki.pl\/index.php\/wp-json\/wp\/v2\/posts\/3681\/revisions\/3704"}],"wp:featuredmedia":[{"embeddable":true,"href":"https:\/\/zapatrzonawksiazki.pl\/index.php\/wp-json\/wp\/v2\/media\/3692"}],"wp:attachment":[{"href":"https:\/\/zapatrzonawksiazki.pl\/index.php\/wp-json\/wp\/v2\/media?parent=3681"}],"wp:term":[{"taxonomy":"category","embeddable":true,"href":"https:\/\/zapatrzonawksiazki.pl\/index.php\/wp-json\/wp\/v2\/categories?post=3681"},{"taxonomy":"post_tag","embeddable":true,"href":"https:\/\/zapatrzonawksiazki.pl\/index.php\/wp-json\/wp\/v2\/tags?post=3681"}],"curies":[{"name":"wp","href":"https:\/\/api.w.org\/{rel}","templated":true}]}}