{"id":349,"date":"2015-09-03T13:23:00","date_gmt":"2015-09-03T13:23:00","guid":{"rendered":"http:\/\/zapatrzonawksiazki.pl\/index.php\/2015\/09\/03\/nowoscizapowiedzi-92015-wrzesien\/"},"modified":"2018-10-07T00:28:58","modified_gmt":"2018-10-07T00:28:58","slug":"nowoscizapowiedzi-92015-wrzesien","status":"publish","type":"post","link":"https:\/\/zapatrzonawksiazki.pl\/index.php\/2015\/09\/03\/nowoscizapowiedzi-92015-wrzesien\/","title":{"rendered":"Nowo\u015bci\/zapowiedzi #9\/2015 &#8211; WRZESIE\u0143"},"content":{"rendered":"<p><a href=\"http:\/\/2.bp.blogspot.com\/-bU81u8ZH2Vg\/VegN0-MzMUI\/AAAAAAAALUQ\/vnAFuyOR_Mw\/s1600\/mowoscizapowiedzi.jpg\" imageanchor=\"1\" style=\"margin-left: 1em; margin-right: 1em;\"><img decoding=\"async\" loading=\"lazy\" border=\"0\" height=\"416\" src=\"http:\/\/2.bp.blogspot.com\/-bU81u8ZH2Vg\/VegN0-MzMUI\/AAAAAAAALUQ\/vnAFuyOR_Mw\/s640\/mowoscizapowiedzi.jpg\" width=\"640\" \/><\/a><b><u>Nowo\u015bci\/zapowiedzi<\/u> &#8211; <\/b>to<br \/>\n cykl ukazuj\u0105cy si\u0119 raz &#8211; dwa razy w miesi\u0105cu, kt\u00f3ry przedstawia<br \/>\nnadchodz\u0105ce zapowiedzi lub nowo\u015bci wydawnicze na dany miesi\u0105c. Moje<br \/>\nwybory s\u0105<br \/>\nca\u0142kowicie subiektywne i dokonane pod k\u0105tem moich zainteresowa\u0144<br \/>\nczytelniczych.<br \/>\nLegenda: tytu\u0142y s\u0105 podlinkowane i przenosz\u0105 do opisu ksi\u0105\u017cki;<\/p>\n<p><b><b>\/\/\/ czerwone &#8211; musz\u0119 mie\u0107, &nbsp;<\/b><\/b><\/p>\n<p><b><b>\/\/ zielone &#8211; mam\/w drodze do mnie, &nbsp;<\/b><\/b><\/p>\n<p><b><b>\/ niebieskie &#8211; ciekawi\u0105 mnie, ale mog\u0119 na nie poczeka\u0107.<\/b><\/b><\/p>\n<div class=\"separator\" style=\"clear: both; text-align: center;\">\n<a href=\"http:\/\/1.bp.blogspot.com\/-6JhNNDxQqno\/VehH6pw4pxI\/AAAAAAAALUg\/NMbcmm78pjg\/s1600\/1a.jpg\" imageanchor=\"1\" style=\"margin-left: 1em; margin-right: 1em;\"><img decoding=\"async\" loading=\"lazy\" border=\"0\" height=\"480\" src=\"http:\/\/1.bp.blogspot.com\/-6JhNNDxQqno\/VehH6pw4pxI\/AAAAAAAALUg\/NMbcmm78pjg\/s640\/1a.jpg\" width=\"640\" \/><\/a><\/div>\n<p>02.09<br \/>\n\/\/ <a href=\"http:\/\/www.wydawnictwofilia.pl\/Ksiazka\/99\">Penryn i kres dni &#8211; Susan Ee<\/a> \/ Filia &#8211; Fantastyka<br \/>\n\/\/ <a href=\"http:\/\/www.wydawnictwofilia.pl\/Ksiazka\/102\">\u015anie\u017cynki &#8211; Liliana Fabisi\u0144ska<\/a> \/ Filia &#8211; Obyczajowa<\/p>\n<p>07.09<br \/>\n\/\/ <a href=\"http:\/\/dreamswydawnictwo.pl\/nowosci\/denazen-iii-drzenie,produkt143\/\">Dr\u017cenie &#8211; Jus Accardo<\/a> \/ Dreams &#8211; Fantastyka<\/p>\n<p>08.09<br \/>\n\/\/\/ <a href=\"http:\/\/www.wydawnictwoamber.pl\/kategorie\/powiesc-obyczajowa\/nasze-forever,p1896956871\">Nasze forever &#8211; Jasinda Wilder<\/a> \/ Amber &#8211; New Adlut<br \/>\n\/\/\/ <a href=\"http:\/\/www.wydawnictwoamber.pl\/kategorie\/powiesc-obyczajowa\/milosc-ponad-milosc,p24886171\">Mi\u0142o\u015b\u0107 ponad mi\u0142o\u015b\u0107 &#8211; Sandi Lynn<\/a> \/ Amber &#8211; New Adlut<\/p>\n<p>09.09<br \/>\n\/\/\/ <a href=\"http:\/\/czwartastrona.pl\/ksiazki\/pan-darcy-nie-zyje\/\">Pan Darcy nie \u017cyje &#8211; Magdalena Knedler<\/a> \/ Czwarta Strona &#8211; Obyczajowa<br \/>\n\/\/ <a href=\"http:\/\/www.harpercollins.pl\/ksiazka,2593,ostatnie-dni-krolika.html\">Ostatnie dni Kr\u00f3lika &#8211; Anna McPartlin<\/a> \/ Harper Collins &#8211; Obyczajowa<br \/>\n\/\/ <a href=\"http:\/\/nk.com.pl\/ten-jeden-rok\/2216\/ksiazka.html#.Veg6ozhipsQ\">Ten jeden rok &#8211; Gayle Forman<\/a> \/ Nasza Ksi\u0105\u017cka &#8211; New Adlut <\/p>\n<div class=\"separator\" style=\"clear: both; text-align: center;\">\n<a href=\"http:\/\/2.bp.blogspot.com\/-umxgpS86NrM\/VehISZN3bQI\/AAAAAAAALUo\/g7GdJCgUl2I\/s1600\/2a.jpg\" imageanchor=\"1\" style=\"margin-left: 1em; margin-right: 1em;\"><img decoding=\"async\" loading=\"lazy\" border=\"0\" height=\"640\" src=\"http:\/\/2.bp.blogspot.com\/-umxgpS86NrM\/VehISZN3bQI\/AAAAAAAALUo\/g7GdJCgUl2I\/s640\/2a.jpg\" width=\"442\" \/><\/a><\/div>\n<p>\n10.09<br \/>\n\/\/ <a href=\"http:\/\/wydawnictwofeeria.pl\/pl\/ksiazka\/wstyd\">Wstyd &#8211; Rachel Van Dyken<\/a> \/ Feeria &#8211; New Adlut [<a href=\"http:\/\/zapatrzonawksiazki.blogspot.com\/2015\/08\/patronat-przeszosc-powraca-zawsze.html\">RECENZJA<\/a>]<\/p>\n<p>15.09<br \/>\n\/\/ <a href=\"http:\/\/www.proszynski.pl\/Szlachetne_pobudki-p-33465-1-30-.html\">Szlachetne pobudki &#8211; Kasia Bulicz-Kasprzak<\/a> \/ Pr\u00f3szy\u0144ski i S-ka &#8211; Obyczajowa <\/p>\n<p>18.09<br \/>\n\/\/ <a href=\"http:\/\/fabrykaslow.com.pl\/zapowiedzi\/ropuszki\">Roszpunki &#8211; Aneta Jadowska<\/a> \/ Fabryka S\u0142\u00f3w &#8211; Fantastyka&nbsp;<\/p>\n<p>22.09<br \/>\n\/\/ <a href=\"http:\/\/www.proszynski.pl\/Wielkie_klamstewka-p-33558-1-30-.html\">Wielkie k\u0142amstewka &#8211; Liane Moriarty<\/a> \/ Pr\u00f3szy\u0144ski i S-ka &#8211; Obyczajowa<\/p>\n<div class=\"separator\" style=\"clear: both; text-align: center;\">\n<a href=\"http:\/\/4.bp.blogspot.com\/-HO3wfNZdDh4\/VehIziQEKNI\/AAAAAAAALUw\/nu1AxN4ru4s\/s1600\/3a.jpg\" imageanchor=\"1\" style=\"margin-left: 1em; margin-right: 1em;\"><img decoding=\"async\" loading=\"lazy\" border=\"0\" height=\"360\" src=\"http:\/\/4.bp.blogspot.com\/-HO3wfNZdDh4\/VehIziQEKNI\/AAAAAAAALUw\/nu1AxN4ru4s\/s640\/3a.jpg\" width=\"640\" \/><\/a><\/div>\n<p>\n23.09<br \/>\n\/\/ <a href=\"http:\/\/wydawnictwofeeria.pl\/pl\/ksiazka\/plaga-samobojcow\">Plaga samob\u00f3jc\u00f3w &#8211; Suzanne Young<\/a> \/ Feeria &#8211; Dystopia<br \/>\n\/\/\/ <a href=\"http:\/\/www.wydawnictwofilia.pl\/Ksiazka\/105\">Jeden krok &#8211; Heather Gudenkauf<\/a> \/ Filia &#8211; Obyczajowa<br \/>\n\/\/\/ <a href=\"http:\/\/bukowylas.pl\/ksiazki\/by%C5%82am-tu\">By\u0142am tu- Gayle Forman<\/a> \/ Bukowy Las &#8211; New Adlut<br \/>\n\/\/\/ <a href=\"http:\/\/www.empik.com\/kroniki-podziemia-tom-2-gregor-i-przepowiednia-zaglady-collins-suzanne,p1110419045,ksiazka-p\">Gregor i przepowiednia zag\u0142ady &#8211; Suzanne Collins<\/a> \/ Iuvi &#8211; Fantastyka<br \/>\n\/\/\/ <a href=\"http:\/\/wydawnictwoswiatksiazki.pl\/katalog-produktow\/szczegoly-produktu\/product-4739919\/\">Mamifest &#8211; Linda Green<\/a> \/ \u015awiat Ksi\u0105\u017cki &#8211; Obyczajowa<br \/>\n\/ <a href=\"http:\/\/wydawnictwoswiatksiazki.pl\/katalog-produktow\/szczegoly-produktu\/product-4739929\/\">Tchnienie \u015bniegu i popio\u0142u &#8211; Diana Gabaldon<\/a> \/ \u015awiat Ksi\u0105\u017cki &#8211; Fantastyka<br \/>\n\/ <a href=\"http:\/\/www.gwfoksal.pl\/ksiazki\/na-szpulce-niebieskiej-nici.html\">Na szpulce niebieskiej nici &#8211; Anne Tyler<\/a> \/ W. A. B. &#8211; Obyczajowa<br \/>\n\/\/\/ <a href=\"http:\/\/www.empik.com\/numer-telefonu-kucharska-anna,p1113524737,ksiazka-p\">Numer telefonu &#8211; Anna Kucharska<\/a> \/ Videograf &#8211; Obyczajowa<br \/>\n\/\/\/ <a href=\"http:\/\/muza.com.pl\/obyczajowa\/2130-serce-ze-szkla-tom-1-9788328700536.html\">Serce ze szk\u0142a &#8211; Kathrin Lange<\/a> \/ Muza &#8211; Obyczajowa<br \/>\n\/\/\/ <a href=\"http:\/\/otwarte.eu\/book\/swiat-rownolegly\">\u015awiat r\u00f3wnoleg\u0142y &#8211; Tomek Michniewicz<\/a> \/ Otwarte &#8211; Podr\u00f3\u017cnicza<br \/>\n\/\/ <a href=\"http:\/\/nk.com.pl\/znow-nadejdzie-swit\/2217\/ksiazka.html#.Veg4pDhipsQ\">Zn\u00f3w nadejdzie \u015bwit &#8211; Anna J. Szepielak<\/a> \/ Nasza Ksi\u0119garnia &#8211; Obyczajowa<\/p>\n<p>24.09<br \/>\n\/\/ <a href=\"http:\/\/www.wydawnictwoliterackie.pl\/ksiazka\/3554\/Slad-na-lustrze---Janis-Heaphy--Durham\">\u015alad na lustrze &#8211; Janis Heaphy Durham<\/a> \/ Literackie &#8211; Wspomnienia<\/p>\n","protected":false},"excerpt":{"rendered":"<p>Nowo\u015bci\/zapowiedzi &#8211; to cykl ukazuj\u0105cy si\u0119 raz &#8211; dwa razy w miesi\u0105cu, kt\u00f3ry przedstawia nadchodz\u0105ce zapowiedzi lub nowo\u015bci wydawnicze na dany miesi\u0105c. Moje wybory s\u0105 ca\u0142kowicie subiektywne i dokonane pod k\u0105tem moich zainteresowa\u0144 czytelniczych. Legenda: tytu\u0142y s\u0105 podlinkowane i przenosz\u0105 do opisu ksi\u0105\u017cki; \/\/\/ czerwone &#8211; musz\u0119 mie\u0107, &nbsp; \/\/ zielone &#8211; mam\/w drodze do [&hellip;]<\/p>\n","protected":false},"author":2,"featured_media":0,"comment_status":"open","ping_status":"open","sticky":false,"template":"","format":"standard","meta":[],"categories":[1],"tags":[25],"jetpack_featured_media_url":"","_links":{"self":[{"href":"https:\/\/zapatrzonawksiazki.pl\/index.php\/wp-json\/wp\/v2\/posts\/349"}],"collection":[{"href":"https:\/\/zapatrzonawksiazki.pl\/index.php\/wp-json\/wp\/v2\/posts"}],"about":[{"href":"https:\/\/zapatrzonawksiazki.pl\/index.php\/wp-json\/wp\/v2\/types\/post"}],"author":[{"embeddable":true,"href":"https:\/\/zapatrzonawksiazki.pl\/index.php\/wp-json\/wp\/v2\/users\/2"}],"replies":[{"embeddable":true,"href":"https:\/\/zapatrzonawksiazki.pl\/index.php\/wp-json\/wp\/v2\/comments?post=349"}],"version-history":[{"count":1,"href":"https:\/\/zapatrzonawksiazki.pl\/index.php\/wp-json\/wp\/v2\/posts\/349\/revisions"}],"predecessor-version":[{"id":1850,"href":"https:\/\/zapatrzonawksiazki.pl\/index.php\/wp-json\/wp\/v2\/posts\/349\/revisions\/1850"}],"wp:attachment":[{"href":"https:\/\/zapatrzonawksiazki.pl\/index.php\/wp-json\/wp\/v2\/media?parent=349"}],"wp:term":[{"taxonomy":"category","embeddable":true,"href":"https:\/\/zapatrzonawksiazki.pl\/index.php\/wp-json\/wp\/v2\/categories?post=349"},{"taxonomy":"post_tag","embeddable":true,"href":"https:\/\/zapatrzonawksiazki.pl\/index.php\/wp-json\/wp\/v2\/tags?post=349"}],"curies":[{"name":"wp","href":"https:\/\/api.w.org\/{rel}","templated":true}]}}