{"id":3457,"date":"2019-01-01T22:40:16","date_gmt":"2019-01-01T21:40:16","guid":{"rendered":"http:\/\/zapatrzonawksiazki.pl\/?p=3457"},"modified":"2019-01-02T01:19:40","modified_gmt":"2019-01-02T00:19:40","slug":"nowosci-zapowiedzi-01-2019-styczen","status":"publish","type":"post","link":"https:\/\/zapatrzonawksiazki.pl\/index.php\/2019\/01\/01\/nowosci-zapowiedzi-01-2019-styczen\/","title":{"rendered":"Nowo\u015bci\/zapowiedzi #01\/2019 \u2013 STYCZE\u0143"},"content":{"rendered":"<p style=\"text-align: justify;\"><strong>Nowo\u015bci\/zapowiedzi \u2013<\/strong> to cykl ukazuj\u0105cy si\u0119 raz w miesi\u0105cu, kt\u00f3ry przedstawia nadchodz\u0105ce zapowiedzi lub nowo\u015bci wydawnicze na dany miesi\u0105c. Moje wybory s\u0105 ca\u0142kowicie subiektywne i dokonane pod k\u0105tem moich zainteresowa\u0144 czytelniczych.<br \/>\nLegenda: tytu\u0142y s\u0105 podlinkowane i przenosz\u0105 do opisu ksi\u0105\u017cki;<br \/>\n<span style=\"color: #ff0000;\">\/\/\/ czerwone<\/span> \u2013 musz\u0119 mie\u0107,<br \/>\n<span style=\"color: #008000;\">\/\/ zielone<\/span> \u2013 mam\/w drodze do mnie,<br \/>\n<span style=\"color: #0000ff;\">\/ niebieskie<\/span> \u2013 ciekawi\u0105 mnie, ale mog\u0119 na nie poczeka\u0107.<\/p>\n<p><img decoding=\"async\" loading=\"lazy\" class=\"aligncenter wp-image-3507 size-full\" src=\"http:\/\/zapatrzonawksiazki.pl\/wp-content\/uploads\/2019\/01\/zapowiedzi1191.jpg\" alt=\"\" width=\"600\" height=\"337\" srcset=\"https:\/\/zapatrzonawksiazki.pl\/wp-content\/uploads\/2019\/01\/zapowiedzi1191.jpg 600w, https:\/\/zapatrzonawksiazki.pl\/wp-content\/uploads\/2019\/01\/zapowiedzi1191-300x169.jpg 300w\" sizes=\"(max-width: 600px) 100vw, 600px\" \/><\/p>\n<p style=\"text-align: justify;\"><strong>01.02<\/strong><br \/>\n<span style=\"color: #008000;\">\/\/<\/span> <a href=\"https:\/\/www.empik.com\/krople-deszczu-andrews-kathryn,p1219047653,ksiazka-p\">Krople deszczu Kathryn Andrews<\/a>\u00a0\/ NieZwyk\u0142e \/ New Adult<\/p>\n<p style=\"text-align: justify;\"><strong>01.07<\/strong><br \/>\n<span style=\"color: #0000ff;\">\/<\/span> <a href=\"https:\/\/www.empik.com\/george-i-tajny-klucz-do-wszechswiata-hawking-lucy-hawking-stephen,p1213234938,ksiazka-p\">George i tajny klucz do wszech\u015bwiata Stephen Hawking, Lucy Hawking<\/a> \/Zysk i S-ka \/ Lit. dzieci\u0119ca<\/p>\n<p style=\"text-align: justify;\"><strong>01.08<\/strong><br \/>\n<span style=\"color: #0000ff;\">\/<\/span> <a href=\"https:\/\/www.empik.com\/odkupienie-kaci-hadesa-tillie-cole,p1219507492,ksiazka-p\">Odkupienie Tillie Cole \/ EditioRed<\/a> \/ Obyczajowa<br \/>\n<span style=\"color: #ff0000;\">\/\/\/<\/span>\u00a0<a href=\"https:\/\/www.empik.com\/mieszkajac-z-wrogiem-ward-penelope,p1219507599,ksiazka-p\">Mieszkaj\u0105c z wrogiem Penelope Ward<\/a> \/ EditioRed \/ Obyczajowa<\/p>\n<p style=\"text-align: justify;\"><strong>01.09<\/strong><br \/>\n<span style=\"color: #0000ff;\">\/<\/span> <a href=\"https:\/\/www.empik.com\/birthday-girl-douglas-penelope,p1219047307,ksiazka-p\">Birthday Girl Penelope Douglas<\/a> \/ NieZwyk\u0142e \/ New Adult<\/p>\n<p style=\"text-align: justify;\"><strong>01.14<\/strong><br \/>\n<span style=\"color: #008000;\">\/\/<\/span> <a href=\"https:\/\/www.empik.com\/filary-swiata-tir-alainn-tom-1-bishop-anne,p1219518489,ksiazka-p\">Filary \u015bwiata Anne Bishop<\/a> \/ Initiun \/ Fantasy<\/p>\n<p style=\"text-align: justify;\"><strong>01.15<\/strong><br \/>\n<span style=\"color: #0000ff;\">\/<\/span> <a href=\"https:\/\/www.empik.com\/wlasciwy-wybor-reizin-p-z,p1220666092,ksiazka-p\">W\u0142a\u015bciwy wyb\u00f3r P.Z. Reizin<\/a> \/ Pr\u00f3szy\u0144ski i S-ka &#8211; \/ Lit. pi\u0119kna<\/p>\n<p><img decoding=\"async\" loading=\"lazy\" class=\"aligncenter wp-image-3508 size-full\" src=\"http:\/\/zapatrzonawksiazki.pl\/wp-content\/uploads\/2019\/01\/zapowiedzi1192.jpg\" alt=\"\" width=\"600\" height=\"338\" srcset=\"https:\/\/zapatrzonawksiazki.pl\/wp-content\/uploads\/2019\/01\/zapowiedzi1192.jpg 600w, https:\/\/zapatrzonawksiazki.pl\/wp-content\/uploads\/2019\/01\/zapowiedzi1192-300x169.jpg 300w\" sizes=\"(max-width: 600px) 100vw, 600px\" \/><br \/>\n<strong>01.16<\/strong><br \/>\n<span style=\"color: #ff0000;\">\/\/\/<\/span> <a href=\"https:\/\/www.empik.com\/bez-tajemnic-sheridan-mia,p1219387551,ksiazka-p\">Bez tajemnic Mia Sheridan<\/a> \/ Otwarte \/ Obyczajow<br \/>\n<span style=\"color: #0000ff;\">\/<\/span> <a href=\"https:\/\/www.empik.com\/piorun-payne-angel,p1219046742,ksiazka-p\">Piorun Angel Payne<\/a> \/ Edipresse Ksi\u0105\u017cki \/ Erotyk<br \/>\n<span style=\"color: #ff0000;\">\/\/\/<\/span> <a href=\"https:\/\/www.empik.com\/dandelion-dearest-tom-2-martin-lex,p1219507757,ksiazka-p\">Dearest Dandelion Lex Martin<\/a> \/ Kobiece \/ New Adult<br \/>\n<span style=\"color: #0000ff;\">\/<\/span> <a href=\"https:\/\/www.empik.com\/to-czego-potrzebuje-daniels-j,p1219048412,ksiazka-p\">To, czego potrzebuj\u0119 J. Daniels<\/a> \/ Edipresse Ksi\u0105\u017cki \/ Erotyk<br \/>\n<span style=\"color: #ff0000;\">\/\/\/<\/span> <a href=\"https:\/\/www.empik.com\/z-lapa-na-sercu-mckinlay-jenn,p1219501984,ksiazka-p\">Z \u0142ap\u0105 na sercu Jenn McKinlay<\/a> \/ Kobiece \/ Obyczajowa<br \/>\n<span style=\"color: #0000ff;\">\/<\/span> <a href=\"https:\/\/www.empik.com\/neverworld-wake-pessl-marisha,p1219446687,ksiazka-p\">Neverworld Wake Marisha Pessl<\/a> \/ Jaguar \/ New Adult\/Thriller<br \/>\n<span style=\"color: #0000ff;\">\/<\/span> <a href=\"https:\/\/www.empik.com\/trylogia-mocy-i-szalu-1-wiez-lewicka-anna,p1219515464,ksiazka-p\">Wi\u0119\u017a Anna Lewicka<\/a> \/ Jaguar \/ Obyczajowa<br \/>\n<span style=\"color: #0000ff;\">\/<\/span> <a href=\"https:\/\/www.empik.com\/ostatnie-krolestwo-wojny-wikingow-tom-1-cornwell-bernard,p1219864351,ksiazka-p\">Ostatnie kr\u00f3lestwo Bernard Cornwell<\/a> \/ Otwarte \/ Historyczna<br \/>\n<span style=\"color: #0000ff;\">\/<\/span> <a href=\"https:\/\/www.empik.com\/srebrna-zatoka-moyes-jojo,p1219048829,ksiazka-p\">Srebrna Zatoka Jojo Moyes<\/a> \/ Mi\u0119dzy S\u0142owami \/ Obyczajowa<br \/>\n<span style=\"color: #0000ff;\">\/<\/span> <a href=\"https:\/\/www.empik.com\/grzech-gordian-tom-1-darwood-melissa,p1219048245,ksiazka-p\">Gordian Melissa Darwood<\/a> \/ NieZwyk\u0142e \/ Erotyk<br \/>\n<span style=\"color: #ff0000;\">\/\/\/<\/span> <a href=\"https:\/\/www.empik.com\/milioner-i-bogini-ward-penelope-keeland-vi,p1220037829,ksiazka-p\">Milioner i bogini Vi Keeland, Penelope Ward<\/a> \/ EditioRed \/ Erotyk<br \/>\n<span style=\"color: #0000ff;\">\/<\/span> <a href=\"https:\/\/www.empik.com\/jestes-moim-teraz-leighton-m,p1219050204,ksiazka-p\">Jeste\u015b moim teraz M. Leighton<\/a> \/ Filia \/ Obyczajowa<br \/>\n<span style=\"color: #0000ff;\">\/<\/span> <a href=\"https:\/\/www.empik.com\/gdzie-spiewaja-diably-kubasiewicz-magdalena,p1220859753,ksiazka-p\">Gdzie \u015bpiewaj\u0105 diab\u0142y Magdalena Kubasiewicz<\/a> \/ Uroboros \/ Fantasy<br \/>\n<span style=\"color: #0000ff;\">\/<\/span> <a href=\"http:\/\/czwartastrona.pl\/kto-by-sie-spodziewal\/\">Kto by si\u0119 spodziewa\u0142 Agata Przyby\u0142ek<\/a> \/ Czwarta Strona \/ Obyczajowa<br \/>\n<span style=\"color: #0000ff;\">\/<\/span> <a href=\"http:\/\/czwartastrona.pl\/przebudzeni\/\">Przebudzeni Colleen Houck<\/a> \/ We need YA \/ Fantasy<br \/>\n<span style=\"color: #0000ff;\">\/<\/span> <a href=\"http:\/\/czwartastrona.pl\/anielski-kokon\/\">Anielski kokon Karolina Wilczy\u0144ska<\/a> \/ Czwarta Strona \/ Obyczajowa<br \/>\n<span style=\"color: #ff0000;\">\/\/\/<\/span> <a href=\"https:\/\/www.empik.com\/ksiega-czarownic-harkness-deborah,p1216543280,ksiazka-p\">Ksi\u0119ga czarownic Deborah Harkness<\/a> \/ MAG \/ Fantasy<\/p>\n<p><img decoding=\"async\" loading=\"lazy\" class=\"aligncenter wp-image-3509 size-full\" src=\"http:\/\/zapatrzonawksiazki.pl\/wp-content\/uploads\/2019\/01\/zapowiedzi1193.jpg\" alt=\"\" width=\"600\" height=\"218\" srcset=\"https:\/\/zapatrzonawksiazki.pl\/wp-content\/uploads\/2019\/01\/zapowiedzi1193.jpg 600w, https:\/\/zapatrzonawksiazki.pl\/wp-content\/uploads\/2019\/01\/zapowiedzi1193-300x109.jpg 300w\" sizes=\"(max-width: 600px) 100vw, 600px\" \/><br \/>\n<strong>01.20<\/strong><br \/>\n<span style=\"color: #0000ff;\">\/<\/span> <a href=\"https:\/\/www.empik.com\/przywodca-bialy-dom-tom-2-evans-katy,p1220764075,ksiazka-p\">Przyw\u00f3dca Katy Evans<\/a> \/ Koobiece \/ Erotyk<\/p>\n<p style=\"text-align: justify;\"><strong>01.23<\/strong><br \/>\n<span style=\"color: #0000ff;\">\/<\/span> <a href=\"https:\/\/www.empik.com\/walczac-z-cisza-martinez-aly,p1219388198,ksiazka-p\">Walcz\u0105c z cisz\u0105 Aly Martinez<\/a> \/ NieZwyk\u0142e \/ Erotyk<br \/>\n<span style=\"color: #0000ff;\">\/<\/span> <a href=\"https:\/\/www.empik.com\/odrobina-slodyczy-bling-tom-3-tapscott-shari-l,p1219395514,ksiazka-p\">Odrobina s\u0142odyczy Shari L. Tapscott<\/a> \/ Young (Kobiece) \/ New Adult<\/p>\n<p style=\"text-align: justify;\"><strong>01.29<\/strong><br \/>\n<span style=\"color: #0000ff;\">\/<\/span> <a href=\"https:\/\/www.empik.com\/klawo-jadziem-grzesiuk-stanislaw,p1220889815,ksiazka-p\">Klawo, jadziem! Stanis\u0142aw Grzesiuk<\/a> \/ Pr\u00f3szy\u0144ski i S-ka &#8211; \/ Lit. pi\u0119kna<\/p>\n<p><img decoding=\"async\" loading=\"lazy\" class=\"aligncenter wp-image-3510 size-full\" src=\"http:\/\/zapatrzonawksiazki.pl\/wp-content\/uploads\/2019\/01\/zapowiedzi1194.jpg\" alt=\"01\/2019\" width=\"600\" height=\"375\" srcset=\"https:\/\/zapatrzonawksiazki.pl\/wp-content\/uploads\/2019\/01\/zapowiedzi1194.jpg 600w, https:\/\/zapatrzonawksiazki.pl\/wp-content\/uploads\/2019\/01\/zapowiedzi1194-300x188.jpg 300w\" sizes=\"(max-width: 600px) 100vw, 600px\" \/><\/p>\n<p style=\"text-align: justify;\"><strong>01.30<\/strong><br \/>\n<span style=\"color: #0000ff;\">\/<\/span> <a href=\"https:\/\/www.empik.com\/mow-szeptem-olejnik-agnieszka,p1219395392,ksiazka-p\">M\u00f3w szeptem Agnieszka Olejnik<\/a> \/ Kobiece \/ New Adult<br \/>\n<span style=\"color: #ff0000;\">\/\/\/<\/span> <a href=\"https:\/\/www.empik.com\/los-namietnosc-tom-5-carlan-audrey,p1218883030,ksiazka-p\">Los Audrey Carlan<\/a> \/ Edipresse Ksi\u0105\u017cki \/ Erotyk<br \/>\n<span style=\"color: #ff0000;\">\/\/\/<\/span> <a href=\"https:\/\/www.empik.com\/czytelnia-dawno-dawno-temu-we-snie-zwichrowana-bas-braswell-liz,p1205880909,ksiazka-p\">Dawno, dawno temu&#8230; we \u015bnie. Mroczna ba\u015b\u0144 Liz Braswell<\/a> \/ Egmont \/ Lit. m\u0142odzie\u017cowa<br \/>\n<span style=\"color: #ff0000;\">\/\/\/<\/span> <a href=\"https:\/\/www.empik.com\/swiat-obok-swiata-mroczna-basn-braswell-liz,p1220174193,ksiazka-p\">\u015awiat obok \u015bwiata. Mroczna ba\u015b\u0144 Liz Braswell<\/a> \/ Egmont \/ Lit. m\u0142odzie\u017cowa<br \/>\n<span style=\"color: #0000ff;\">\/<\/span> <a href=\"https:\/\/www.empik.com\/podwojna-pokusa-addicted-tom-2-ritchie-krista-ritchie-becca,p1220776399,ksiazka-p\">Addicted. Podw\u00f3jna pokusa Krista Ritchie, Becca Ritchie<\/a> \/ W.A.B. \/ Erotyk<br \/>\n<span style=\"color: #0000ff;\">\/<\/span> <a href=\"https:\/\/www.empik.com\/jeszcze-jeden-usmiech-majcher-magdalena,p1221398125,ksiazka-p\">Jeszcze jeden u\u015bmiech Magdalena Majcher<\/a> \/ Pascal \/ Obyczajowa<br \/>\n<span style=\"color: #0000ff;\">\/<\/span> <a href=\"https:\/\/www.empik.com\/przepis-na-milosc-cannon-katy,p1220714292,ksiazka-p\">Przepis na mi\u0142o\u015b\u0107 Katy Cannon<\/a> \/ Zielona Sowa \/ Lit. m\u0142odzie\u017cowa<br \/>\n<span style=\"color: #0000ff;\">\/<\/span> <a href=\"http:\/\/czwartastrona.pl\/tego-kwiatu-jest-pol-swiatu\/\">Tego kwiatu jest p\u00f3\u0142 \u015bwiatu Marta Radomska<\/a> \/ Czwarta Strona \/ Obyczajowa<br \/>\n<span style=\"color: #0000ff;\">\/<\/span> <a href=\"http:\/\/czwartastrona.pl\/pierwsza-milosc\/\">Pierwsza mi\u0142o\u015b\u0107 Gabriela Garga\u015b, Katarzyna Berenika Miszczuk, Agnieszka Krawczyk, Agata Przyby\u0142ek, Agnieszka Lingas-\u0141oniewska, Natalia So\u0144ska, Karolina Wilczy\u0144ska, Agnieszka Lis, Natasza Socha, Joanna Szara\u0144ska, Lidia Liszewska, Robert Kornacki<\/a> \/ Czwarta Strona \/ Obyczajowa<br \/>\n<span style=\"color: #0000ff;\">\/<\/span> <a href=\"http:\/\/czwartastrona.pl\/kroniki-jaaru-megapolis\/\">Megapolis Adam Faber<\/a> \/ We need YA \/ Fantasy<\/p>\n","protected":false},"excerpt":{"rendered":"<p>Nowo\u015bci\/zapowiedzi \u2013 to cykl ukazuj\u0105cy si\u0119 raz w miesi\u0105cu, kt\u00f3ry przedstawia nadchodz\u0105ce zapowiedzi lub nowo\u015bci wydawnicze na dany miesi\u0105c. Moje wybory s\u0105 ca\u0142kowicie subiektywne i dokonane pod k\u0105tem moich zainteresowa\u0144 czytelniczych. Legenda: tytu\u0142y s\u0105 podlinkowane i przenosz\u0105 do opisu ksi\u0105\u017cki; \/\/\/ czerwone \u2013 musz\u0119 mie\u0107, \/\/ zielone \u2013 mam\/w drodze do mnie, \/ niebieskie \u2013 [&hellip;]<\/p>\n","protected":false},"author":2,"featured_media":3458,"comment_status":"open","ping_status":"open","sticky":false,"template":"","format":"standard","meta":[],"categories":[1433],"tags":[25],"jetpack_featured_media_url":"https:\/\/zapatrzonawksiazki.pl\/wp-content\/uploads\/2019\/01\/00nowoscizapowiedzi.png","_links":{"self":[{"href":"https:\/\/zapatrzonawksiazki.pl\/index.php\/wp-json\/wp\/v2\/posts\/3457"}],"collection":[{"href":"https:\/\/zapatrzonawksiazki.pl\/index.php\/wp-json\/wp\/v2\/posts"}],"about":[{"href":"https:\/\/zapatrzonawksiazki.pl\/index.php\/wp-json\/wp\/v2\/types\/post"}],"author":[{"embeddable":true,"href":"https:\/\/zapatrzonawksiazki.pl\/index.php\/wp-json\/wp\/v2\/users\/2"}],"replies":[{"embeddable":true,"href":"https:\/\/zapatrzonawksiazki.pl\/index.php\/wp-json\/wp\/v2\/comments?post=3457"}],"version-history":[{"count":1,"href":"https:\/\/zapatrzonawksiazki.pl\/index.php\/wp-json\/wp\/v2\/posts\/3457\/revisions"}],"predecessor-version":[{"id":3511,"href":"https:\/\/zapatrzonawksiazki.pl\/index.php\/wp-json\/wp\/v2\/posts\/3457\/revisions\/3511"}],"wp:featuredmedia":[{"embeddable":true,"href":"https:\/\/zapatrzonawksiazki.pl\/index.php\/wp-json\/wp\/v2\/media\/3458"}],"wp:attachment":[{"href":"https:\/\/zapatrzonawksiazki.pl\/index.php\/wp-json\/wp\/v2\/media?parent=3457"}],"wp:term":[{"taxonomy":"category","embeddable":true,"href":"https:\/\/zapatrzonawksiazki.pl\/index.php\/wp-json\/wp\/v2\/categories?post=3457"},{"taxonomy":"post_tag","embeddable":true,"href":"https:\/\/zapatrzonawksiazki.pl\/index.php\/wp-json\/wp\/v2\/tags?post=3457"}],"curies":[{"name":"wp","href":"https:\/\/api.w.org\/{rel}","templated":true}]}}