{"id":3443,"date":"2018-12-24T15:00:35","date_gmt":"2018-12-24T14:00:35","guid":{"rendered":"http:\/\/zapatrzonawksiazki.pl\/?p=3443"},"modified":"2018-12-23T16:34:01","modified_gmt":"2018-12-23T15:34:01","slug":"mikolajowa-szostka-dobrem-dzielic","status":"publish","type":"post","link":"https:\/\/zapatrzonawksiazki.pl\/index.php\/2018\/12\/24\/mikolajowa-szostka-dobrem-dzielic\/","title":{"rendered":"Miko\u0142ajowa sz\u00f3stka: Dobrem dzieli\u0107"},"content":{"rendered":"<p style=\"text-align: justify;\">Nadesz\u0142a Wigilia i ostatnie pytanie w ramach Miko\u0142ajowej Sz\u00f3stki. Sprawd\u017amy, co autorki odpowiedzia\u0142y na nasze tajemnicze\u00a0Dobrem dzieli\u0107. Tradycyjnie pierwsza cz\u0119\u015b\u0107 u <a href=\"http:\/\/www.martawsrodksiazek.pl\/\">Marty<\/a>.\u00a0 \ud83d\ude09<\/p>\n<p><img decoding=\"async\" loading=\"lazy\" class=\"aligncenter wp-image-3444 size-full\" src=\"http:\/\/zapatrzonawksiazki.pl\/wp-content\/uploads\/2018\/12\/dobremdzielic.jpg\" alt=\"Dobrem dzieli\u0107\" width=\"660\" height=\"420\" srcset=\"https:\/\/zapatrzonawksiazki.pl\/wp-content\/uploads\/2018\/12\/dobremdzielic.jpg 660w, https:\/\/zapatrzonawksiazki.pl\/wp-content\/uploads\/2018\/12\/dobremdzielic-300x191.jpg 300w\" sizes=\"(max-width: 660px) 100vw, 660px\" \/><\/p>\n<p><strong>Karolina Staszak<\/strong><br \/>\nNie. Nad przy\u0142\u0105czeniem si\u0119 do tego projektu, nie my\u015bla\u0142am d\u0142ugo. Raczej ba\u0142am si\u0119, \u017ce 24 godziny, kt\u00f3re liczy sobie doba mog\u0105 by\u0107 zbyt kr\u00f3tkie w stosunku do ilo\u015b\u0107 obowi\u0105zk\u00f3w, kt\u00f3re mia\u0142am w czasie, kiedy pisa\u0142am to opowiadanie. Jednak po raz kolejny mog\u0142am liczy\u0107 na mojego partnera, kt\u00f3ry zaj\u0105\u0142 si\u0119 nasz\u0105 m\u0142odocian\u0105 \u015bwit\u0105 w czasie, kiedy nasz\u0142a mnie wena tw\u00f3rcza. Co do tego, jak ostatecznie wygl\u0105da \u201eGdziekolwiek serce twoje\u201d, to zadba\u0142 o to zupe\u0142ny przypadek. Tu nie zdradz\u0119 szczeg\u00f3\u0142\u00f3w, ale jak to si\u0119 m\u00f3wi\u2026 \u017cycie pisze najlepsze scenariusze.<\/p>\n<p><strong>Dominika Smole\u0144<\/strong><br \/>\nWcale, a wcale. Od pocz\u0105tku, kiedy pad\u0142 pomys\u0142 na napisanie antologii \u015bwi\u0105tecznej, wiedzia\u0142am, co chcia\u0142abym napisa\u0107. Samo pisanie te\u017c nie zaj\u0119\u0142o mi wiele czasu \u2013 bo powr\u00f3t do historii Ady okaza\u0142 si\u0119 dla mnie ca\u0142kiem \u0142atwy i przyjemny. Mo\u017ce kiedy\u015b co\u015b jeszcze napisz\u0119 o niej i jej przyjacio\u0142ach, zobaczymy.<\/p>\n<p><strong>Nina Nirali<\/strong><br \/>\nNie pami\u0119tam dok\u0142adnie. Bodaj jedn\u0105 sekund\u0119. Zawsze jestem gotowa aby pomaga\u0107 innym. Dla mnie to podw\u00f3jna satysfakcja, poniewa\u017c mog\u0119 pomaga\u0107, robi\u0105c to, co kocham najbardziej, czyli pisz\u0105c.<\/p>\n<p><strong>Anita Gierak<\/strong><br \/>\nD\u0142ugo si\u0119 nie zastanawia\u0142am, odpowied\u017a szybko pojawi\u0142a si\u0119 sama. Z kolei kierunek mojej opowie\u015bci by\u0142 dla mnie jasny, chcia\u0142am pokaza\u0107 \u015bwi\u0105teczny klimat w magicznie osadzonym \u015bwiecie.<\/p>\n<p><strong>Angelika \u015alusarczyk<\/strong><br \/>\nSzczerze m\u00f3wi\u0105c, to nie. Moja przyjaci\u00f3\u0142ka, r\u00f3wnie\u017c autorka, Adriana, napisa\u0142a mi w wiadomo\u015bci, \u017ce przecie\u017c napisz\u0119 to opowiadanie. I napisa\u0142am. Gdy dowiedzia\u0142am si\u0119, \u017ce ga\u017ca autorska zostanie przekazana na cel charytatywny to pomy\u015bla\u0142am sobie, \u017ce spr\u00f3bowa\u0107 nie zaszkodzi. J A pomys\u0142\u2026 Poniek\u0105d wzi\u0105\u0142 si\u0119 z g\u0142owy, a cz\u0119\u015bciowo jest oparty na faktach \u2013 w sensie wydarzenia opisane w powie\u015bci mog\u0142y si\u0119 zdarzy\u0107 i zdarzy\u0142y na pewno \u2013 nie jednej kobiecie. \ud83d\ude09<\/p>\n<p><strong>Anna Patryka-Judge<\/strong><br \/>\nHmmm\u2026A jak Pani s\u0105dzi? \ud83d\ude09<br \/>\nOdpowied\u017a by\u0142a natychmiastowa! Bez zastanowienia. Jak ju\u017c powiedzia\u0142am, jestem ca\u0142ym sercem w akcjach charytatywnych. Wobec tego odpowied\u017a nie mog\u0142a by\u0107 inna ni\u017c: TAK !<\/p>\n","protected":false},"excerpt":{"rendered":"<p>Nadesz\u0142a Wigilia i ostatnie pytanie w ramach Miko\u0142ajowej Sz\u00f3stki. Sprawd\u017amy, co autorki odpowiedzia\u0142y na nasze tajemnicze\u00a0Dobrem dzieli\u0107. Tradycyjnie pierwsza cz\u0119\u015b\u0107 u Marty.\u00a0 \ud83d\ude09 Karolina Staszak Nie. Nad przy\u0142\u0105czeniem si\u0119 do tego projektu, nie my\u015bla\u0142am d\u0142ugo. Raczej ba\u0142am si\u0119, \u017ce 24 godziny, kt\u00f3re liczy sobie doba mog\u0105 by\u0107 zbyt kr\u00f3tkie w stosunku do ilo\u015b\u0107 obowi\u0105zk\u00f3w, kt\u00f3re [&hellip;]<\/p>\n","protected":false},"author":2,"featured_media":3404,"comment_status":"open","ping_status":"open","sticky":false,"template":"","format":"standard","meta":[],"categories":[1415],"tags":[806],"jetpack_featured_media_url":"https:\/\/zapatrzonawksiazki.pl\/wp-content\/uploads\/2018\/12\/Miko\u0142ajowaSz\u00f3stka.jpg","_links":{"self":[{"href":"https:\/\/zapatrzonawksiazki.pl\/index.php\/wp-json\/wp\/v2\/posts\/3443"}],"collection":[{"href":"https:\/\/zapatrzonawksiazki.pl\/index.php\/wp-json\/wp\/v2\/posts"}],"about":[{"href":"https:\/\/zapatrzonawksiazki.pl\/index.php\/wp-json\/wp\/v2\/types\/post"}],"author":[{"embeddable":true,"href":"https:\/\/zapatrzonawksiazki.pl\/index.php\/wp-json\/wp\/v2\/users\/2"}],"replies":[{"embeddable":true,"href":"https:\/\/zapatrzonawksiazki.pl\/index.php\/wp-json\/wp\/v2\/comments?post=3443"}],"version-history":[{"count":1,"href":"https:\/\/zapatrzonawksiazki.pl\/index.php\/wp-json\/wp\/v2\/posts\/3443\/revisions"}],"predecessor-version":[{"id":3445,"href":"https:\/\/zapatrzonawksiazki.pl\/index.php\/wp-json\/wp\/v2\/posts\/3443\/revisions\/3445"}],"wp:featuredmedia":[{"embeddable":true,"href":"https:\/\/zapatrzonawksiazki.pl\/index.php\/wp-json\/wp\/v2\/media\/3404"}],"wp:attachment":[{"href":"https:\/\/zapatrzonawksiazki.pl\/index.php\/wp-json\/wp\/v2\/media?parent=3443"}],"wp:term":[{"taxonomy":"category","embeddable":true,"href":"https:\/\/zapatrzonawksiazki.pl\/index.php\/wp-json\/wp\/v2\/categories?post=3443"},{"taxonomy":"post_tag","embeddable":true,"href":"https:\/\/zapatrzonawksiazki.pl\/index.php\/wp-json\/wp\/v2\/tags?post=3443"}],"curies":[{"name":"wp","href":"https:\/\/api.w.org\/{rel}","templated":true}]}}