{"id":3412,"date":"2018-12-20T21:01:58","date_gmt":"2018-12-20T20:01:58","guid":{"rendered":"http:\/\/zapatrzonawksiazki.pl\/?p=3412"},"modified":"2018-12-22T18:16:52","modified_gmt":"2018-12-22T17:16:52","slug":"mikolajowa-szostka-pogodowa-aura","status":"publish","type":"post","link":"https:\/\/zapatrzonawksiazki.pl\/index.php\/2018\/12\/20\/mikolajowa-szostka-pogodowa-aura\/","title":{"rendered":"Miko\u0142ajowa Sz\u00f3stka: Pogodowa aura"},"content":{"rendered":"<p style=\"text-align: justify;\">Dzisiaj kolejna ods\u0142ona wywiadu Miko\u0142ajowa Sz\u00f3stka &#8211; Pogodowa aura. Sprawd\u017acie jak cz\u0119\u015b\u0107 autorek poradzi\u0142o sobie z drugim pytaniem. Pierwsza cz\u0119\u015b\u0107 wywiadu ukaza\u0142a si\u0119 u <a href=\"http:\/\/www.martawsrodksiazek.pl\/2018\/12\/mikoajkowa-szostka-pogodowa-aura.html\">Marty<\/a>.<\/p>\n<p><img decoding=\"async\" loading=\"lazy\" class=\"aligncenter wp-image-3414 size-full\" src=\"http:\/\/zapatrzonawksiazki.pl\/wp-content\/uploads\/2018\/12\/Pogodowa-aura.jpg\" alt=\"Pogodowa aura\" width=\"660\" height=\"420\" srcset=\"https:\/\/zapatrzonawksiazki.pl\/wp-content\/uploads\/2018\/12\/Pogodowa-aura.jpg 660w, https:\/\/zapatrzonawksiazki.pl\/wp-content\/uploads\/2018\/12\/Pogodowa-aura-300x191.jpg 300w\" sizes=\"(max-width: 660px) 100vw, 660px\" \/><\/p>\n<p style=\"text-align: justify;\"><strong>Karolina Staszak<\/strong><br \/>\nAbsolutnie nie. Wystarczy, \u017ce zamkn\u0119 oczy i ju\u017c widz\u0119 biel wsz\u0119dzie w ko\u0142o, czuj\u0119 jak marzn\u0105 mi d\u0142onie, bo zapomnia\u0142am po raz tysi\u0119czny r\u0119kawiczek. Widz\u0119, jak \u015bwie\u017cy, bia\u0142y \u015bnieg niemal chrz\u0105ka mi pod ci\u0119\u017ckimi butami. Obserwuj\u0119, jak strzepuj\u0119 bia\u0142e p\u0142atki z ko\u017cucha i czapki, kiedy wchodz\u0119 do domu, w kt\u00f3rym unosi si\u0119 zapach cynamonu i \u015bwierku. A\u017c si\u0119 rozmarzy\u0142am\u2026 Gdzie ten \u015bnieg? Czekam! \ud83d\ude09<\/p>\n<p style=\"text-align: justify;\"><strong>Dominika Smole\u0144<\/strong><br \/>\nOczywi\u015bcie, \u017ce nie! Wystarczy sobie pomy\u015ble\u0107 o \u015bwi\u0119tach \u2013 o tych przygotowaniach, choince, odpowiedniej muzyce i najbli\u017cszych osobach przy stole, a od razu nachodzi cz\u0142owieka \u015bwi\u0105teczny klimat! Zreszt\u0105, na YouTube muzyk\u0119 \u015bwi\u0105teczn\u0105 mo\u017cna puszcza\u0107 o ka\u017cdej porze roku\u2026<\/p>\n<p style=\"text-align: justify;\"><strong>Nina Nirali<\/strong><br \/>\nAbsolutnie nie. Bardzo \u0142atwo by\u0142o nada\u0107 klimat \u015bwi\u0105teczny opowiadaniu i m\u00f3c je wewn\u0119trznie prze\u017cy\u0107 wraz z bohaterami. \u015awi\u0105teczna atmosfera zawita\u0142a w tym roku odrobin\u0119 wcze\u015bniej \ud83d\ude09<\/p>\n<p style=\"text-align: justify;\"><strong>Anita Gierak<\/strong><br \/>\nBy\u0142o to swojego rodzaju wyzwanie lecz moc mojej wyobra\u017ani zdzia\u0142a\u0142a cuda i uda\u0142o mi si\u0119 przenie\u015b\u0107 z pi\u0119knych, s\u0142onecznych dni do lodowatej zimy.<\/p>\n<p style=\"text-align: justify;\"><strong>Angelika \u015alusarczyk<\/strong><br \/>\nS\u0142o\u0144ce nie \u015bwieci\u0142o, by\u0142o szaro, buro i ponuro. Niemniej jednak ja, czyli osoba nie przepadaj\u0105ca zbytnio za \u015bwi\u0119tami chcia\u0142am zrobi\u0107 co\u015b dobrego dla innych i w taki spos\u00f3b, z my\u015bl\u0105 o innych, uda\u0142o mi si\u0119 napisa\u0107 opowiadanie, gdy jeszcze by\u0142a jesie\u0144\u2026<\/p>\n<p style=\"text-align: justify;\"><strong>Anna Patryka-Judge<\/strong><br \/>\nNie jest to takie problematyczne jakby si\u0119 wydawa\u0107 mog\u0142o. Wyobra\u017ania wci\u0105\u017c kreuje \u015bwiaty i obrazy. Dlaczego nie mia\u0142aby stworzy\u0107 r\u00f3wnie\u017c odpowiedniej aury? Ponadto do mojego pisania potrzebuj\u0119 r\u00f3wnie\u017c muzyki, a o t\u0105 nie ma co si\u0119 martwi\u0107. P\u0142yt z kol\u0119dami i piosenkami \u015bwi\u0105tecznymi mam bez liku&#8230;<\/p>\n","protected":false},"excerpt":{"rendered":"<p>Dzisiaj kolejna ods\u0142ona wywiadu Miko\u0142ajowa Sz\u00f3stka &#8211; Pogodowa aura. Sprawd\u017acie jak cz\u0119\u015b\u0107 autorek poradzi\u0142o sobie z drugim pytaniem. Pierwsza cz\u0119\u015b\u0107 wywiadu ukaza\u0142a si\u0119 u Marty. Karolina Staszak Absolutnie nie. Wystarczy, \u017ce zamkn\u0119 oczy i ju\u017c widz\u0119 biel wsz\u0119dzie w ko\u0142o, czuj\u0119 jak marzn\u0105 mi d\u0142onie, bo zapomnia\u0142am po raz tysi\u0119czny r\u0119kawiczek. Widz\u0119, jak \u015bwie\u017cy, bia\u0142y [&hellip;]<\/p>\n","protected":false},"author":2,"featured_media":3404,"comment_status":"open","ping_status":"open","sticky":false,"template":"","format":"standard","meta":[],"categories":[1415],"tags":[806],"jetpack_featured_media_url":"https:\/\/zapatrzonawksiazki.pl\/wp-content\/uploads\/2018\/12\/Miko\u0142ajowaSz\u00f3stka.jpg","_links":{"self":[{"href":"https:\/\/zapatrzonawksiazki.pl\/index.php\/wp-json\/wp\/v2\/posts\/3412"}],"collection":[{"href":"https:\/\/zapatrzonawksiazki.pl\/index.php\/wp-json\/wp\/v2\/posts"}],"about":[{"href":"https:\/\/zapatrzonawksiazki.pl\/index.php\/wp-json\/wp\/v2\/types\/post"}],"author":[{"embeddable":true,"href":"https:\/\/zapatrzonawksiazki.pl\/index.php\/wp-json\/wp\/v2\/users\/2"}],"replies":[{"embeddable":true,"href":"https:\/\/zapatrzonawksiazki.pl\/index.php\/wp-json\/wp\/v2\/comments?post=3412"}],"version-history":[{"count":3,"href":"https:\/\/zapatrzonawksiazki.pl\/index.php\/wp-json\/wp\/v2\/posts\/3412\/revisions"}],"predecessor-version":[{"id":3418,"href":"https:\/\/zapatrzonawksiazki.pl\/index.php\/wp-json\/wp\/v2\/posts\/3412\/revisions\/3418"}],"wp:featuredmedia":[{"embeddable":true,"href":"https:\/\/zapatrzonawksiazki.pl\/index.php\/wp-json\/wp\/v2\/media\/3404"}],"wp:attachment":[{"href":"https:\/\/zapatrzonawksiazki.pl\/index.php\/wp-json\/wp\/v2\/media?parent=3412"}],"wp:term":[{"taxonomy":"category","embeddable":true,"href":"https:\/\/zapatrzonawksiazki.pl\/index.php\/wp-json\/wp\/v2\/categories?post=3412"},{"taxonomy":"post_tag","embeddable":true,"href":"https:\/\/zapatrzonawksiazki.pl\/index.php\/wp-json\/wp\/v2\/tags?post=3412"}],"curies":[{"name":"wp","href":"https:\/\/api.w.org\/{rel}","templated":true}]}}