{"id":3333,"date":"2018-11-30T22:37:50","date_gmt":"2018-11-30T22:37:50","guid":{"rendered":"http:\/\/zapatrzonawksiazki.pl\/?p=3333"},"modified":"2019-12-26T21:59:10","modified_gmt":"2019-12-26T20:59:10","slug":"chlopiec-zwany-gwiazdka-matt-haig","status":"publish","type":"post","link":"https:\/\/zapatrzonawksiazki.pl\/index.php\/2018\/11\/30\/chlopiec-zwany-gwiazdka-matt-haig\/","title":{"rendered":"[ChristmasBooks] &#8220;Ch\u0142opiec zwany Gwiazdk\u0105&#8221; Matt Haig"},"content":{"rendered":"<blockquote>\n<p style=\"text-align: justify;\">Aby co\u015b zobaczy\u0107, trzeba najpierw w to uwierzy\u0107. Naprawd\u0119, naprawd\u0119 w to wierzy\u0107.*<\/p>\n<\/blockquote>\n<p style=\"text-align: justify;\"><img decoding=\"async\" loading=\"lazy\" class=\"size-medium wp-image-3335 alignleft\" src=\"http:\/\/zapatrzonawksiazki.pl\/wp-content\/uploads\/2018\/11\/chlopiec-zwany-gwiazdka-b-iext44173355-199x300.jpg\" alt=\"\" width=\"199\" height=\"300\" srcset=\"https:\/\/zapatrzonawksiazki.pl\/wp-content\/uploads\/2018\/11\/chlopiec-zwany-gwiazdka-b-iext44173355-199x300.jpg 199w, https:\/\/zapatrzonawksiazki.pl\/wp-content\/uploads\/2018\/11\/chlopiec-zwany-gwiazdka-b-iext44173355.jpg 300w\" sizes=\"(max-width: 199px) 100vw, 199px\" \/>Chyba ka\u017cdy z nas s\u0142ysza\u0142 o \u015bw. Miko\u0142aju, prawda? To czy w niego wierzymy, czy te\u017c nie, to ju\u017c inna sprawa. Jednak czy wiecie, jaka by\u0142a jego przesz\u0142o\u015b\u0107? Kim byli jego rodzice, jak mieszka\u0142 i jaki by\u0142 jako ma\u0142y ch\u0142opiec? Chcecie pozna\u0107 prawdziw\u0105 histori\u0119 \u015bw. Miko\u0142aja?<\/p>\n<p style=\"text-align: justify;\">Gdzie\u015b w Finlandii mieszka Miko\u0142aj. Ch\u0142opiec ma tylko tat\u0119, lalk\u0119 z rzepy zrobion\u0105 przez mam\u0119, zanim odesz\u0142a i sanie. Mieszkaj\u0105 w ma\u0142ej jednopokojowej chatce i utrzymuj\u0105 si\u0119 z tego, co da im natura oraz zarobi ojciec, jako drwal. Ich jedyn\u0105 rozrywk\u0105 by\u0142o opowiadanie sobie historii o elfach, bo obaj wierzyli w magi\u0119 i magiczne istoty. Byli biedni, ale mieli siebie i wierzyli w dobro. Jednak pewnego dnia do drzwi ich chatki zapuka\u0142 my\u015bliwy z ofert\u0105 pracy, kt\u00f3r\u0105 tata przyjmuje. Minusem tej decyzji jest, \u017ce musz\u0105 si\u0119 rozsta\u0107 na trzy miesi\u0105ce, a Miko\u0142aj zostaje z nielubian\u0105 cioci\u0105 Karlott\u0105, kt\u00f3ra traktuje go bardzo \u017ale. Po up\u0142ywie trzech miesi\u0119cy tata nie wraca i jedenastoletni ch\u0142opiec wyrusza w drog\u0119, by go odnale\u017a\u0107. Jaki b\u0119dzie fina\u0142 tej wyprawy?<\/p>\n<p style=\"text-align: justify;\">Powie\u015b\u0107 wydana w 2016 roku, od pocz\u0105tku chcia\u0142am j\u0105 przeczyta\u0107, ale zawsze by\u0142o co\u015b innego. Dopiero premiera trzeciego tomu zmotywowa\u0142a mnie do nabycia pierwszych cz\u0119\u015bci i zapoznania si\u0119 z histori\u0105. Czy <em>Ch\u0142opiec zwany Gwiazdk\u0105<\/em> by\u0142 wart zakupu i po\u015bwi\u0119cenia mu czasu?<\/p>\n<p style=\"text-align: justify;\">Zdecydowanie tak. Matt Haig zaskoczy\u0142 mnie bardzo pozytywnie i nawet przez chwil\u0119 nie czu\u0142am niezadowolenia z czytania tego tytu\u0142u. Autor stworzy\u0142 ciekaw\u0105 alternatywn\u0105 histori\u0119 o \u015bw. Miko\u0142aju. Pe\u0142na przyg\u00f3d, magicznego i ba\u015bniowego klimatu oraz fantastycznych postaci. <em>Ch\u0142opiec zwany Gwiazdk\u0105<\/em> to nie tylko \u015bwietna historia, przy kt\u00f3rej mo\u017cna si\u0119 dobrze bawi\u0107, po\u015bmia\u0107 i pomarzy\u0107, ale ma te\u017c w sobie wa\u017cny mora\u0142 &#8211; bycie dobrym jest w\u0142a\u015bciwe i potrzebne, bo tylko wtedy b\u0119d\u0105 dzia\u0107 si\u0119 niewiarygodne rzeczy. To mieszanka mi\u0142ych i strasznych chwil, z wydarzeniami, kt\u00f3re mo\u017ce nie zaskakuj\u0105, ale zdecydowanie przykuwaj\u0105 uwag\u0119 i zainteresowanie.<\/p>\n<p style=\"text-align: justify;\">Matt Haig zadba\u0142 te\u017c o postacie, zar\u00f3wno ludzie, jak i magiczne istoty s\u0105 dopracowani i pe\u0142nowymiarowi. Ka\u017cdy jest inny i na sw\u00f3j spos\u00f3b wyj\u0105tkowy, r\u00f3\u017cne charaktery, wygl\u0105d, zachowanie. Mamy tutaj z\u0142e i dobre charaktery, kt\u00f3re poznaje si\u0119 z ka\u017cd\u0105 przeczytan\u0105 stron\u0105. Moim ulubie\u0144cem jest oczywi\u015bcie Miko\u0142aj ze swoj\u0105 dobroci\u0105, wiar\u0105 w magi\u0119 i podej\u015bciem do zwierz\u0105t.<\/p>\n<p style=\"text-align: justify;\"><em>Ch\u0142opiec zwany Gwiazdk\u0105<\/em> by\u0142 dla mnie idealn\u0105 odskoczni\u0105 od szarej rzeczywisto\u015bci\u0105, przypomnieniem, \u017ce warto wierzy\u0107 i by\u0107 dobrym. Zapewni\u0142 mi te\u017c kilka godzin \u015bwietnej zabawy, mn\u00f3stwa \u015bmiechu i chwil wzrusze\u0144. Nie mog\u0142am oderwa\u0107 si\u0119 od czytania i z zapartym tchem przewraca\u0142am kolejne strony, by\u0142am ciekawa, co wydarzy si\u0119 dalej, kogo jeszcze spotka ch\u0142opiec i czy uda mu si\u0119 odnale\u017a\u0107 to, czego szuka. Jestem pewna, \u017ce b\u0119d\u0119 wraca\u0107 do ksi\u0105\u017cki w okolicach \u015bwi\u0105t i cieszy\u0107 si\u0119 klimatem powie\u015bci.<\/p>\n<p style=\"text-align: justify;\">Z ca\u0142ego serca polecam t\u0119 ba\u015bniow\u0105 ksi\u0105\u017ck\u0119 wszystkim tym, kt\u00f3rzy maj\u0105 w sobie co\u015b z dziecka i lubi\u0105 powie\u015bci pe\u0142ne magicznych chwil i niesamowitych wydarze\u0144. <em>Ch\u0142opiec zwany Gwiazdk\u0105<\/em> uczy nie tylko tego, \u017ce warto czyni\u0107 dobro, ale te\u017c trzeba wierzy\u0107 w spe\u0142nienie marze\u0144.<\/p>\n<blockquote>\n<p style=\"text-align: justify;\">Niemo\u017cliwo\u015b\u0107 jest tak naprawd\u0119 mo\u017cliwo\u015bci\u0105, wystarczy j\u0105 jedynie zrozumie\u0107.*<\/p>\n<\/blockquote>\n<p style=\"text-align: justify;\"><strong>Autor:<\/strong> Matt Haig<br \/>\n<strong>Tytu\u0142:<\/strong> Ch\u0142opiec zwany Gwiazdk\u0105<br \/>\n<strong>Wydawnictwo:<\/strong> Zysk i S-ka<br \/>\n<strong>Wydanie:<\/strong> I<br \/>\n<strong>Data wydania:<\/strong> 2016-11-07<br \/>\n<strong>Kategoria:<\/strong> lit. dzieci\u0119ca<br \/>\n<strong>ISBN:<\/strong> 9788365521644<br \/>\n<strong>Liczba stron:<\/strong> 268<br \/>\n<strong>Ocena:<\/strong> 8\/10<\/p>\n<p style=\"text-align: center;\"><em>Ch\u0142opiec zwany Gwiazdk\u0105<\/em> |\u00a0<a href=\"http:\/\/zapatrzonawksiazki.pl\/index.php\/2018\/12\/16\/dziewczynka-ktora-uratowala-gwiazdke-matt-haig\/\">Dziewczynka, kt\u00f3ra uratowa\u0142a Gwiazdk\u0119<\/a> |\u00a0<a href=\"http:\/\/zapatrzonawksiazki.pl\/index.php\/2019\/12\/20\/ojciec-gwiazdka-i-ja-matt-haig\/\">Ojciec Gwiazdka i ja<\/a> | <a href=\"http:\/\/zapatrzonawksiazki.pl\/index.php\/2019\/12\/25\/wrozka-prawdomowka-matt-haig\/\">Wr\u00f3\u017cka Prawdom\u00f3wka<\/a><\/p>\n","protected":false},"excerpt":{"rendered":"<p>Aby co\u015b zobaczy\u0107, trzeba najpierw w to uwierzy\u0107. Naprawd\u0119, naprawd\u0119 w to wierzy\u0107.* Chyba ka\u017cdy z nas s\u0142ysza\u0142 o \u015bw. Miko\u0142aju, prawda? To czy w niego wierzymy, czy te\u017c nie, to ju\u017c inna sprawa. Jednak czy wiecie, jaka by\u0142a jego przesz\u0142o\u015b\u0107? Kim byli jego rodzice, jak mieszka\u0142 i jaki by\u0142 jako ma\u0142y ch\u0142opiec? Chcecie pozna\u0107 [&hellip;]<\/p>\n","protected":false},"author":2,"featured_media":3334,"comment_status":"open","ping_status":"open","sticky":false,"template":"","format":"standard","meta":[],"categories":[5,4],"tags":[20,118,1438,71],"jetpack_featured_media_url":"https:\/\/zapatrzonawksiazki.pl\/wp-content\/uploads\/2018\/11\/chlopieczwanygwiazdka.jpg","_links":{"self":[{"href":"https:\/\/zapatrzonawksiazki.pl\/index.php\/wp-json\/wp\/v2\/posts\/3333"}],"collection":[{"href":"https:\/\/zapatrzonawksiazki.pl\/index.php\/wp-json\/wp\/v2\/posts"}],"about":[{"href":"https:\/\/zapatrzonawksiazki.pl\/index.php\/wp-json\/wp\/v2\/types\/post"}],"author":[{"embeddable":true,"href":"https:\/\/zapatrzonawksiazki.pl\/index.php\/wp-json\/wp\/v2\/users\/2"}],"replies":[{"embeddable":true,"href":"https:\/\/zapatrzonawksiazki.pl\/index.php\/wp-json\/wp\/v2\/comments?post=3333"}],"version-history":[{"count":5,"href":"https:\/\/zapatrzonawksiazki.pl\/index.php\/wp-json\/wp\/v2\/posts\/3333\/revisions"}],"predecessor-version":[{"id":5006,"href":"https:\/\/zapatrzonawksiazki.pl\/index.php\/wp-json\/wp\/v2\/posts\/3333\/revisions\/5006"}],"wp:featuredmedia":[{"embeddable":true,"href":"https:\/\/zapatrzonawksiazki.pl\/index.php\/wp-json\/wp\/v2\/media\/3334"}],"wp:attachment":[{"href":"https:\/\/zapatrzonawksiazki.pl\/index.php\/wp-json\/wp\/v2\/media?parent=3333"}],"wp:term":[{"taxonomy":"category","embeddable":true,"href":"https:\/\/zapatrzonawksiazki.pl\/index.php\/wp-json\/wp\/v2\/categories?post=3333"},{"taxonomy":"post_tag","embeddable":true,"href":"https:\/\/zapatrzonawksiazki.pl\/index.php\/wp-json\/wp\/v2\/tags?post=3333"}],"curies":[{"name":"wp","href":"https:\/\/api.w.org\/{rel}","templated":true}]}}