{"id":3307,"date":"2018-11-28T17:01:08","date_gmt":"2018-11-28T17:01:08","guid":{"rendered":"http:\/\/zapatrzonawksiazki.pl\/?p=3307"},"modified":"2018-11-29T10:27:02","modified_gmt":"2018-11-29T10:27:02","slug":"uwiklana-iga-wisniewska","status":"publish","type":"post","link":"https:\/\/zapatrzonawksiazki.pl\/index.php\/2018\/11\/28\/uwiklana-iga-wisniewska\/","title":{"rendered":"[PATRONAT] &#8220;Uwik\u0142ana&#8221; Iga Wi\u015bniewska"},"content":{"rendered":"<blockquote><p>Smutki nachodz\u0105 nas nie pojedynczo, jak przednie stra\u017ce, lecz zwartym szykiem, batalionami.*<\/p><\/blockquote>\n<p style=\"text-align: justify;\"><img decoding=\"async\" loading=\"lazy\" class=\"size-medium wp-image-3309 alignleft\" src=\"http:\/\/zapatrzonawksiazki.pl\/wp-content\/uploads\/2018\/11\/uwiklana352x500-211x300.jpg\" alt=\"\" width=\"211\" height=\"300\" srcset=\"https:\/\/zapatrzonawksiazki.pl\/wp-content\/uploads\/2018\/11\/uwiklana352x500-211x300.jpg 211w, https:\/\/zapatrzonawksiazki.pl\/wp-content\/uploads\/2018\/11\/uwiklana352x500.jpg 352w\" sizes=\"(max-width: 211px) 100vw, 211px\" \/>Cz\u0119sto wydaje si\u0119 nam, \u017ce nic nie zmieni raz podj\u0119tej przez nas decyzji. Jeste\u015bmy jej pewni i twardo si\u0119 jej trzymamy. Jednak nigdy nie mo\u017cna m\u00f3wi\u0107 nigdy, bo s\u0105 takie momenty, gdzie bez wzgl\u0119du na to, czy tego chcemy, czy nie, musimy zrobi\u0107 to, przed czym si\u0119 tak wzbraniali\u015bmy.<\/p>\n<p style=\"text-align: justify;\">Po ostatnich wydarzeniach Miriam i Iwan robi\u0105 wszystko, by zapomnie\u0107 o tym, co si\u0119 dzia\u0142o. Pisz\u0105c wszystko, mam na my\u015bli upijanie si\u0119 do nieprzytomno\u015bci, unikanie pewnych temat\u00f3w, miejsc oraz ludzi. Kobieta zako\u0144czy\u0142a swoj\u0105 dzia\u0142alno\u015b\u0107 i ma nadziej\u0119, \u017ce to koniec jej walki. Wszystko zmienia si\u0119, gdy w mie\u015bcie zaczynaj\u0105 gin\u0105\u0107 dzieci, w tym i jej chrze\u015bniak Rob. Teraz bez wzgl\u0119du na cen\u0119 zrobi wszystko, by go uratowa\u0107, a uzyskane informacje wskazuj\u0105 na to, \u017ce nie maj\u0105 zbyt wiele czasu. Czy odnajd\u0105 dzieci i jak\u0105 cen\u0119 tym razem zap\u0142aci Miriam za swoje decyzje?<\/p>\n<p style=\"text-align: justify;\">Iga Wi\u015bniewska ponad rok kaza\u0142a czeka\u0107 na fina\u0142owy tom serii <em>Wolne Miasto Rades<\/em>. Tyle miesi\u0119cy oczekiwania i dociekania tego, co b\u0119dzie dalej. Czy by\u0142o warto? Czy <em>Uwik\u0142ana<\/em> utrzyma\u0142a poziom swoich poprzedniczek?<\/p>\n<p style=\"text-align: justify;\">Po raz kolejny Iga Wi\u015bniewska udowodni\u0142a, \u017ce wie, jak zaskoczy\u0107 czytelnika i utrzyma\u0107 go w niepewno\u015bci do samego ko\u0144ca. Wida\u0107, \u017ce autorka mia\u0142a pomys\u0142 na fabu\u0142\u0119 i go w pe\u0142ni wykorzysta\u0142a, tworz\u0105c powie\u015b\u0107 pe\u0142n\u0105 tajemnic, niedom\u00f3wie\u0144, kluczenia i zaskakuj\u0105cych zwrot\u00f3w akcji. Zmienna narracja pozwala pozna\u0107 r\u00f3\u017cne punkty widzenia bohater\u00f3w, a wielow\u0105tkowo\u015b\u0107 budowa\u0142a napi\u0119cie. <em>Uwik\u0142ana<\/em> nie tylko trzyma poziom poprzednich tom\u00f3w, ale sama w sobie, od pocz\u0105tku do ko\u0144ca trzyma w swoich szponach i nie pozwala przerwa\u0107 czytania. W tym tomie naprawd\u0119 du\u017co si\u0119 dzieje, a do tego niekt\u00f3re sprawy przybieraj\u0105 nieoczekiwany obr\u00f3t i chocia\u017c w \u017cyciu by si\u0119 tego nie spodziewa\u0142o, to po namy\u015ble mo\u017cna doj\u015b\u0107 do wniosku, \u017ce to ma sens.<\/p>\n<p style=\"text-align: justify;\">Chocia\u017c pe\u0142no w tej ksi\u0105\u017cce nadnaturalnych istot, to trzeba przyzna\u0107, \u017ce ze wzgl\u0119du na swoje zachowania nie s\u0105 dalecy od ludzi. Charakterystyka wszystkich postaci jest naprawd\u0119 r\u00f3\u017cnorodna i nie da si\u0119 wskaza\u0107 dw\u00f3ch takich samych osobowo\u015bci. Ka\u017cdy ma inny charakter, spos\u00f3b my\u015blenia, m\u00f3wienia i zachowa\u0144. Mo\u017ce si\u0119 wydawa\u0107, \u017ce ju\u017c ich znamy, ale w niekt\u00f3rych przypadkach, to tylko z\u0142udna nadzieja, a ich decyzje zaskocz\u0105 nie raz i nie dwa. Nadal nie potrafi\u0119 wskaza\u0107 swojego ulubie\u0144ca, w przypadku tej serii, ka\u017cda z postaci dosta\u0142a si\u0119 jakim\u015b sposobem do mojego serca.<\/p>\n<p style=\"text-align: justify;\">Przeczytanie tego tomu zaj\u0119\u0142o mi par\u0119 godzin i musz\u0119 przyzna\u0107, \u017ce to bardzo dobrze spo\u017cytkowany czas. <em>Uwik\u0142ana<\/em> od pierwszych stron wci\u0105ga w sw\u00f3j \u015bwiat oraz perypetie bohater\u00f3w. Iga pisze lekko i przyjemnie, dba o opisy oraz dialogi, wszystko razem tworzy sp\u00f3jn\u0105 ca\u0142o\u015b\u0107 pe\u0142n\u0105 ciekawych, czasami zabawnych i daj\u0105cych odpowiedzi rozm\u00f3w, obraz\u00f3w pomagaj\u0105cych wyobrazi\u0107 sobie to, co widz\u0105 i czuj\u0105 bohaterowie. Nic tutaj nie jest przewidywalne ani schematyczne, za to du\u017co tu mitologii, niepewno\u015bci oraz czarnego humoru. B\u0119d\u0119 wraca\u0107 nie tylko do tego tomu, ale i ca\u0142ej serii.<\/p>\n<p style=\"text-align: justify;\">Je\u015bli tylko <em>Przekl\u0119ta<\/em> i <em>Przebudzona<\/em> s\u0105 za wami, to <em>Uwik\u0142ana<\/em> jest lektur\u0105 obowi\u0105zkow\u0105, my\u015bl\u0119, \u017ce si\u0119 nie zawiedziecie. Tych, kt\u00f3rzy nie znaj\u0105 jeszcze serii, a lubi\u0105 powie\u015bci urban fantasy, te\u017c gor\u0105co zach\u0119cam do si\u0119gni\u0119cia po Wolne Miasto Rades. Dzieje si\u0119 du\u017co, jest zabawnie, niebezpiecznie i du\u017co w niej mitologii.<\/p>\n<p style=\"text-align: justify;\"><strong>Autor:<\/strong> Iga Wi\u015bniewska<br \/>\n<strong>Tytu\u0142:<\/strong> Uwik\u0142ana<br \/>\n<strong>Wydawnictwo:<\/strong> Lucky<br \/>\n<strong>Wydanie:<\/strong> I<br \/>\n<strong>Data wydania: <\/strong><span style=\"color: #000000;\">2018-11-27<\/span><br \/>\n<strong>Kategoria:<\/strong> urban fantasy<br \/>\n<strong>ISBN:<\/strong> 9788365351791<br \/>\n<strong>Liczba stron:<\/strong> 320<br \/>\n<strong>Ocena:<\/strong> 8\/10<\/p>\n<p style=\"text-align: center;\">Wolne Miasto Rades:<br \/>\n<a href=\"http:\/\/zapatrzonawksiazki.pl\/index.php\/2016\/07\/02\/przekleta-iga-wisniewska\/\">Przekl\u0119ta<\/a> | <a href=\"http:\/\/zapatrzonawksiazki.pl\/index.php\/2017\/09\/27\/przebudzona-iga-wisniewska\/\">Przebudzona<\/a> | <em>Uwik\u0142ana<\/em><\/p>\n","protected":false},"excerpt":{"rendered":"<p>Smutki nachodz\u0105 nas nie pojedynczo, jak przednie stra\u017ce, lecz zwartym szykiem, batalionami.* Cz\u0119sto wydaje si\u0119 nam, \u017ce nic nie zmieni raz podj\u0119tej przez nas decyzji. Jeste\u015bmy jej pewni i twardo si\u0119 jej trzymamy. Jednak nigdy nie mo\u017cna m\u00f3wi\u0107 nigdy, bo s\u0105 takie momenty, gdzie bez wzgl\u0119du na to, czy tego chcemy, czy nie, musimy zrobi\u0107 [&hellip;]<\/p>\n","protected":false},"author":2,"featured_media":3308,"comment_status":"open","ping_status":"open","sticky":false,"template":"","format":"standard","meta":[],"categories":[5,8,4],"tags":[20,27,28,17,29,30],"jetpack_featured_media_url":"https:\/\/zapatrzonawksiazki.pl\/wp-content\/uploads\/2018\/11\/uwiklana.jpg","_links":{"self":[{"href":"https:\/\/zapatrzonawksiazki.pl\/index.php\/wp-json\/wp\/v2\/posts\/3307"}],"collection":[{"href":"https:\/\/zapatrzonawksiazki.pl\/index.php\/wp-json\/wp\/v2\/posts"}],"about":[{"href":"https:\/\/zapatrzonawksiazki.pl\/index.php\/wp-json\/wp\/v2\/types\/post"}],"author":[{"embeddable":true,"href":"https:\/\/zapatrzonawksiazki.pl\/index.php\/wp-json\/wp\/v2\/users\/2"}],"replies":[{"embeddable":true,"href":"https:\/\/zapatrzonawksiazki.pl\/index.php\/wp-json\/wp\/v2\/comments?post=3307"}],"version-history":[{"count":6,"href":"https:\/\/zapatrzonawksiazki.pl\/index.php\/wp-json\/wp\/v2\/posts\/3307\/revisions"}],"predecessor-version":[{"id":3331,"href":"https:\/\/zapatrzonawksiazki.pl\/index.php\/wp-json\/wp\/v2\/posts\/3307\/revisions\/3331"}],"wp:featuredmedia":[{"embeddable":true,"href":"https:\/\/zapatrzonawksiazki.pl\/index.php\/wp-json\/wp\/v2\/media\/3308"}],"wp:attachment":[{"href":"https:\/\/zapatrzonawksiazki.pl\/index.php\/wp-json\/wp\/v2\/media?parent=3307"}],"wp:term":[{"taxonomy":"category","embeddable":true,"href":"https:\/\/zapatrzonawksiazki.pl\/index.php\/wp-json\/wp\/v2\/categories?post=3307"},{"taxonomy":"post_tag","embeddable":true,"href":"https:\/\/zapatrzonawksiazki.pl\/index.php\/wp-json\/wp\/v2\/tags?post=3307"}],"curies":[{"name":"wp","href":"https:\/\/api.w.org\/{rel}","templated":true}]}}