{"id":323,"date":"2015-10-22T20:36:00","date_gmt":"2015-10-22T20:36:00","guid":{"rendered":"http:\/\/zapatrzonawksiazki.pl\/index.php\/2015\/10\/22\/turkusowa-zima\/"},"modified":"2018-10-07T00:40:46","modified_gmt":"2018-10-07T00:40:46","slug":"turkusowa-zima","status":"publish","type":"post","link":"https:\/\/zapatrzonawksiazki.pl\/index.php\/2015\/10\/22\/turkusowa-zima\/","title":{"rendered":"Turkusowa zima"},"content":{"rendered":"<div class=\"MsoNormal\" style=\"mso-outline-level: 1; text-align: justify;\">\n<a href=\"http:\/\/4.bp.blogspot.com\/-vCLv1NtY_zQ\/VilHI07XT8I\/AAAAAAAALgg\/sUAKQHWBhpI\/s1600\/100_3297.JPG\" imageanchor=\"1\" style=\"margin-left: 1em; margin-right: 1em;\"><img decoding=\"async\" loading=\"lazy\" border=\"0\" height=\"480\" src=\"http:\/\/4.bp.blogspot.com\/-vCLv1NtY_zQ\/VilHI07XT8I\/AAAAAAAALgg\/sUAKQHWBhpI\/s640\/100_3297.JPG\" width=\"640\" \/><\/a><b>\u201eDopiero kiedy cz\u0142owiek<br \/>\nprze\u017cyje piek\u0142o, mo\u017ce doceni\u0107 pi\u0119kno nieba\u201d.<\/b> [1]<\/div>\n<div style=\"text-align: justify;\">\n<\/div>\n<div class=\"MsoNormal\" style=\"mso-outline-level: 1; text-align: justify;\">\nIle mo\u017cna wybaczy\u0107<br \/>\nukochanej osobie? Jak wielka mo\u017ce by\u0107 mi\u0142o\u015b\u0107 by przetrwa\u0142a oszustwa i ch\u0119\u0107<br \/>\nzabawy naszym kosztem? Czy mo\u017cliwe jest zapomnienie ca\u0142ego wyrz\u0105dzonego z\u0142a i<br \/>\ndanie drugiej szansy?<\/div>\n<div class=\"MsoNormal\" style=\"mso-outline-level: 1; text-align: justify;\">\n<\/div>\n<div class=\"MsoNormal\" style=\"mso-outline-level: 1; text-align: justify;\">\nEmely nie rozumie co si\u0119<br \/>\nsta\u0142o, Elyas kt\u00f3ry do tej pory nie potrafi\u0142 zostawi\u0107 jej w spokoju chocia\u017cby na<br \/>\njeden dzie\u0144, kt\u00f3ry prowokowa\u0142 j\u0105 do ci\u0119tych ripost w jego stron\u0119, wiecznych<br \/>\nsprzeczek i dwuznacznych sytuacji, kt\u00f3ry j\u0105 peszy\u0142 \u2013 zamilk\u0142. I to wtedy gdy po<br \/>\nwsp\u00f3lnie sp\u0119dzonym czasie ona si\u0119 prze\u0142ama\u0142a i chcia\u0142a\u2026 co\u015b zmieni\u0107. Cisza trwa<br \/>\nju\u017c dwa tygodnie, \u017cadnych sms-\u00f3w, nocnych telefon\u00f3w, naj\u015b\u0107. Czy\u017cby mia\u0142a racj\u0119<br \/>\ni chodzi\u0142o mu tylko o jedno i gdy ca\u0142y czas m\u00f3wi\u0142a nie w ko\u0144cu zrezygnowa\u0142 i<br \/>\nda\u0142 sobie z ni\u0105 spok\u00f3j? Co nim teraz kieruje i jak si\u0119 tego dowiedzie\u0107?<br \/>\nNajlepszym sposobem jest rozmowa, ale czasem trudniej jest co\u015b postanowi\u0107 ni\u017c<br \/>\nwykona\u0107\u2026<\/div>\n<div class=\"MsoNormal\" style=\"mso-outline-level: 1; text-align: justify;\">\n<\/div>\n<div class=\"MsoNormal\" style=\"mso-outline-level: 1; text-align: justify;\">\nPo tym jak mocno<br \/>\nzachwyci\u0142o mnie <i style=\"mso-bidi-font-style: normal;\">Lato koloru wi\u015bni <\/i>niecierpliwie wyczekiwa\u0142am kontynuacji los\u00f3<br \/>\nEmely i Elyasa. Nie mog\u0142am doczeka\u0107 si\u0119 drugiego tomu i tego co w nim zastan\u0119.<br \/>\nCzy moje oczekiwania i nadzieje zosta\u0142y spe\u0142nione czy mo\u017ce wr\u0119cz przeciwnie i<br \/>\nsi\u0119 tym razem rozczarowa\u0142am?<\/div>\n<div class=\"MsoNormal\" style=\"mso-outline-level: 1; text-align: justify;\">\n<\/div>\n<div class=\"MsoNormal\" style=\"mso-outline-level: 1; text-align: justify;\">\nCarina Bartsch pierwszym<br \/>\ntomem postawi\u0142a sobie poprzeczk\u0119 bardzo wysoko, ale ju\u017c teraz mog\u0119 stwierdzi\u0107,<br \/>\n\u017ce podo\u0142a\u0142a zadaniu i napisa\u0142a kontynuacj\u0119, kt\u00f3ra utrzymuje poziom swojej<br \/>\npoprzedniczki. Fabu\u0142a jest ciekawa i zajmuj\u0105ca, autorka zgrabnie prowadzi losy<br \/>\nbohater\u00f3w przez kolejne wydarzenia daj\u0105c im zazna\u0107 chwili s\u0142odyczy by potem<br \/>\nzrzuci\u0107 kolejn\u0105 bomb\u0119 po kt\u00f3rej nic ju\u017c nie jest takie oczywiste.<br \/>\n(Nie)zwyczajna historia mi\u0142osna, kt\u00f3ra pomimo braku wi\u0119kszych traumatycznych<br \/>\nprze\u017cy\u0107 rozpisana na oko\u0142o czterysta sze\u015b\u0107dziesi\u0105t stron nie nu\u017cy nawet przez<br \/>\nchwil\u0119. Dzieje si\u0119 bowiem w niej du\u017co, szybko i czasem wr\u0119cz zawile. Bartsch<br \/>\ndba o szczeg\u00f3\u0142owo\u015b\u0107, realizm, o humor znany z <i style=\"mso-bidi-font-style: normal;\">Lata koloru wi\u015bni <\/i>(mam jednak wra\u017cenie, \u017ce<br \/>\njest go troch\u0119 mniej, bo g\u00f3r\u0119 bior\u0105 tym razem inne emocje), o obrazowe opisy,<br \/>\nintryguj\u0105ce dialogi oraz przekaz uczu\u0107. Trafiaj\u0105cych do najg\u0142\u0119bszych zakamark\u00f3w<br \/>\nserca i pozwalaj\u0105cych wczu\u0107 si\u0119 w po\u0142o\u017cenie bohater\u00f3w.<\/div>\n<div class=\"MsoNormal\" style=\"mso-outline-level: 1; text-align: justify;\">\n<\/div>\n<div class=\"MsoNormal\" style=\"mso-outline-level: 1; text-align: justify;\">\nW pierwszym tomie Emely<br \/>\nzdoby\u0142a moje serce ci\u0119tym j\u0119zykiem, tym, \u017ce by\u0142a pyskata, stanowcza i nie<br \/>\ndawa\u0142a dmucha\u0107 sobie w kasz\u0119. To jak zawsze mia\u0142a gotow\u0105 odpowied\u017a na zaczepki<br \/>\nElyasa by\u0142o dla mnie cudowne. Teraz\u2026 pozna\u0142am inn\u0105 dziewczyn\u0119, niepewn\u0105,<br \/>\nzagubion\u0105, ponownie zranion\u0105 i staraj\u0105c\u0105 si\u0119 pozbiera\u0107. Na szcz\u0119\u015bcie tamta<br \/>\nEmely nie znikn\u0119\u0142a do ko\u0144ca i nie straci\u0142am do niej sympatii gdy momentami irytowa\u0142a<br \/>\nswoim post\u0119powaniem. Co do Elyasa, musz\u0119 przyzna\u0107, \u017ce okaza\u0142 si\u0119 zwyk\u0142ym<br \/>\nfacetem, kt\u00f3ry pope\u0142ni\u0142 straszny b\u0142\u0105d robi\u0105c co\u015b co w og\u00f3le nie powinno si\u0119<br \/>\nzdarzy\u0107 mimo konsekwencji ci\u0105gn\u0105\u0142 to, bo nie wiedzia\u0142 jak przerwa\u0107. Dobrze dla<br \/>\nniego, \u017ce zdawa\u0142 sobie z tego spraw\u0119 i \u017ca\u0142owa\u0142. Ka\u017cdy pope\u0142nia b\u0142\u0119dy jednak nie<br \/>\nwszyscy na ni\u0105 zas\u0142uguj\u0105. Jak by\u0142o w jego przypadku?<\/div>\n<div class=\"MsoNormal\" style=\"mso-outline-level: 1; text-align: justify;\">\n<\/div>\n<div class=\"MsoNormal\" style=\"mso-outline-level: 1; text-align: justify;\">\nZ ogromnymi wyrzutami<br \/>\nsumienia, bo inne pilniejsze tytu\u0142y czekaj\u0105 na przeczytanie po <i style=\"mso-bidi-font-style: normal;\">Zim\u0119 koloru<br \/>\nturkusu<\/i><br \/>\nsi\u0119gn\u0119\u0142am od razu po odebraniu z r\u0105k listonosza poniewa\u017c musia\u0142am dowiedzie\u0107<br \/>\nsi\u0119 co dalej. I przepad\u0142am od pierwszych stron, zapomnia\u0142am o up\u0142ywaj\u0105cym<br \/>\nczasie, nie zwraca\u0142am uwagi na to co wok\u00f3\u0142 mnie tylko da\u0142am si\u0119 poch\u0142on\u0105\u0107<br \/>\nhistorii. Z zapartym tchem obserwowa\u0142am co si\u0119 dzieje, wraz Emely prze\u017cywa\u0142am<br \/>\njej rado\u015bci, rozczarowanie i b\u00f3l. Bywa\u0142y momenty, \u017ce mia\u0142am ochot\u0119 ni\u0105<br \/>\npotrz\u0105sn\u0105\u0107, bo przecie\u017c wiedzia\u0142am wi\u0119cej, ale rozumia\u0142am jej pobudki i strach<br \/>\noraz \u017cal. Carina Bartach przekona\u0142a mnie do siebie tym, \u017ce z pozory czego\u015b<br \/>\nzwyk\u0142ego stworzy\u0142a opowie\u015b\u0107 o przeznaczeniu, przyja\u017ani, zaufaniu i o tym jak<br \/>\nistotna jest szczero\u015b\u0107. Ubra\u0142a to w zdania oraz uczucia i stworzy\u0142a<br \/>\nniesamowicie romantyczn\u0105 oraz dramatyczn\u0105 histori\u0119 dwojga ludzi. Mam nadziej\u0119,<br \/>\n\u017ce ta niemiecka pisarka co\u015b jeszcze napisze i zostanie to u nas wydane, bo<br \/>\nbardzo ch\u0119tnie poczyta\u0142abym co\u015b jeszcze jej autorstwa.<\/div>\n<div class=\"MsoNormal\" style=\"mso-outline-level: 1; text-align: justify;\">\n<\/div>\n<div class=\"MsoNormal\" style=\"mso-outline-level: 1; text-align: justify;\">\nJe\u015bli tylko podoba\u0142o wam<br \/>\nsi\u0119 <i style=\"mso-bidi-font-style: normal;\">Lato<br \/>\nkoloru wi\u015bni <\/i>i jeste\u015bcie ciekawi dalszych los\u00f3w bohater\u00f3w koniecznie si\u0119gnijcie po<br \/>\ndrugi tom duologii, gdzie nie zabraknie \u0142ez wzruszenia, \u015bmiechu, rozpaczy i<br \/>\ngoryczy. Moc uczu\u0107, niesamowite postacie, romantyczna opowie\u015b\u0107 mi\u0142osna opisana<br \/>\nlekkim, ale nie byle jakim j\u0119zykiem. Bartsch chwyta za serce i zapada w pami\u0119\u0107.<br \/>\nPolecam z ca\u0142ego serca.<\/div>\n<div class=\"MsoNormal\" style=\"mso-outline-level: 1; text-align: justify;\">\n<\/div>\n<div class=\"MsoNormal\" style=\"mso-outline-level: 1; text-align: justify;\">\n[1]Carina<br \/>\nBartach, <i style=\"mso-bidi-font-style: normal;\">Zima koloru turkusu<\/i><\/div>\n<div class=\"MsoNormal\" style=\"mso-outline-level: 1; text-align: justify;\">\n<a href=\"http:\/\/2.bp.blogspot.com\/-AuSfuNgiAFU\/VilHeDt4mlI\/AAAAAAAALgo\/wun02ajoXxY\/s1600\/duzeKa.jpg\" imageanchor=\"1\" style=\"clear: right; float: right; margin-bottom: 1em; margin-left: 1em;\"><img decoding=\"async\" loading=\"lazy\" border=\"0\" height=\"100\" src=\"http:\/\/2.bp.blogspot.com\/-AuSfuNgiAFU\/VilHeDt4mlI\/AAAAAAAALgo\/wun02ajoXxY\/s200\/duzeKa.jpg\" width=\"200\" \/><\/a><b>Autor: <\/b>Carina Bartsch<\/div>\n<div class=\"MsoNormal\" style=\"mso-outline-level: 1; text-align: justify;\">\n<b>Tytu\u0142: <\/b>Zima koloru turkusu<\/div>\n<div class=\"MsoNormal\" style=\"mso-outline-level: 1; text-align: justify;\">\n<b>Wydawnictwo: <\/b>Media Rodzina<\/div>\n<div class=\"MsoNormal\" style=\"mso-outline-level: 1; text-align: justify;\">\n<b>Data wydania: <\/b>2015-10-09<\/div>\n<div class=\"MsoNormal\" style=\"mso-outline-level: 1; text-align: justify;\">\n<b>Kategoria:<\/b> New Adlut<\/div>\n<div class=\"MsoNormal\" style=\"mso-outline-level: 1; text-align: justify;\">\n<b>ISBN: <\/b>9788380080805<\/div>\n<div class=\"MsoNormal\" style=\"mso-outline-level: 1; text-align: justify;\">\n<b>Liczba stron: <\/b>456<\/div>\n<div class=\"MsoNormal\">\n<b>Ocena:<br \/>\n<\/b>8\/10<\/div>\n<div class=\"MsoNormal\">\n<\/div>\n<div align=\"center\" class=\"MsoNormal\" style=\"mso-outline-level: 1; text-align: center;\">\n<u>Lato koloru<br \/>\nwi\u015bni:<\/u><\/div>\n<div align=\"center\" class=\"MsoNormal\" style=\"mso-outline-level: 1; text-align: center;\">\n<a href=\"http:\/\/zapatrzonawksiazki.blogspot.com\/2015\/09\/kto-sie-czubi-ten-sie-lubi.html\">Lato koloru wi\u015bni<\/a><br \/>\n| <i style=\"mso-bidi-font-style: normal;\">Zima<br \/>\nkoloru turkusu<\/i><\/div>\n<div class=\"MsoNormal\" style=\"mso-outline-level: 1; text-align: justify;\">\n<\/div>\n<div align=\"right\" class=\"MsoNormal\" style=\"mso-outline-level: 1; tab-stops: 27.0pt; text-align: right;\">\nWyzwania:<br \/>\n<a href=\"http:\/\/recenzjeami.blogspot.com\/2015\/01\/wyzwanie-czytelnicze-czytam-opase.html\">Czytam<br \/>\nOpas\u0142e Tomiska<\/a> <\/div>\n","protected":false},"excerpt":{"rendered":"<p>\u201eDopiero kiedy cz\u0142owiek prze\u017cyje piek\u0142o, mo\u017ce doceni\u0107 pi\u0119kno nieba\u201d. [1] Ile mo\u017cna wybaczy\u0107 ukochanej osobie? Jak wielka mo\u017ce by\u0107 mi\u0142o\u015b\u0107 by przetrwa\u0142a oszustwa i ch\u0119\u0107 zabawy naszym kosztem? Czy mo\u017cliwe jest zapomnienie ca\u0142ego wyrz\u0105dzonego z\u0142a i danie drugiej szansy? Emely nie rozumie co si\u0119 sta\u0142o, Elyas kt\u00f3ry do tej pory nie potrafi\u0142 zostawi\u0107 jej w [&hellip;]<\/p>\n","protected":false},"author":2,"featured_media":0,"comment_status":"open","ping_status":"open","sticky":false,"template":"","format":"standard","meta":[],"categories":[1,5,4],"tags":[20,365,325,61,14,149,15,79,366],"jetpack_featured_media_url":"","_links":{"self":[{"href":"https:\/\/zapatrzonawksiazki.pl\/index.php\/wp-json\/wp\/v2\/posts\/323"}],"collection":[{"href":"https:\/\/zapatrzonawksiazki.pl\/index.php\/wp-json\/wp\/v2\/posts"}],"about":[{"href":"https:\/\/zapatrzonawksiazki.pl\/index.php\/wp-json\/wp\/v2\/types\/post"}],"author":[{"embeddable":true,"href":"https:\/\/zapatrzonawksiazki.pl\/index.php\/wp-json\/wp\/v2\/users\/2"}],"replies":[{"embeddable":true,"href":"https:\/\/zapatrzonawksiazki.pl\/index.php\/wp-json\/wp\/v2\/comments?post=323"}],"version-history":[{"count":1,"href":"https:\/\/zapatrzonawksiazki.pl\/index.php\/wp-json\/wp\/v2\/posts\/323\/revisions"}],"predecessor-version":[{"id":1824,"href":"https:\/\/zapatrzonawksiazki.pl\/index.php\/wp-json\/wp\/v2\/posts\/323\/revisions\/1824"}],"wp:attachment":[{"href":"https:\/\/zapatrzonawksiazki.pl\/index.php\/wp-json\/wp\/v2\/media?parent=323"}],"wp:term":[{"taxonomy":"category","embeddable":true,"href":"https:\/\/zapatrzonawksiazki.pl\/index.php\/wp-json\/wp\/v2\/categories?post=323"},{"taxonomy":"post_tag","embeddable":true,"href":"https:\/\/zapatrzonawksiazki.pl\/index.php\/wp-json\/wp\/v2\/tags?post=323"}],"curies":[{"name":"wp","href":"https:\/\/api.w.org\/{rel}","templated":true}]}}