{"id":3155,"date":"2018-10-16T19:37:36","date_gmt":"2018-10-16T19:37:36","guid":{"rendered":"http:\/\/zapatrzonawksiazki.pl\/?p=3155"},"modified":"2018-10-20T06:18:56","modified_gmt":"2018-10-20T06:18:56","slug":"przedpremierowo-jeden-blad-anna-szafranska","status":"publish","type":"post","link":"https:\/\/zapatrzonawksiazki.pl\/index.php\/2018\/10\/16\/przedpremierowo-jeden-blad-anna-szafranska\/","title":{"rendered":"[Przedpremierowo] &#8220;Jeden b\u0142\u0105d&#8221; Anna Szafra\u0144ska"},"content":{"rendered":"<blockquote>\n<p style=\"text-align: justify;\">Prawdziwa mi\u0142o\u015b\u0107 nigdy nie jest b\u0142\u0119dem.<\/p>\n<\/blockquote>\n<p style=\"text-align: justify;\"><img decoding=\"async\" loading=\"lazy\" class=\"size-medium wp-image-3164 alignleft\" src=\"http:\/\/zapatrzonawksiazki.pl\/wp-content\/uploads\/2018\/10\/jeden-blad-b-iext53252075-188x300.jpg\" alt=\"\" width=\"188\" height=\"300\" srcset=\"https:\/\/zapatrzonawksiazki.pl\/wp-content\/uploads\/2018\/10\/jeden-blad-b-iext53252075-188x300.jpg 188w, https:\/\/zapatrzonawksiazki.pl\/wp-content\/uploads\/2018\/10\/jeden-blad-b-iext53252075.jpg 500w\" sizes=\"(max-width: 188px) 100vw, 188px\" \/>Zazwyczaj, kiedy widzimy, \u017ce kto\u015b, kogo znamy i jest nam bliski. ma k\u0142opoty, to robimy wszystko, by mu pom\u00f3c. Chcemy go wspiera\u0107 i przy nim by\u0107. Tylko co, gdy kto\u015b tego nie chce? Gdy jasno m\u00f3wi, \u017ce mamy da\u0107 spok\u00f3j, \u017ce jest dobrze, a to, co widzimy, jest tylko niefortunnym zbiegiem sytuacji. Odpu\u015bci\u0107 czy by\u0107 wytrwa\u0142ym, bez wzgl\u0119du na wszystko? Czy jeste\u015bmy w stanie ponie\u015b\u0107 konsekwencje swoich decyzji?<\/p>\n<p style=\"text-align: justify;\">Mog\u0142oby si\u0119 wydawa\u0107, \u017ce Dominice niczego nie brakuje do szcz\u0119\u015bcia. Sko\u0144czy\u0142a studia, ma mo\u017cliwo\u015b\u0107 rozpocz\u0119cia pracy w szkole, jest zar\u0119czona z Oliwierem, kt\u00f3ry mo\u017ce zosta\u0107 wsp\u00f3lnikiem jej ojca, a data ich \u015blubu zbli\u017ca si\u0119 coraz szybciej. Idealny obrazek, prawda? Tylko je\u015bli dobrze si\u0119 przyjrze\u0107, to na tym nieskazitelnym szkle wida\u0107 coraz wi\u0119ksze rysy. Narzeczonemu nie podoba si\u0119, \u017ce Dominika b\u0119dzie pracowa\u0107, do tego frustracje i z\u0142o\u015b\u0107 wy\u0142adowuje na niej. Niby przeprasza i t\u0142umaczy to stresem w pracy, ale czy to pow\u00f3d, by gn\u0119bi\u0107 ukochan\u0105 osob\u0119? Z dnia na dzie\u0144 jest coraz gorzej, a sytuacji nie polepsza fakt, \u017ce Dominika anga\u017cuje si\u0119 bardziej ni\u017c powinna w sytuacj\u0119 jednego ze swoich uczni\u00f3w. Jaki b\u0119dzie fina\u0142 tej historii?<\/p>\n<p style=\"text-align: justify;\">Dot\u0105d przeczyta\u0142am dwie ksi\u0105\u017cki Anny Szafra\u0144skiej, ale wiem, \u017ce ta autorka nigdy nie idzie prost\u0105 drog\u0105, tylko pl\u0105cze losy bohater\u00f3w, jak tylko mo\u017ce, przy czym nie odbiera realno\u015bci ca\u0142ej historii. Zaczynaj\u0105c <em>Jeden b\u0142\u0105d<\/em> wydawa\u0142o mi si\u0119, \u017ce wiem, czego mog\u0119 si\u0119 spodziewa\u0107, ale chyba nic nie przygotowa\u0142oby mnie na to, co autorka stworzy\u0142a.<\/p>\n<p style=\"text-align: justify;\">Pocz\u0105tkowo mo\u017ce si\u0119 wydawa\u0107, \u017ce to b\u0119dzie bardzo dobrze napisana obyczaj\u00f3wka, kt\u00f3ra przyci\u0105ga \u015bwietnym stylem, lekko\u015bci\u0105 oraz zawartymi na ka\u017cdej stronie emocjami, ale to nic w por\u00f3wnaniu z tym, co dzieje si\u0119 dalej. Bo musicie wiedzie\u0107, \u017ce Anna Szafra\u0144ska ponownie sprawi\u0142a, \u017ce nie wiem co mam my\u015ble\u0107 i czu\u0107. Gdzie widzie\u0107 z\u0142o, a gdzie dobro, jak ocenia\u0107 bohater\u00f3w i ich czyny, zatar\u0142a wszystkie granice i rzuci\u0142a mnie w ten wir wydarze\u0144, a ja miota\u0142am si\u0119, jak li\u015b\u0107 na wietrze pr\u00f3buj\u0105c uporz\u0105dkowa\u0107 swoje my\u015bli i to, co w sercu. <em>Jeden b\u0142\u0105d<\/em> jest pe\u0142en kontrast\u00f3w, smutnych, bolesnych i trudnych moment\u00f3w. Jest jak prawdziwe \u017cycie, kt\u00f3rego nie da si\u0119 zaplanowa\u0107. Ono zaskakuje, cz\u0119sto do\u015bwiadcza bardzo bole\u015bnie i popycha do czyn\u00f3w, kt\u00f3rych nie chcemy pope\u0142nia\u0107, ale nie mamy wyboru. Daje te\u017c promyki szcz\u0119\u015bcia i nadziei, uczy wybaczania i walki o siebie.<\/p>\n<p style=\"text-align: justify;\">Kolejnym plusem powie\u015bci s\u0105 postacie. Ich rys psychologiczny jest naprawd\u0119 \u015bwietny. Ka\u017cda jest realna i ma w sobie to co\u015b, co sprawia, i\u017c ma si\u0119 wra\u017cenie, \u017ce mo\u017cna je spotka\u0107 na naszej drodze. Z wadami i zaletami, pope\u0142niaj\u0105cy b\u0142\u0119dy i ucz\u0105cy si\u0119 na nich, diametralnie r\u00f3\u017cni. Co najlepsze, mo\u017ce si\u0119 wydawa\u0107, \u017ce \u0142atwo rozszyfrowa\u0107 danego bohatera, ale szybko okazuje si\u0119, \u017ce to tylko pozory. Mo\u017cna ich oceni\u0107, ale w ko\u0144cu robi\u0105 co\u015b takiego, \u017ce nawet je\u015bli niech\u0119tnie, to i tak zmieniasz o nich zdanie. Potrafi\u0105 namiesza\u0107 w g\u0142owie.<\/p>\n<p style=\"text-align: justify;\"><em>Jeden b\u0142\u0105d<\/em> przeczyta\u0142am b\u0142yskawicznie, ale pozostanie w moim sercu na bardzo d\u0142ugo. Ta historia poch\u0142ania od pierwszych stron i trzyma w napi\u0119ciu do samego ko\u0144ca. Nie jestem w stanie wyrazi\u0107 s\u0142owami, jak bardzo mi si\u0119 podoba\u0142a i ile wra\u017ce\u0144 mi dostarczy\u0142a. Wraz z bohaterami prze\u017cywa\u0142am ka\u017cdy moment i im kibicowa\u0142am. Nie by\u0142o to \u0142atwe ani proste, niemniej nie \u017ca\u0142uj\u0119 ani jednej chwili po\u015bwi\u0119conej temu tytu\u0142owi. Anna Szafra\u0144ska napisa\u0142a powie\u015b\u0107, kt\u00f3ra zwala z n\u00f3g, zapada w serce i umys\u0142, sk\u0142ania do refleksji i sprawia, \u017ce, nie liczy si\u0119 nic pr\u00f3cz tej historii. To najlepsza i najbardziej skomplikowana ksi\u0105\u017cka autorki, zdecydowanie pere\u0142ka tego roku.<\/p>\n<p style=\"text-align: justify;\">Przejmuj\u0105ca historia mi\u0142o\u015bci, kt\u00f3ra nie powinna si\u0119 wydarzy\u0107. \u017bycie pisze jednak r\u00f3\u017cne scenariusze i stawia na jednej drodze kobiet\u0119, kt\u00f3ra przesz\u0142a piek\u0142o i ch\u0142opaka stawiaj\u0105cego dobro rodziny ponad swoje. Od tej chwili zaczyna si\u0119 walka serca z rozumem. Niestety wszystko przemawia przeciwko ich zwi\u0105zkowi, tylko czy mo\u017cna uciec od mi\u0142o\u015bci? Czy prawdziwa mi\u0142o\u015b\u0107 mo\u017ce by\u0107 b\u0142\u0119dem? <strong>Ta historia \u0142amie serce i je leczy, zanim si\u0119 za ni\u0105 zabierzecie, wygospodarujcie sobie du\u017co wolnego czasu, gwarantuje, \u017ce nie od\u0142o\u017cycie ksi\u0105\u017cki przed jej zako\u0144czeniem.<\/strong><\/p>\n<p style=\"text-align: justify;\"><strong>Autor:<\/strong> Anna Szafra\u0144ska<br \/>\n<strong>Tytu\u0142:<\/strong> Jeden b\u0142\u0105d<br \/>\n<strong>Wydawnictwo:<\/strong> Novae Res<br \/>\n<strong>Wydanie:<\/strong> I<br \/>\n<strong>Data wydania: <span style=\"color: #ff0000;\">2018-11-14<\/span><\/strong><br \/>\n<strong>Kategoria:<\/strong> obyczajowa<br \/>\n<strong>ISBN:<\/strong> 9788381471411<br \/>\n<strong>Liczba stron:<\/strong> 496<br \/>\n<strong>Ocena:<\/strong> 8\/10<\/p>\n","protected":false},"excerpt":{"rendered":"<p>Prawdziwa mi\u0142o\u015b\u0107 nigdy nie jest b\u0142\u0119dem. Zazwyczaj, kiedy widzimy, \u017ce kto\u015b, kogo znamy i jest nam bliski. ma k\u0142opoty, to robimy wszystko, by mu pom\u00f3c. Chcemy go wspiera\u0107 i przy nim by\u0107. Tylko co, gdy kto\u015b tego nie chce? Gdy jasno m\u00f3wi, \u017ce mamy da\u0107 spok\u00f3j, \u017ce jest dobrze, a to, co widzimy, jest tylko [&hellip;]<\/p>\n","protected":false},"author":2,"featured_media":3165,"comment_status":"open","ping_status":"open","sticky":false,"template":"","format":"standard","meta":[],"categories":[5,1397,4],"tags":[20,64,88,42,17],"jetpack_featured_media_url":"https:\/\/zapatrzonawksiazki.pl\/wp-content\/uploads\/2018\/10\/jedenblad.jpg","_links":{"self":[{"href":"https:\/\/zapatrzonawksiazki.pl\/index.php\/wp-json\/wp\/v2\/posts\/3155"}],"collection":[{"href":"https:\/\/zapatrzonawksiazki.pl\/index.php\/wp-json\/wp\/v2\/posts"}],"about":[{"href":"https:\/\/zapatrzonawksiazki.pl\/index.php\/wp-json\/wp\/v2\/types\/post"}],"author":[{"embeddable":true,"href":"https:\/\/zapatrzonawksiazki.pl\/index.php\/wp-json\/wp\/v2\/users\/2"}],"replies":[{"embeddable":true,"href":"https:\/\/zapatrzonawksiazki.pl\/index.php\/wp-json\/wp\/v2\/comments?post=3155"}],"version-history":[{"count":2,"href":"https:\/\/zapatrzonawksiazki.pl\/index.php\/wp-json\/wp\/v2\/posts\/3155\/revisions"}],"predecessor-version":[{"id":3167,"href":"https:\/\/zapatrzonawksiazki.pl\/index.php\/wp-json\/wp\/v2\/posts\/3155\/revisions\/3167"}],"wp:featuredmedia":[{"embeddable":true,"href":"https:\/\/zapatrzonawksiazki.pl\/index.php\/wp-json\/wp\/v2\/media\/3165"}],"wp:attachment":[{"href":"https:\/\/zapatrzonawksiazki.pl\/index.php\/wp-json\/wp\/v2\/media?parent=3155"}],"wp:term":[{"taxonomy":"category","embeddable":true,"href":"https:\/\/zapatrzonawksiazki.pl\/index.php\/wp-json\/wp\/v2\/categories?post=3155"},{"taxonomy":"post_tag","embeddable":true,"href":"https:\/\/zapatrzonawksiazki.pl\/index.php\/wp-json\/wp\/v2\/tags?post=3155"}],"curies":[{"name":"wp","href":"https:\/\/api.w.org\/{rel}","templated":true}]}}