{"id":195,"date":"2016-07-28T07:53:00","date_gmt":"2016-07-28T07:53:00","guid":{"rendered":"http:\/\/zapatrzonawksiazki.pl\/index.php\/2016\/07\/28\/zapowiedz-marianna-magdalena-wala\/"},"modified":"2019-01-05T23:08:28","modified_gmt":"2019-01-05T22:08:28","slug":"marianna-magdaleny-wali","status":"publish","type":"post","link":"https:\/\/zapatrzonawksiazki.pl\/index.php\/2016\/07\/28\/marianna-magdaleny-wali\/","title":{"rendered":"[Zapowied\u017a patronacka]: Marianna Magdaleny Wali"},"content":{"rendered":"<div class=\"separator\" style=\"clear: both; text-align: center;\"><\/div>\n<p><span style=\"text-align: justify;\">Zaszala\u0142am i pokusi\u0142am si\u0119 o obj\u0119cie patronatem medialnym pewn\u0105 ksi\u0105\u017ck\u0119, kt\u00f3ra swoj\u0105 premier\u0119 ma ju\u017c za nieca\u0142y tydzie\u0144. \ud83d\ude09<\/span><\/p>\n<div style=\"text-align: justify;\"><\/div>\n<div style=\"text-align: center;\">Marianna Magdaleny Wali<\/div>\n<div style=\"text-align: center;\"><strong><span style=\"color: #ff0000;\">PREMIERA: 03.08.2016<\/span><\/strong><\/div>\n<div style=\"text-align: center;\"><\/div>\n<div style=\"text-align: center;\"><em>Co zrobi\u0107, gdy graj\u0105 werble, m\u0142oda krew wre, a zapale\u0144cy gotuj\u0105 si\u0119 do walki?<\/em><em>Podczas gdy wszystkie zwyczajne kobiety przygotowywa\u0142y swoich m\u0119\u017c\u00f3w i syn\u00f3w do powstania listopadowego, Marianna, nadzwyczaj charyzmatyczna i odwa\u017cna,\u00a0 postanowi\u0142a, \u017ce zamieni koronki na mundur i sama wyruszy na bitw\u0119.\u00a0 Nie by\u0142o takiej si\u0142y, kt\u00f3ra mog\u0142aby zatrzyma\u0107 m\u0142od\u0105 dziewczyn\u0119. Gdy jednak\u00a0 b\u00f3j nic nie da\u0142, a rodzinie grozi konfiskata d\u00f3br czy nawet przy\u015bpieszony wyjazd na Sybir, trzeba po\u015bwi\u0119ci\u0107 si\u0119 po raz kolejny.<\/em><\/p>\n<p><em>Marianna nie ma wyboru \u2013 jak najszybciej musi wyj\u015b\u0107 za m\u0105\u017c. Upatrzony kandydat w zasadzie ma wszystko \u2013 jest bogaty, m\u0142ody, utytu\u0142owany i \u2013 co najwa\u017cniejsze \u2013 rozpaczliwie poszukuje \u017cony. No w\u0142a\u015bnie\u2026 Nie zbyt pi\u0119kne, aby by\u0142o prawdziwe?<\/em><\/p>\n<p><em>Przed m\u0142od\u0105 dziewczyn\u0105 wiele wyzwa\u0144. B\u0119dzie musia\u0142a odnale\u017a\u0107 si\u0119 w \u015bwiecie salonowych spisk\u00f3w i nie ulec grze pozor\u00f3w\u2026<\/em><\/p>\n<p><em>XIX-wieczny \u015bwiat intryg i ba\u015bniowej mi\u0142o\u015bci.\u00a0<\/em><\/p>\n<\/div>\n<div style=\"text-align: center;\"><\/div>\n<div style=\"text-align: center;\"><b>Czy dasz si\u0119 do niego wci\u0105gn\u0105\u0107?<\/b><\/div>\n<div style=\"text-align: center;\"><\/div>\n<div style=\"text-align: center;\">***<\/div>\n<div style=\"text-align: justify;\"><\/div>\n<div style=\"text-align: center;\">Ju\u017c nied\u0142ugo recenzja oraz konkursy! \ud83d\ude09<\/div>\n","protected":false},"excerpt":{"rendered":"<p>Zaszala\u0142am i pokusi\u0142am si\u0119 o obj\u0119cie patronatem medialnym pewn\u0105 ksi\u0105\u017ck\u0119, kt\u00f3ra swoj\u0105 premier\u0119 ma ju\u017c za nieca\u0142y tydzie\u0144. \ud83d\ude09 Marianna Magdaleny Wali PREMIERA: 03.08.2016 Co zrobi\u0107, gdy graj\u0105 werble, m\u0142oda krew wre, a zapale\u0144cy gotuj\u0105 si\u0119 do walki?Podczas gdy wszystkie zwyczajne kobiety przygotowywa\u0142y swoich m\u0119\u017c\u00f3w i syn\u00f3w do powstania listopadowego, Marianna, nadzwyczaj charyzmatyczna i odwa\u017cna,\u00a0 [&hellip;]<\/p>\n","protected":false},"author":2,"featured_media":3562,"comment_status":"open","ping_status":"open","sticky":false,"template":"","format":"standard","meta":[],"categories":[1433],"tags":[26],"jetpack_featured_media_url":"https:\/\/zapatrzonawksiazki.pl\/wp-content\/uploads\/2016\/07\/mariannazapowiedz.jpg","_links":{"self":[{"href":"https:\/\/zapatrzonawksiazki.pl\/index.php\/wp-json\/wp\/v2\/posts\/195"}],"collection":[{"href":"https:\/\/zapatrzonawksiazki.pl\/index.php\/wp-json\/wp\/v2\/posts"}],"about":[{"href":"https:\/\/zapatrzonawksiazki.pl\/index.php\/wp-json\/wp\/v2\/types\/post"}],"author":[{"embeddable":true,"href":"https:\/\/zapatrzonawksiazki.pl\/index.php\/wp-json\/wp\/v2\/users\/2"}],"replies":[{"embeddable":true,"href":"https:\/\/zapatrzonawksiazki.pl\/index.php\/wp-json\/wp\/v2\/comments?post=195"}],"version-history":[{"count":3,"href":"https:\/\/zapatrzonawksiazki.pl\/index.php\/wp-json\/wp\/v2\/posts\/195\/revisions"}],"predecessor-version":[{"id":3563,"href":"https:\/\/zapatrzonawksiazki.pl\/index.php\/wp-json\/wp\/v2\/posts\/195\/revisions\/3563"}],"wp:featuredmedia":[{"embeddable":true,"href":"https:\/\/zapatrzonawksiazki.pl\/index.php\/wp-json\/wp\/v2\/media\/3562"}],"wp:attachment":[{"href":"https:\/\/zapatrzonawksiazki.pl\/index.php\/wp-json\/wp\/v2\/media?parent=195"}],"wp:term":[{"taxonomy":"category","embeddable":true,"href":"https:\/\/zapatrzonawksiazki.pl\/index.php\/wp-json\/wp\/v2\/categories?post=195"},{"taxonomy":"post_tag","embeddable":true,"href":"https:\/\/zapatrzonawksiazki.pl\/index.php\/wp-json\/wp\/v2\/tags?post=195"}],"curies":[{"name":"wp","href":"https:\/\/api.w.org\/{rel}","templated":true}]}}