{"id":1454,"date":"2010-12-15T11:32:00","date_gmt":"2010-12-15T11:32:00","guid":{"rendered":"http:\/\/zapatrzonawksiazki.pl\/index.php\/2010\/12\/15\/drogi-osamo-chris-cleave\/"},"modified":"2018-10-07T00:36:42","modified_gmt":"2018-10-07T00:36:42","slug":"drogi-osamo-chris-cleave","status":"publish","type":"post","link":"https:\/\/zapatrzonawksiazki.pl\/index.php\/2010\/12\/15\/drogi-osamo-chris-cleave\/","title":{"rendered":"Drogi Osamo \u2013 Chris Cleave"},"content":{"rendered":"<div class=\"separator\" style=\"clear: both; text-align: center;\">\n<\/div>\n<div class=\"separator\" style=\"clear: both; text-align: center;\">\n<a href=\"http:\/\/3.bp.blogspot.com\/-1cPUkIJ2TMA\/VZBZinwRvQI\/AAAAAAAAK5M\/oFJ6muXXzEY\/s1600\/osamo.jpg\" imageanchor=\"1\" style=\"margin-left: 1em; margin-right: 1em;\"><img decoding=\"async\" loading=\"lazy\" border=\"0\" height=\"362\" src=\"http:\/\/3.bp.blogspot.com\/-1cPUkIJ2TMA\/VZBZinwRvQI\/AAAAAAAAK5M\/oFJ6muXXzEY\/s640\/osamo.jpg\" width=\"640\" \/><\/a><\/div>\n<div class=\"MsoNormal\" style=\"text-align: justify;\">\nPrzyznam, \u017ce pocz\u0105tkowo sceptycznie podchodzi\u0142am do tej ksi\u0105\u017cki. My\u015bla\u0142am, \u017ce&nbsp; to b\u0119dzie kolejna ksi\u0105\u017cka opowiadaj\u0105ca tylko o terrorze. Jednak jak bardzo moja opinia by\u0142a mylna przekona\u0142am si\u0119 bardzo szybko. Ksi\u0105\u017cka, owszem m\u00f3wi o terrorze, ale i opisuje co czuje cz\u0142owiek po stracie najbli\u017cszych. Opisuje ofiary terroru.<\/div>\n<div class=\"MsoNormal\" style=\"text-align: justify;\">\n<\/div>\n<div class=\"MsoNormal\" style=\"text-align: justify;\">\nM\u0142oda matka traci m\u0119\u017ca i 4 letniego synka na stadionie Arsenalu podczas zamachu terrorystycznego. Po jakim\u015b czasie od zamachu bierze d\u0142ugopis, kartk\u0119 i zaczyna pisa\u0107\u2026 Pisze list do Osamy bin Lagena. Prosi, a mo\u017cna i powiedzie\u0107, \u017ce b\u0142aga by przesta\u0142, by przerwa\u0142 te okrucie\u0144stwo. Nie m\u00f3wi tego w Prost tylko mi\u0119dzy wierszami opisuj\u0105cymi jej \u017cycie po utracie najbli\u017cszych. <\/div>\n<div class=\"MsoNormal\" style=\"text-align: justify;\">\n<\/div>\n<div class=\"MsoNormal\" style=\"text-align: justify;\">\nWiecie jak to jest str\u0105ci\u0107 m\u0119\u017ca i dziecko w taki spos\u00f3b? Ba w og\u00f3le str\u0105ci\u0107 w ci\u0105gu jednej chwili. Bo ja nie i szczerze m\u00f3wi\u0105c nie chce tego wiedzie\u0107. Mog\u0119 jedynie si\u0119 domy\u015ble\u0107 jak pusty cz\u0142owiek si\u0119 czuje po utracie tego co dla niego najwa\u017cniejsze. Jak musi nauczy\u0107 si\u0119 \u017cy\u0107 na nowo w otoczeniu, kt\u00f3re w ka\u017cdej chwili przypomina o synku. Gdy ka\u017cdy patrzy tylko na siebie. Co czuje gdy nagle dowiaduje si\u0119, \u017ce w\u0142adza wiedzia\u0142a o zamachu i nic nie zrobi\u0142a\u2026 No bo co jest warte \u017cycie tysi\u0105ca os\u00f3b prawda? Przecie\u017c to tylko n\u0119dzne istoty\u2026<\/div>\n<div class=\"MsoNormal\" style=\"text-align: justify;\">\n<\/div>\n<div class=\"MsoNormal\" style=\"text-align: justify;\">\nM\u0142oda kobieta poprzez \u0142zy rado\u015bci lub smutku, rozpaczy, a mo\u017ce i szale\u0144stwa (bo czy nie mo\u017cna oszale\u0107 w takiej sytuacji?) opisuje to wszystko Osamie\u2026<\/div>\n<div class=\"MsoNormal\" style=\"text-align: justify;\">\n<\/div>\n<div class=\"MsoNormal\" style=\"text-align: justify;\">\nKsi\u0105\u017cka porusza i daje do my\u015blenia&#8230;<\/div>\n<div class=\"MsoNormal\">\n<\/div>\n<div class=\"MsoNormal\">\n<\/div>\n","protected":false},"excerpt":{"rendered":"<p>Przyznam, \u017ce pocz\u0105tkowo sceptycznie podchodzi\u0142am do tej ksi\u0105\u017cki. My\u015bla\u0142am, \u017ce&nbsp; to b\u0119dzie kolejna ksi\u0105\u017cka opowiadaj\u0105ca tylko o terrorze. Jednak jak bardzo moja opinia by\u0142a mylna przekona\u0142am si\u0119 bardzo szybko. Ksi\u0105\u017cka, owszem m\u00f3wi o terrorze, ale i opisuje co czuje cz\u0142owiek po stracie najbli\u017cszych. Opisuje ofiary terroru. M\u0142oda matka traci m\u0119\u017ca i 4 letniego synka na [&hellip;]<\/p>\n","protected":false},"author":2,"featured_media":0,"comment_status":"open","ping_status":"open","sticky":false,"template":"","format":"standard","meta":[],"categories":[1],"tags":[11,1371,1116,14],"jetpack_featured_media_url":"","_links":{"self":[{"href":"https:\/\/zapatrzonawksiazki.pl\/index.php\/wp-json\/wp\/v2\/posts\/1454"}],"collection":[{"href":"https:\/\/zapatrzonawksiazki.pl\/index.php\/wp-json\/wp\/v2\/posts"}],"about":[{"href":"https:\/\/zapatrzonawksiazki.pl\/index.php\/wp-json\/wp\/v2\/types\/post"}],"author":[{"embeddable":true,"href":"https:\/\/zapatrzonawksiazki.pl\/index.php\/wp-json\/wp\/v2\/users\/2"}],"replies":[{"embeddable":true,"href":"https:\/\/zapatrzonawksiazki.pl\/index.php\/wp-json\/wp\/v2\/comments?post=1454"}],"version-history":[{"count":1,"href":"https:\/\/zapatrzonawksiazki.pl\/index.php\/wp-json\/wp\/v2\/posts\/1454\/revisions"}],"predecessor-version":[{"id":2955,"href":"https:\/\/zapatrzonawksiazki.pl\/index.php\/wp-json\/wp\/v2\/posts\/1454\/revisions\/2955"}],"wp:attachment":[{"href":"https:\/\/zapatrzonawksiazki.pl\/index.php\/wp-json\/wp\/v2\/media?parent=1454"}],"wp:term":[{"taxonomy":"category","embeddable":true,"href":"https:\/\/zapatrzonawksiazki.pl\/index.php\/wp-json\/wp\/v2\/categories?post=1454"},{"taxonomy":"post_tag","embeddable":true,"href":"https:\/\/zapatrzonawksiazki.pl\/index.php\/wp-json\/wp\/v2\/tags?post=1454"}],"curies":[{"name":"wp","href":"https:\/\/api.w.org\/{rel}","templated":true}]}}