{"id":1450,"date":"2010-12-20T12:43:00","date_gmt":"2010-12-20T12:43:00","guid":{"rendered":"http:\/\/zapatrzonawksiazki.pl\/index.php\/2010\/12\/20\/ominac-swieta-john-grisha\/"},"modified":"2018-10-07T00:36:41","modified_gmt":"2018-10-07T00:36:41","slug":"ominac-swieta-john-grisha","status":"publish","type":"post","link":"https:\/\/zapatrzonawksiazki.pl\/index.php\/2010\/12\/20\/ominac-swieta-john-grisha\/","title":{"rendered":"Omin\u0105\u0107 \u015bwi\u0119ta- John Grisham"},"content":{"rendered":"<div class=\"separator\" style=\"border: medium none; clear: both; text-align: center;\">\n<\/div>\n<div class=\"MsoNormal\" style=\"border: medium none; margin: 0cm 0cm 0pt; text-align: justify;\">\n<div class=\"separator\" style=\"clear: both; text-align: center;\">\n<a href=\"http:\/\/3.bp.blogspot.com\/-9E-yxDXZuDM\/VZBeMq1ir3I\/AAAAAAAAK5s\/0A4m6W5W6R8\/s1600\/swieta.jpg\" imageanchor=\"1\" style=\"margin-left: 1em; margin-right: 1em;\"><img decoding=\"async\" loading=\"lazy\" border=\"0\" height=\"362\" src=\"http:\/\/3.bp.blogspot.com\/-9E-yxDXZuDM\/VZBeMq1ir3I\/AAAAAAAAK5s\/0A4m6W5W6R8\/s640\/swieta.jpg\" width=\"640\" \/><\/a><\/div>\n<p>Pr\u00f3bowali\u015bcie kiedy\u015b omin\u0105\u0107 \u015bwi\u0119ta? Prze\u017cy\u0107 te 3&nbsp; dni jak normalne lub gdzie\u015b wyjecha\u0107? Nie? No c\u00f3\u017c ja te\u017c nie. Ale przedstawiam Wam Pa\u0144stwo Krank. Ma\u0142\u017ce\u0144stwo, kt\u00f3re pr\u00f3bowa\u0142o tego dokona\u0107. Jednak czy im si\u0119 uda\u0142o.<\/p><\/div>\n<div class=\"MsoNormal\" style=\"border: medium none; margin: 0cm 0cm 0pt; text-align: justify;\">\n<\/div>\n<div class=\"MsoNormal\" style=\"border: medium none; margin: 0cm 0cm 0pt; text-align: justify;\">\nLuter i Nora po wyje\u017adzie swojej c\u00f3rki \u2013 Blair kt\u00f3ra wyje\u017cd\u017ca do Peru by dzia\u0142a\u0107 w Korpusie Pokoju nie potrafi\u0105 si\u0119 cieszy\u0107 z nadchodz\u0105cych \u015bwi\u0105t. Pan Krank oblicza ile wydali poprzedniego roku na \u015bwi\u0119ta i jest przera\u017cony. Wpada na cudowny pomys\u0142 wyjazdu na Karaiby. Widzi same plusy- zaoszcz\u0119dz\u0105, wypoczn\u0105 i co najwa\u017cniejsze omin\u0105 \u015bwi\u0119ta\u2026 <\/div>\n<div class=\"MsoNormal\" style=\"margin: 0cm 0cm 0pt; text-align: justify;\">\n<\/div>\n<div class=\"MsoNormal\" style=\"margin: 0cm 0cm 0pt; text-align: justify;\">\nLecz czy tak si\u0119 da? Czy mog\u0105 nie kupi\u0107 choinki od skaut\u00f3w, nie wystawi\u0107 \u015aniegurka i nie przystroi\u0107 podw\u00f3rka lub nie wyprawi\u0107 balu bo\u017conarodzeniowego? Jak mo\u017cna nie zje\u015b\u0107 indyka lub nie wys\u0142a\u0107 \u015bwi\u0105tecznych kartek? Luter my\u015bla\u0142, \u017ce mo\u017cna i d\u0105\u017cy\u0142 do tego. Nie zwraca\u0142 uwagi na protesty s\u0105siad\u00f3w, na kpiny czy zaczepki. Uwa\u017ca\u0142, \u017ce post\u0119puje s\u0142usznie\u2026 No bo czy to s\u0105 ostatnie \u015bwi\u0119ta? Za rok wr\u00f3c\u0105 do tradycji\u2026 Jednak jak bardzo jeden telefon mo\u017ce zmieni\u0107 plany\u2026 Czy jednak odb\u0119d\u0105 si\u0119 \u015bwi\u0119ta u Pa\u0144stwa Krank? Przekonajcie si\u0119 sami\u2026<\/div>\n<div class=\"MsoNormal\" style=\"margin: 0cm 0cm 0pt; text-align: justify;\">\n<\/div>\n<div class=\"MsoNormal\" style=\"margin: 0cm 0cm 0pt;\">\n<div style=\"text-align: justify;\">\nKsi\u0105\u017cka pe\u0142na humoru, zabawnych sytuacji i przede wszystkim m\u00f3wi\u0105ca o magii \u015bwi\u0105t. Mimo ci\u0105g\u0142ego zabiegania, awantur, zakup\u00f3w w po\u015bpiechu gdy pierwsza gwiazdka si\u0119 pojawia i jeste\u015bmy gronie najbli\u017cszych to jeste\u015bmy szcz\u0119\u015bliwi. I nie w g\u0142owie nam \u017cadne Karaiby\u2026<\/div>\n<\/div>\n","protected":false},"excerpt":{"rendered":"<p>Pr\u00f3bowali\u015bcie kiedy\u015b omin\u0105\u0107 \u015bwi\u0119ta? Prze\u017cy\u0107 te 3&nbsp; dni jak normalne lub gdzie\u015b wyjecha\u0107? Nie? No c\u00f3\u017c ja te\u017c nie. Ale przedstawiam Wam Pa\u0144stwo Krank. Ma\u0142\u017ce\u0144stwo, kt\u00f3re pr\u00f3bowa\u0142o tego dokona\u0107. Jednak czy im si\u0119 uda\u0142o. Luter i Nora po wyje\u017adzie swojej c\u00f3rki \u2013 Blair kt\u00f3ra wyje\u017cd\u017ca do Peru by dzia\u0142a\u0107 w Korpusie Pokoju nie potrafi\u0105 si\u0119 [&hellip;]<\/p>\n","protected":false},"author":2,"featured_media":0,"comment_status":"open","ping_status":"open","sticky":false,"template":"","format":"standard","meta":[],"categories":[1],"tags":[31,303,1368,14,415,172],"jetpack_featured_media_url":"","_links":{"self":[{"href":"https:\/\/zapatrzonawksiazki.pl\/index.php\/wp-json\/wp\/v2\/posts\/1450"}],"collection":[{"href":"https:\/\/zapatrzonawksiazki.pl\/index.php\/wp-json\/wp\/v2\/posts"}],"about":[{"href":"https:\/\/zapatrzonawksiazki.pl\/index.php\/wp-json\/wp\/v2\/types\/post"}],"author":[{"embeddable":true,"href":"https:\/\/zapatrzonawksiazki.pl\/index.php\/wp-json\/wp\/v2\/users\/2"}],"replies":[{"embeddable":true,"href":"https:\/\/zapatrzonawksiazki.pl\/index.php\/wp-json\/wp\/v2\/comments?post=1450"}],"version-history":[{"count":1,"href":"https:\/\/zapatrzonawksiazki.pl\/index.php\/wp-json\/wp\/v2\/posts\/1450\/revisions"}],"predecessor-version":[{"id":2951,"href":"https:\/\/zapatrzonawksiazki.pl\/index.php\/wp-json\/wp\/v2\/posts\/1450\/revisions\/2951"}],"wp:attachment":[{"href":"https:\/\/zapatrzonawksiazki.pl\/index.php\/wp-json\/wp\/v2\/media?parent=1450"}],"wp:term":[{"taxonomy":"category","embeddable":true,"href":"https:\/\/zapatrzonawksiazki.pl\/index.php\/wp-json\/wp\/v2\/categories?post=1450"},{"taxonomy":"post_tag","embeddable":true,"href":"https:\/\/zapatrzonawksiazki.pl\/index.php\/wp-json\/wp\/v2\/tags?post=1450"}],"curies":[{"name":"wp","href":"https:\/\/api.w.org\/{rel}","templated":true}]}}