{"id":1442,"date":"2011-01-04T00:20:00","date_gmt":"2011-01-04T00:20:00","guid":{"rendered":"http:\/\/zapatrzonawksiazki.pl\/index.php\/2011\/01\/04\/seria-pamietniki-wampirow\/"},"modified":"2018-10-07T00:36:41","modified_gmt":"2018-10-07T00:36:41","slug":"seria-pamietniki-wampirow","status":"publish","type":"post","link":"https:\/\/zapatrzonawksiazki.pl\/index.php\/2011\/01\/04\/seria-pamietniki-wampirow\/","title":{"rendered":"Seria &#8220;Pami\u0119tniki Wampir\u00f3w&#8221;"},"content":{"rendered":"<div class=\"MsoNormal\" style=\"border: medium none; margin: 0cm 0cm 0pt; text-align: justify;\">\nWreszcie sko\u0144czy\u0142am \u201eDusze Cieni\u201d. Przyznam, \u017ce mimo mojej fascynacji wampirami mozolnie mi ta ksi\u0119ga sz\u0142a. Ale po kolei\u2026 Pierw ma\u0142y wst\u0119p a potem par\u0119 zda\u0144 z mojej g\u0142owy&#8230;<\/div>\n<div style=\"border: medium none; text-align: justify;\">\n<\/div>\n<div style=\"border: medium none; text-align: justify;\">\n<b><i>&#8220;Dwa wampiry. Dwaj nienawidz\u0105cy si\u0119 bracia. I pi\u0119kna dziewczyna, kt\u00f3rej obaj pragn\u0105&#8230; Elena: pi\u0119kna i popularna, mo\u017ce mie\u0107 ka\u017cdego ch\u0142opaka.<br \/>\nStefano: tajemniczy i mroczny, wydaje si\u0119 jedynym ch\u0142opakiem odpornym na wdzi\u0119ki Eleny.<br \/>\nDamon: seksowny, niebezpieczny i op\u0119tany \u017c\u0105dz\u0105 zemsty na Stefano &#8211; bracie, kt\u00f3ry go zdradzi\u0142. Po\u0142\u0105czy ich uczucie, kt\u00f3re mo\u017ce si\u0119 okaza\u0107 r\u00f3wnie zab\u00f3jcze jak blask s\u0142o\u0144ca&#8230;&#8221;<\/i><\/b><\/div>\n<p><\/p>\n<div style=\"text-align: center;\">\n\ufeff<\/div>\n<div class=\"separator\" style=\"border: medium none; clear: both; text-align: justify;\">\n<a href=\"http:\/\/1.bp.blogspot.com\/_AYuwKKEb_jg\/TSJQOFAdRdI\/AAAAAAAAAGI\/Wd_pMqmXwPQ\/s1600\/1.jpg\" imageanchor=\"1\" style=\"clear: left; float: left; margin-bottom: 1em; margin-right: 1em;\"><img decoding=\"async\" border=\"0\" n4=\"true\" src=\"http:\/\/1.bp.blogspot.com\/_AYuwKKEb_jg\/TSJQOFAdRdI\/AAAAAAAAAGI\/Wd_pMqmXwPQ\/s1600\/1.jpg\" \/><\/a><i>W pierwszej ksi\u0119dze pami\u0119tniki opisuj\u0105 \u017cycie Eleny (blondynka, kt\u00f3ra mo\u017ce mie\u0107 ka\u017cdego ch\u0142opaka na skinienie r\u0119ki). Jaki prze\u017cywa szok gdy na nowego ucznia jej sztuczki nie dzia\u0142aj\u0105. Stefano wydaje si\u0119 niewzruszony na sygna\u0142y wysy\u0142ane przez Elen\u0119. Dziewczyna jest jednak bardzo uparta i w ko\u0144cu dopina swego. Jednak czy jest \u015bwiadoma w co si\u0119 pakuje? Poznaje prawd\u0119 o ukochanym, kt\u00f3ry jest wampirem.&nbsp; Gdy Stefan to ten dobry poznajemy Damona. Brata ukochanego dziewczyny. Ten z kolei jest uosobieniem z\u0142a&#8230; Elena z czasem poznaje ich coraz bardziej, poznaje ich histori\u0119. Histori\u0119 nieszcz\u0119\u015bliwej mi\u0142o\u015bci, kt\u00f3ra doprowadzi\u0142a ich do tego stanu.. Po jakim\u015b czasie w mie\u015bcie dzieje si\u0119 co\u015b dziwnego. Zw\u0142aszcza dla Eleny. Staje si\u0119 ona ofiar\u0105. Mog\u0142o by si\u0119 wydawa\u0107, \u017ce Stefano i Elena b\u0119d\u0105 \u017cy\u0107 &#8220;normalnie&#8221;, ale niestety&#8230; Elena jest w niebezpiecze\u0144stwie. Jaka\u015b moc czyha na ni\u0105&nbsp;&#8230;Niestety Elena umiera. Ale czy to koniec? Czy ta Moc zwyci\u0119\u017ca? Co si\u0119 dzieje z Elen\u0105 po \u015bmierci&#8230;?<\/i><\/div>\n<div class=\"separator\" style=\"border: medium none; clear: both; text-align: justify;\">\n<b>Tytu\u0142:<\/b> Pami\u0119tniki wampir\u00f3w: Przebudzenie, Walka sza\u0142<\/div>\n<div class=\"separator\" style=\"border: medium none; clear: both; text-align: justify;\">\n<b>Autor: <\/b>L. J. Smith<\/div>\n<div class=\"separator\" style=\"border: medium none; clear: both; text-align: justify;\">\n<b>Data wydania: <\/b>luty 2010<\/div>\n<div class=\"separator\" style=\"border: medium none; clear: both; text-align: justify;\">\n<b>Wydawnictwo:<\/b> Amber<\/div>\n<div class=\"separator\" style=\"border: medium none; clear: both; text-align: justify;\">\n<b>Liczba stron:<\/b> 512<\/div>\n<div class=\"\" style=\"border: medium none; clear: both; text-align: justify;\">\n<b>Moja ocena:<\/b> 8\/10<\/div>\n<div class=\"separator\" style=\"border: medium none; clear: both; text-align: left;\">\n<\/div>\n<div class=\"separator\" style=\"border: medium none; clear: both; text-align: left;\">\n<\/div>\n<div class=\"separator\" style=\"border: medium none; clear: both; text-align: left;\">\n<\/div>\n<div class=\"\" style=\"border: medium none; clear: both; text-align: justify;\">\n<a href=\"http:\/\/4.bp.blogspot.com\/_AYuwKKEb_jg\/TSJXdpUOLhI\/AAAAAAAAAGM\/pu9ylVnYbS4\/s1600\/2.jpg\" imageanchor=\"1\" style=\"clear: right; float: right; margin-bottom: 1em; margin-left: 1em;\"><img decoding=\"async\" border=\"0\" n4=\"true\" src=\"http:\/\/4.bp.blogspot.com\/_AYuwKKEb_jg\/TSJXdpUOLhI\/AAAAAAAAAGM\/pu9ylVnYbS4\/s1600\/2.jpg\" \/><\/a><i>Jak pierwsza ksi\u0119ga mnie zachwyci\u0142a, tak druga lekko zniech\u0119ci\u0142a. Moim zdaniem za du\u017co pokr\u0119conych sytuacji i akcja tak jakby wymuszona by\u0142a.Drugi tom zaczyna si\u0119 p\u00f3\u0142 roku po \u015bmierci Eleny.&nbsp;&nbsp;Podczas urodzin Meredith, Bonnie kontaktuje si\u0119 z Pann\u0105 Gilbert&nbsp;za pomoc\u0105 specjalnej tablicy. Dziewczyna ostrzega, \u017ce co\u015b strasznego i pot\u0119\u017cnego zagra\u017ca miasteczku.&nbsp;Elena pr\u00f3buje im przekaza\u0107 kogo maj\u0105 wezwa\u0107 do pomocy, ale przerywa im z\u0142y duch. Podczas ucieczki z domu jedna dziewczyna wypada przez&nbsp; balkon i umiera, a druga oszala\u0142a.&nbsp;&nbsp;Po zastanowieniu dziewczyny za pomoc\u0105 Matta wzywaj\u0105 Stefano. Salvatore wraca z bratem do miasteczka.&nbsp;Po d\u0142ugich poszukiwaniach i rozwa\u017caniach pi\u0105tka znajomych odnajduje tajemnicz\u0105 si\u0142\u0119 kt\u00f3r\u0105 jest Klaus- stw\u00f3rca Katherine dawnej mi\u0142o\u015bci braci Salvatore). Dochodzi do bitwy mi\u0119dzy Klausem, a m\u0142odzie\u017c\u0105. Gdy Stefano znajduje si\u0119 na&nbsp;kraw\u0119dzi \u017cycia, a \u015bmierci przybywa Elena wezwana przez Bonnie. Co si\u0119 dzieje na \u0142\u0105ce po przybyciu Eleny i czy Stefano prze\u017cyje przekonajcie si\u0119 sami&#8230;<\/i> <\/div>\n<div class=\"\" style=\"border: medium none; clear: both; text-align: justify;\">\n<b>Tytu\u0142:<\/b> Pami\u0119tniki wampir\u00f3w: Mrok, Powr\u00f3t o zmierzchu, Uwi\u0119zieni<\/div>\n<div class=\"separator\" style=\"border: medium none; clear: both; text-align: justify;\">\n<b>Autor:<\/b> L. J. Smith<\/div>\n<div class=\"\" style=\"border: medium none; clear: both; text-align: justify;\">\n<b>Data wydania:<\/b> stycze\u0144 2010<\/div>\n<div class=\"separator\" style=\"border: medium none; clear: both; text-align: justify;\">\n<b>Wydawnictwo: <\/b>Amber<\/div>\n<div class=\"separator\" style=\"border: medium none; clear: both; text-align: justify;\">\n<b>Liczba stron: <\/b>576<\/div>\n<div class=\"separator\" style=\"border: medium none; clear: both; text-align: justify;\">\n<b>Moja ocena:<\/b> 7\/10<\/div>\n<div class=\"separator\" style=\"border: medium none; clear: both; text-align: left;\">\n<\/div>\n<div class=\"separator\" style=\"border: medium none; clear: both; text-align: left;\">\n<\/div>\n<div class=\"separator\" style=\"border: medium none; clear: both; text-align: justify;\">\n<a href=\"http:\/\/3.bp.blogspot.com\/-Yw7mlmr38TI\/VZBlqoibY6I\/AAAAAAAAK6c\/5iFuvYrlr4k\/s1600\/pamietniki-wampirow-ksiega-3-dusze-cieni-b-iext6311848.jpg\" imageanchor=\"1\" style=\"clear: left; float: left; margin-bottom: 1em; margin-right: 1em;\"><img decoding=\"async\" loading=\"lazy\" border=\"0\" height=\"200\" src=\"http:\/\/3.bp.blogspot.com\/-Yw7mlmr38TI\/VZBlqoibY6I\/AAAAAAAAK6c\/5iFuvYrlr4k\/s200\/pamietniki-wampirow-ksiega-3-dusze-cieni-b-iext6311848.jpg\" width=\"125\" \/><\/a><i>I nadesz\u0142a chwila gdzie sko\u0144czy\u0142am czyta\u0107 trzeci\u0105, przed ostatni\u0105 ksi\u0119g\u0119 Pami\u0119tnik\u00f3w Ta ksi\u0119ga skupia si\u0119 na Damonie, nie jak dotychczas na Elenie. Skupia si\u0119 na jednym z braci Savatore &#8211; na tym z\u0142ym<\/i><a href=\"http:\/\/img221.imageshack.us\/img221\/5016\/67339958.jpg\" imageanchor=\"1\" style=\"clear: left; float: left; margin-bottom: 1em; margin-right: 1em;\"> <\/a><i>. Po odebraniu Damonowi pami\u0119ci przez Liso\u0142aka i zamkni\u0119ciu Stefano w wi\u0119zieniu r\u00f3wnie\u017c przez Liso\u0142aka&nbsp;Elena wraz z przyjaci\u00f3\u0142kami wyrusza na poszukiwanie dw\u00f3ch cz\u0119\u015bci kluczy. Kluczy, kt\u00f3re uwolni\u0105 jej ukochanego. Liso\u0142aki zamkn\u0119li Stefano w innym wymiarze. Odkrycie co maj\u0105 robi\u0107 nie jest \u0142atwe. Zagadka si\u0119 nie ko\u0144czy i brak pami\u0119ci u Damona nic nie u\u0142atwia. .Gdy trafiaj\u0105 do innego wymiaru spotyka ich pe\u0142no przyg\u00f3d. Nie koniecznie dobrych. Damon i Elena si\u0119 bardzo do siebie zbli\u017caj\u0105 w tym czasie i co uwa\u017cam za wa\u017cne, ten z\u0142y si\u0119 zmienia. &nbsp;Czy odnajd\u0105 klucz schowany przez Liso\u0142aki i uwolni\u0105 Stefano?<\/i> <\/div>\n<div class=\"separator\" style=\"border: medium none; clear: both; text-align: justify;\">\n<b>Tytu\u0142: <\/b>Pami\u0119tniki wampir\u00f3w: Dusze cieni<\/div>\n<div class=\"separator\" style=\"border: medium none; clear: both; text-align: justify;\">\n<b>Autor: <\/b>L. J.Smith<\/div>\n<div class=\"\" style=\"border: medium none; clear: both; text-align: justify;\">\n<b>Data wydania: <\/b>Wrzesie\u0144 2010<\/div>\n<div class=\"\" style=\"border: medium none; clear: both; text-align: justify;\">\n<b>Wydawnictwo: <\/b>Amber<\/div>\n<div class=\"\" style=\"border: medium none; clear: both; text-align: justify;\">\n<b>Liczba stron: <\/b>504<\/div>\n<div class=\"\" style=\"border: medium none; clear: both; text-align: justify;\">\n<b>Moja ocena: <\/b>6\/10<\/div>\n<div style=\"text-align: left;\">\n<i><\/i><\/div>\n<div style=\"text-align: left;\">\n<\/div>\n","protected":false},"excerpt":{"rendered":"<p>Wreszcie sko\u0144czy\u0142am \u201eDusze Cieni\u201d. Przyznam, \u017ce mimo mojej fascynacji wampirami mozolnie mi ta ksi\u0119ga sz\u0142a. Ale po kolei\u2026 Pierw ma\u0142y wst\u0119p a potem par\u0119 zda\u0144 z mojej g\u0142owy&#8230; &#8220;Dwa wampiry. Dwaj nienawidz\u0105cy si\u0119 bracia. I pi\u0119kna dziewczyna, kt\u00f3rej obaj pragn\u0105&#8230; Elena: pi\u0119kna i popularna, mo\u017ce mie\u0107 ka\u017cdego ch\u0142opaka. Stefano: tajemniczy i mroczny, wydaje si\u0119 jedynym [&hellip;]<\/p>\n","protected":false},"author":2,"featured_media":0,"comment_status":"open","ping_status":"open","sticky":false,"template":"","format":"standard","meta":[],"categories":[1],"tags":[77,31,20,303,12,1363,1364],"jetpack_featured_media_url":"","_links":{"self":[{"href":"https:\/\/zapatrzonawksiazki.pl\/index.php\/wp-json\/wp\/v2\/posts\/1442"}],"collection":[{"href":"https:\/\/zapatrzonawksiazki.pl\/index.php\/wp-json\/wp\/v2\/posts"}],"about":[{"href":"https:\/\/zapatrzonawksiazki.pl\/index.php\/wp-json\/wp\/v2\/types\/post"}],"author":[{"embeddable":true,"href":"https:\/\/zapatrzonawksiazki.pl\/index.php\/wp-json\/wp\/v2\/users\/2"}],"replies":[{"embeddable":true,"href":"https:\/\/zapatrzonawksiazki.pl\/index.php\/wp-json\/wp\/v2\/comments?post=1442"}],"version-history":[{"count":1,"href":"https:\/\/zapatrzonawksiazki.pl\/index.php\/wp-json\/wp\/v2\/posts\/1442\/revisions"}],"predecessor-version":[{"id":2943,"href":"https:\/\/zapatrzonawksiazki.pl\/index.php\/wp-json\/wp\/v2\/posts\/1442\/revisions\/2943"}],"wp:attachment":[{"href":"https:\/\/zapatrzonawksiazki.pl\/index.php\/wp-json\/wp\/v2\/media?parent=1442"}],"wp:term":[{"taxonomy":"category","embeddable":true,"href":"https:\/\/zapatrzonawksiazki.pl\/index.php\/wp-json\/wp\/v2\/categories?post=1442"},{"taxonomy":"post_tag","embeddable":true,"href":"https:\/\/zapatrzonawksiazki.pl\/index.php\/wp-json\/wp\/v2\/tags?post=1442"}],"curies":[{"name":"wp","href":"https:\/\/api.w.org\/{rel}","templated":true}]}}