{"id":1416,"date":"2011-02-28T22:28:00","date_gmt":"2011-02-28T22:28:00","guid":{"rendered":"http:\/\/zapatrzonawksiazki.pl\/index.php\/2011\/02\/28\/podsumowanie-lutego-2\/"},"modified":"2018-10-07T00:36:17","modified_gmt":"2018-10-07T00:36:17","slug":"podsumowanie-lutego-2","status":"publish","type":"post","link":"https:\/\/zapatrzonawksiazki.pl\/index.php\/2011\/02\/28\/podsumowanie-lutego-2\/","title":{"rendered":"Podsumowanie Lutego ;)"},"content":{"rendered":"<p><\/p>\n<div class=\"MsoNormal\" style=\"text-align: justify;\">\nW tym miesi\u0105cu troch\u0119 mniej mi si\u0119 przeczyta\u0142o, ale by\u0142o owocnie. Zapozna\u0142am si\u0119 z jednym noblist\u0105, odby\u0142am podr\u00f3\u017c do Izraela, poczu\u0142am na nowo magi\u0119 \u015bwi\u0105t, zaspokoi\u0142am dziecko we mnie drzemi\u0105ce i poczu\u0142am niedosyt po przeczytaniu ksi\u0105\u017cki ( co u mnie rzadko si\u0119 zdarza ;)). No i uda\u0142o mi si\u0119 nawi\u0105za\u0107 wsp\u00f3\u0142prac\u0119 z nowym wydawnictwem \ud83d\ude09<\/div>\n<div class=\"MsoNormal\" style=\"text-align: justify;\">\nTaaaak\u2026 Jestem zadowolona \ud83d\ude09 <\/div>\n<div class=\"MsoNormal\" style=\"text-align: justify;\">\n<\/div>\n<div class=\"MsoNormal\" style=\"text-align: justify;\">\n<\/div>\n<div class=\"MsoNormal\" style=\"text-align: justify;\">\nLiczba przeczytanych ksi\u0105\u017cek: 6<\/div>\n<div class=\"MsoNormal\" style=\"text-align: justify;\">\nLiczba przeczytanych stron: 2226<\/div>\n<div class=\"MsoNormal\" style=\"text-align: justify;\">\nWyzwanie Mo\u017cesz wi\u0119cej: 6<\/div>\n<div class=\"MsoNormal\" style=\"text-align: justify;\">\nWyzwanie Klasyka literatury popularnej: 1 ksi\u0105\u017cka<\/div>\n<div class=\"MsoNormal\" style=\"text-align: justify;\">\nWyzwanie Reporterskim okiem: 1 ksi\u0105\u017cka<\/div>\n<div style=\"text-align: justify;\">\nWyzwanie Projekt Nobli\u015bci: 1 ksi\u0105\u017cka<br \/>\nNajbardziej mi si\u0119 podoba\u0142a ksi\u0105\u017cka: \u201eMroczny kochanek\u201d J. R. Ward<\/div>\n","protected":false},"excerpt":{"rendered":"<p>W tym miesi\u0105cu troch\u0119 mniej mi si\u0119 przeczyta\u0142o, ale by\u0142o owocnie. Zapozna\u0142am si\u0119 z jednym noblist\u0105, odby\u0142am podr\u00f3\u017c do Izraela, poczu\u0142am na nowo magi\u0119 \u015bwi\u0105t, zaspokoi\u0142am dziecko we mnie drzemi\u0105ce i poczu\u0142am niedosyt po przeczytaniu ksi\u0105\u017cki ( co u mnie rzadko si\u0119 zdarza ;)). No i uda\u0142o mi si\u0119 nawi\u0105za\u0107 wsp\u00f3\u0142prac\u0119 z nowym wydawnictwem \ud83d\ude09 [&hellip;]<\/p>\n","protected":false},"author":2,"featured_media":0,"comment_status":"open","ping_status":"open","sticky":false,"template":"","format":"standard","meta":[],"categories":[1],"tags":[864],"jetpack_featured_media_url":"","_links":{"self":[{"href":"https:\/\/zapatrzonawksiazki.pl\/index.php\/wp-json\/wp\/v2\/posts\/1416"}],"collection":[{"href":"https:\/\/zapatrzonawksiazki.pl\/index.php\/wp-json\/wp\/v2\/posts"}],"about":[{"href":"https:\/\/zapatrzonawksiazki.pl\/index.php\/wp-json\/wp\/v2\/types\/post"}],"author":[{"embeddable":true,"href":"https:\/\/zapatrzonawksiazki.pl\/index.php\/wp-json\/wp\/v2\/users\/2"}],"replies":[{"embeddable":true,"href":"https:\/\/zapatrzonawksiazki.pl\/index.php\/wp-json\/wp\/v2\/comments?post=1416"}],"version-history":[{"count":1,"href":"https:\/\/zapatrzonawksiazki.pl\/index.php\/wp-json\/wp\/v2\/posts\/1416\/revisions"}],"predecessor-version":[{"id":2917,"href":"https:\/\/zapatrzonawksiazki.pl\/index.php\/wp-json\/wp\/v2\/posts\/1416\/revisions\/2917"}],"wp:attachment":[{"href":"https:\/\/zapatrzonawksiazki.pl\/index.php\/wp-json\/wp\/v2\/media?parent=1416"}],"wp:term":[{"taxonomy":"category","embeddable":true,"href":"https:\/\/zapatrzonawksiazki.pl\/index.php\/wp-json\/wp\/v2\/categories?post=1416"},{"taxonomy":"post_tag","embeddable":true,"href":"https:\/\/zapatrzonawksiazki.pl\/index.php\/wp-json\/wp\/v2\/tags?post=1416"}],"curies":[{"name":"wp","href":"https:\/\/api.w.org\/{rel}","templated":true}]}}