{"id":1413,"date":"2011-03-08T12:40:00","date_gmt":"2011-03-08T12:40:00","guid":{"rendered":"http:\/\/zapatrzonawksiazki.pl\/index.php\/2011\/03\/08\/listy-w-niebieskich-kopertach-moja\/"},"modified":"2018-10-07T00:36:17","modified_gmt":"2018-10-07T00:36:17","slug":"listy-w-niebieskich-kopertach-moja","status":"publish","type":"post","link":"https:\/\/zapatrzonawksiazki.pl\/index.php\/2011\/03\/08\/listy-w-niebieskich-kopertach-moja\/","title":{"rendered":"\u201eListy w niebieskich kopertach. Moja korespondencja z anio\u0142em\u201d \u2013 Grzegorz Soko\u0142owski"},"content":{"rendered":"<div class=\"separator\" style=\"clear: both; text-align: center;\">\n<a href=\"https:\/\/lh6.googleusercontent.com\/-g-I3SRXGn3Q\/TXYEtYCSbSI\/AAAAAAAAAOU\/ev5fxwbJKTo\/s1600\/352x500.jpg\" imageanchor=\"1\" style=\"clear: left; float: left; margin-bottom: 1em; margin-right: 1em;\"><img decoding=\"async\" loading=\"lazy\" border=\"0\" height=\"320\" src=\"http:\/\/lh6.googleusercontent.com\/-g-I3SRXGn3Q\/TXYEtYCSbSI\/AAAAAAAAAOU\/ev5fxwbJKTo\/s320\/352x500.jpg\" width=\"208\" \/><\/a><\/div>\n<div style=\"text-align: justify;\">\nGdy wesz\u0142am na stron\u0119 wydawnictwa Esprit z zamiarem upolowania jakiego\u015b ciekawego k\u0105ska od razu w oko wpad\u0142y mi \u201eListy\u2026\u201d. Pierw zauwa\u017cy\u0142am ok\u0142adk\u0119, potem spojrza\u0142am na opis i pomy\u015bla\u0142am \u201eTak, to mo\u017ce mi si\u0119 spodoba\u0107\u201d. Napisa\u0142am maila, poczeka\u0142am i dosta\u0142am.<\/div>\n<div class=\"MsoNormal\" style=\"text-align: justify;\">\n<\/div>\n<div class=\"MsoNormal\" style=\"text-align: justify;\">\nW ksi\u0105\u017cce podoba mi si\u0119 forma list\u00f3w. Na ka\u017cdy temat sk\u0142adaj\u0105 si\u0119 dwa listy \u2013 podopiecznego i Anio\u0142a Str\u00f3\u017ca. Listy poruszaj\u0105 wa\u017cne tematy. Mog\u0105 pom\u00f3c nam zrozumie\u0107 czemu czasami dzieje si\u0119 tak, a nie inaczej. Wyt\u0142umacz\u0105 nam czemu czasem cierpimy lub nie rozumiemy. <\/div>\n<div class=\"MsoNormal\" style=\"text-align: justify;\">\n<\/div>\n<div class=\"MsoNormal\" style=\"text-align: justify;\">\n\u201eListy\u2026\u201d to zbi\u00f3r 49 list\u00f3w w kt\u00f3rych s\u0105 poruszane tematy takie jak na przyk\u0142ad odej\u015bcia bliskich. Jak bardzo cierpimy gdy kto\u015b przez nas kochany odchodzi. Tracimy w\u00f3wczas cz\u0105stk\u0119 siebie, a b\u00f3l po stracie bliskiej osobie mo\u017ce ujawni\u0107 si\u0119 w nieoczekiwanej chwili. A my\u2026 my musimy da\u0107 im odej\u015b\u0107 nie przestaj\u0105c kocha\u0107 i z nadziej\u0105, \u017ce kiedy\u015b do nas powr\u00f3ci. Musimy wype\u0142ni\u0107 pustk\u0119 po stracie bo tak by chcia\u0142a ta osoba.<\/div>\n<div class=\"MsoNormal\" style=\"text-align: justify;\">\n<\/div>\n<div class=\"MsoNormal\" style=\"text-align: justify;\">\nNo i\u2026<\/div>\n<div class=\"MsoNormal\" style=\"text-align: justify;\">\n<\/div>\n<div class=\"MsoNormal\" style=\"text-align: justify;\">\n<b>\u201eMi\u0142o\u015b\u0107 szczera, nawet je\u015bli odchodzi, zawsze b\u0119dzie powraca\u0107.\u201d *<\/b><\/div>\n<div class=\"MsoNormal\" style=\"text-align: justify;\">\n<\/div>\n<div class=\"MsoNormal\" style=\"text-align: justify;\">\nW li\u015bcie o spogl\u0105daniu na \u015bwiat z perspektywy czasu poruszany jest temat naszej ci\u0105g\u0142ej gonitwy za czym\u015b co teraz wydaje nam si\u0119 najwa\u017cniejsze, a za par\u0119 lat b\u0119dzie nas dziwi\u0107, \u017ce tak by\u0142o. No by czy to nie prawda? Czy nie \u017cyjemy w biegu bo ci\u0105gle musimy by\u0107 gdzie\u015b na czas. A gdzie chwile spokoju dni dla siebie, rodziny, przyjaci\u00f3\u0142. Czy z biegiem czasu nie b\u0119dziemy \u017ca\u0142owa\u0107, \u017ce przegapili\u015bmy co\u015b wa\u017cnego w naszym \u017cyciu?<\/div>\n<div class=\"MsoNormal\" style=\"text-align: justify;\">\n<\/div>\n<div class=\"MsoNormal\" style=\"text-align: justify;\">\nPoruszane s\u0105 te\u017c tematy, \u015bmierci, dobrej zazdro\u015bci, deszczu, pocieszeniu, pyta\u0144, z\u0142a strachu i wiele innych dotycz\u0105cych nas ludzi. Pan Grzegorz porusza te\u017c temat przyja\u017ani. Tej, szczerej, prawdziwej. Trwaj\u0105cej ca\u0142y czas. Ja osobi\u015bcie ceni\u0119 sobie bardzo tak\u0105 przyja\u017a\u0144, kt\u00f3ra przetrwa\u0142a po za murami szko\u0142y, wyjazd dolinnego mniejsca czy zmiany osobowo\u015bci (bo przecie\u017c zmieniamy si\u0119 z czasem). <\/div>\n<div class=\"MsoNormal\" style=\"text-align: justify;\">\n<\/div>\n<div class=\"MsoNormal\" style=\"text-align: justify;\">\nKsi\u0105\u017ck\u0119 z czystym sercem mog\u0119 poleci\u0107 wszystkim, nie m\u0119czy, nie nudzi. Za to t\u0142umaczy i daje do my\u015blenia. Je\u015bli o to chodzi\u0142o autorowi to mu si\u0119 uda\u0142o. <\/div>\n<div class=\"MsoNormal\" style=\"text-align: justify;\">\n<\/div>\n<div class=\"MsoNormal\" style=\"text-align: justify;\">\nKsi\u0105\u017ck\u0119 dosta\u0142am dzi\u0119ki uprzejmo\u015bci wydawnictwa&nbsp;<a href=\"http:\/\/www.esprit.com.pl\/\">Esprit<\/a> za co serdecznie dzi\u0119kuj\u0119!!<\/div>\n<div class=\"MsoNormal\">\n<\/div>\n<div class=\"separator\" style=\"clear: both; text-align: center;\">\n<a href=\"https:\/\/lh5.googleusercontent.com\/-x5xCIiq_EWs\/TXYjhrWYVLI\/AAAAAAAAAOY\/t9aj9ufQe8E\/s1600\/logo.jpg\" imageanchor=\"1\" style=\"margin-left: 1em; margin-right: 1em;\"><img decoding=\"async\" border=\"0\" src=\"http:\/\/lh5.googleusercontent.com\/-x5xCIiq_EWs\/TXYjhrWYVLI\/AAAAAAAAAOY\/t9aj9ufQe8E\/s1600\/logo.jpg\" \/><\/a><\/div>\n<div class=\"MsoNormal\">\n<\/div>\n<div class=\"MsoNormal\">\n<\/div>\n<div class=\"MsoNormal\">\n<i>* str. 69<\/i><\/div>\n<div class=\"MsoNormal\">\n<b><i>Autor: <\/i><\/b><i>Grzegorz Soko\u0142owski<\/i><\/div>\n<div class=\"MsoNormal\">\n<b><i>Tytu\u0142: <\/i><\/b><i>Listy w niebieskich kopertach. Moja korespondencja z anio\u0142em<\/i><\/div>\n<div class=\"MsoNormal\">\n<b><i>Wydawnictwo: <\/i><\/b><i>Esprit<\/i><\/div>\n<div class=\"MsoNormal\">\n<b><i>Rok wydania: <\/i><\/b><i>luty 2011<\/i><\/div>\n<div class=\"MsoNormal\">\n<b><i>Liczba stron: <\/i><\/b><i>280<\/i><\/div>\n","protected":false},"excerpt":{"rendered":"<p>Gdy wesz\u0142am na stron\u0119 wydawnictwa Esprit z zamiarem upolowania jakiego\u015b ciekawego k\u0105ska od razu w oko wpad\u0142y mi \u201eListy\u2026\u201d. Pierw zauwa\u017cy\u0142am ok\u0142adk\u0119, potem spojrza\u0142am na opis i pomy\u015bla\u0142am \u201eTak, to mo\u017ce mi si\u0119 spodoba\u0107\u201d. Napisa\u0142am maila, poczeka\u0142am i dosta\u0142am. W ksi\u0105\u017cce podoba mi si\u0119 forma list\u00f3w. Na ka\u017cdy temat sk\u0142adaj\u0105 si\u0119 dwa listy \u2013 podopiecznego [&hellip;]<\/p>\n","protected":false},"author":2,"featured_media":0,"comment_status":"open","ping_status":"open","sticky":false,"template":"","format":"standard","meta":[],"categories":[1],"tags":[31,903,1342,14,380,641],"jetpack_featured_media_url":"","_links":{"self":[{"href":"https:\/\/zapatrzonawksiazki.pl\/index.php\/wp-json\/wp\/v2\/posts\/1413"}],"collection":[{"href":"https:\/\/zapatrzonawksiazki.pl\/index.php\/wp-json\/wp\/v2\/posts"}],"about":[{"href":"https:\/\/zapatrzonawksiazki.pl\/index.php\/wp-json\/wp\/v2\/types\/post"}],"author":[{"embeddable":true,"href":"https:\/\/zapatrzonawksiazki.pl\/index.php\/wp-json\/wp\/v2\/users\/2"}],"replies":[{"embeddable":true,"href":"https:\/\/zapatrzonawksiazki.pl\/index.php\/wp-json\/wp\/v2\/comments?post=1413"}],"version-history":[{"count":1,"href":"https:\/\/zapatrzonawksiazki.pl\/index.php\/wp-json\/wp\/v2\/posts\/1413\/revisions"}],"predecessor-version":[{"id":2914,"href":"https:\/\/zapatrzonawksiazki.pl\/index.php\/wp-json\/wp\/v2\/posts\/1413\/revisions\/2914"}],"wp:attachment":[{"href":"https:\/\/zapatrzonawksiazki.pl\/index.php\/wp-json\/wp\/v2\/media?parent=1413"}],"wp:term":[{"taxonomy":"category","embeddable":true,"href":"https:\/\/zapatrzonawksiazki.pl\/index.php\/wp-json\/wp\/v2\/categories?post=1413"},{"taxonomy":"post_tag","embeddable":true,"href":"https:\/\/zapatrzonawksiazki.pl\/index.php\/wp-json\/wp\/v2\/tags?post=1413"}],"curies":[{"name":"wp","href":"https:\/\/api.w.org\/{rel}","templated":true}]}}