{"id":1405,"date":"2011-03-23T19:10:00","date_gmt":"2011-03-23T19:10:00","guid":{"rendered":"http:\/\/zapatrzonawksiazki.pl\/index.php\/2011\/03\/23\/anarion-natalia-molendana\/"},"modified":"2018-10-07T00:36:16","modified_gmt":"2018-10-07T00:36:16","slug":"anarion-natalia-molendana","status":"publish","type":"post","link":"https:\/\/zapatrzonawksiazki.pl\/index.php\/2011\/03\/23\/anarion-natalia-molendana\/","title":{"rendered":"\u201eAnarion\u201d Natalia Molenda"},"content":{"rendered":"<div class=\"separator\" style=\"clear: both; text-align: center;\">\n<a href=\"https:\/\/lh5.googleusercontent.com\/-jVcHcJaXU3U\/TYpEpk_0LxI\/AAAAAAAAAP0\/LN5_fEWqXqU\/s1600\/978-83-7722-143-3.jpg\" imageanchor=\"1\" style=\"clear: left; float: left; margin-bottom: 1em; margin-right: 1em;\"><img decoding=\"async\" loading=\"lazy\" border=\"0\" height=\"320\" src=\"http:\/\/lh5.googleusercontent.com\/-jVcHcJaXU3U\/TYpEpk_0LxI\/AAAAAAAAAP0\/LN5_fEWqXqU\/s320\/978-83-7722-143-3.jpg\" width=\"197\" \/><\/a><\/div>\n<div style=\"text-align: justify;\">\n<\/div>\n<div class=\"MsoNormal\" style=\"text-align: justify;\">\nPocz\u0105tkowo zwr\u00f3ci\u0142am uwag\u0119 na ok\u0142adk\u0119, taka bajkowa. Nast\u0119pnie m\u00f3j wzrok przyci\u0105gn\u0105\u0142 tytu\u0142 \u2013 tajemniczy, intryguj\u0105cy. A po przeczytaniu opisu ju\u017c wiedzia\u0142am, \u017ce warto b\u0119dzie zapozna\u0107 si\u0119 z ow\u0105 ksi\u0105\u017ck\u0105.<\/div>\n<div class=\"MsoNormal\" style=\"text-align: justify;\">\n<\/div>\n<div class=\"MsoNormal\" style=\"text-align: justify;\">\n\u201eAnarion\u201d zaczyna si\u0119 w momencie gdy Elfka podr\u00f3\u017cuje na koniu. Szuka odpowiedzi, a mo\u017ce przed nimi ucieka? Trudno jej odpowiedzie\u0107 na to pytanie gdy nic nie pami\u0119ta. Z\u0142otow\u0142osa trafia do Darckastlehill. W mie\u015bcie dowiaduje si\u0119, \u017ce Elfy nie s\u0105 mile widziane\u2026 \u017cadne. Gdy rozmawia z mieszka\u0144cem miasta zdradzi\u0142a si\u0119, \u017ce jest Elfem i musia\u0142a ucieka\u0107. Podczas tej ucieczki zosta\u0142a ranna. Gdy wydaje si\u0119, \u017ce to ju\u017c koniec (tu sobie pomy\u015bla\u0142am, \u017ce przecie\u017c to nie mo\u017cliwe, to dopiero pocz\u0105tek!) pojawia si\u0119 inna Elfka. Elfka, kt\u00f3ra nie koniecznie jest dobra. A mo\u017ce to tylko pozory\u2026 Mo\u017ce to jej spos\u00f3b obrony\u2026 <\/div>\n<div class=\"MsoNormal\" style=\"text-align: justify;\">\n<\/div>\n<div class=\"MsoNormal\" style=\"text-align: justify;\">\nPo jakim\u015b czasie Elfki wybieraj\u0105 si\u0119 do miasta. Na Czarn\u0105 \u2013 tak nazwa\u0142a j\u0105 Anarion &#8211; &nbsp;jest zastawiona pu\u0142apka. Co dziwne Z\u0142otow\u0142osej m\u00f3wi o tym ch\u0142opak, kt\u00f3ry pr\u0119dzej j\u0105 postrzeli\u0142. Samael przeprasza i pomaga uratowa\u0107 Czarn\u0105. Anarion zastanawia si\u0119 czemu cz\u0142owiek, kt\u00f3ry chcia\u0142 j\u0105 zabi\u0107 teraz j\u0105 ratuje. I do tego te sny\u2026 Po nast\u0119pnym ataku przez ludzi Anarion wraz z Czarn\u0105 wyrusza w podr\u00f3\u017c.<\/div>\n<div class=\"MsoNormal\" style=\"text-align: justify;\">\n<\/div>\n<div class=\"MsoNormal\" style=\"text-align: justify;\">\nNie b\u00f3jcie si\u0119, nie opowiedzia\u0142am ca\u0142ej ksi\u0105\u017cki. Baaa ja nawet 2\/4 ksi\u0105\u017cki nie stre\u015bci\u0142am. W ko\u0144cu jaka\u015b tajemnica musi by\u0107 ;). A zapewniam, \u017ce dalej jest r\u00f3wnie\u017c ciekawie. Przyznam, \u017ce nie takiego zako\u0144czenia si\u0119 spodziewa\u0142a. Nawet cz\u0119\u015bciowo nie domy\u015bli\u0142am si\u0119 fina\u0142u. Pani Molenda stworzy\u0142a ciekaw\u0105 histori\u0119 pe\u0142n\u0105 tajemnic, niedom\u00f3wie\u0144 i ciekawej akcji.<\/div>\n<div class=\"MsoNormal\" style=\"text-align: justify;\">\n<\/div>\n<div class=\"MsoNormal\" style=\"text-align: justify;\">\nZa ksi\u0105\u017ck\u0119 serdecznie dzi\u0119kuj\u0119 wydawnictwu&nbsp;<a href=\"http:\/\/novaeres.pl\/\">Novae Res<\/a>!<\/div>\n<div class=\"separator\" style=\"clear: both; text-align: center;\">\n<a href=\"https:\/\/lh5.googleusercontent.com\/-nlt0Aw91cbk\/TYpFe0SPDtI\/AAAAAAAAAP4\/KaGMrkibEIo\/s1600\/n237714980148_9991.jpg\" imageanchor=\"1\" style=\"margin-left: 1em; margin-right: 1em;\"><img decoding=\"async\" border=\"0\" src=\"http:\/\/lh5.googleusercontent.com\/-nlt0Aw91cbk\/TYpFe0SPDtI\/AAAAAAAAAP4\/KaGMrkibEIo\/s1600\/n237714980148_9991.jpg\" \/><\/a><\/div>\n<div class=\"MsoNormal\">\n <\/div>\n<div class=\"MsoNormal\">\n<\/div>\n<div class=\"MsoNormal\">\n<\/div>\n<div class=\"MsoNormal\">\n<b>Autor: <\/b>Natalia Molenda<\/div>\n<div class=\"MsoNormal\">\n<b>Tytu\u0142: <\/b>Anarion<\/div>\n<div class=\"MsoNormal\">\n<b>Wydawnictwo: <\/b>Novae Res <\/div>\n<div class=\"MsoNormal\">\n<b>Rok wydania: <\/b>marzec 2011<\/div>\n<div class=\"MsoNormal\">\n<b>Liczba stron: <\/b>240<\/div>\n","protected":false},"excerpt":{"rendered":"<p>Pocz\u0105tkowo zwr\u00f3ci\u0142am uwag\u0119 na ok\u0142adk\u0119, taka bajkowa. Nast\u0119pnie m\u00f3j wzrok przyci\u0105gn\u0105\u0142 tytu\u0142 \u2013 tajemniczy, intryguj\u0105cy. A po przeczytaniu opisu ju\u017c wiedzia\u0142am, \u017ce warto b\u0119dzie zapozna\u0107 si\u0119 z ow\u0105 ksi\u0105\u017ck\u0105. \u201eAnarion\u201d zaczyna si\u0119 w momencie gdy Elfka podr\u00f3\u017cuje na koniu. Szuka odpowiedzi, a mo\u017ce przed nimi ucieka? Trudno jej odpowiedzie\u0107 na to pytanie gdy nic nie [&hellip;]<\/p>\n","protected":false},"author":2,"featured_media":0,"comment_status":"open","ping_status":"open","sticky":false,"template":"","format":"standard","meta":[],"categories":[1],"tags":[20,12,14,149,380,1337,88],"jetpack_featured_media_url":"","_links":{"self":[{"href":"https:\/\/zapatrzonawksiazki.pl\/index.php\/wp-json\/wp\/v2\/posts\/1405"}],"collection":[{"href":"https:\/\/zapatrzonawksiazki.pl\/index.php\/wp-json\/wp\/v2\/posts"}],"about":[{"href":"https:\/\/zapatrzonawksiazki.pl\/index.php\/wp-json\/wp\/v2\/types\/post"}],"author":[{"embeddable":true,"href":"https:\/\/zapatrzonawksiazki.pl\/index.php\/wp-json\/wp\/v2\/users\/2"}],"replies":[{"embeddable":true,"href":"https:\/\/zapatrzonawksiazki.pl\/index.php\/wp-json\/wp\/v2\/comments?post=1405"}],"version-history":[{"count":1,"href":"https:\/\/zapatrzonawksiazki.pl\/index.php\/wp-json\/wp\/v2\/posts\/1405\/revisions"}],"predecessor-version":[{"id":2906,"href":"https:\/\/zapatrzonawksiazki.pl\/index.php\/wp-json\/wp\/v2\/posts\/1405\/revisions\/2906"}],"wp:attachment":[{"href":"https:\/\/zapatrzonawksiazki.pl\/index.php\/wp-json\/wp\/v2\/media?parent=1405"}],"wp:term":[{"taxonomy":"category","embeddable":true,"href":"https:\/\/zapatrzonawksiazki.pl\/index.php\/wp-json\/wp\/v2\/categories?post=1405"},{"taxonomy":"post_tag","embeddable":true,"href":"https:\/\/zapatrzonawksiazki.pl\/index.php\/wp-json\/wp\/v2\/tags?post=1405"}],"curies":[{"name":"wp","href":"https:\/\/api.w.org\/{rel}","templated":true}]}}