{"id":137,"date":"2016-12-31T17:58:00","date_gmt":"2016-12-31T17:58:00","guid":{"rendered":"http:\/\/zapatrzonawksiazki.pl\/index.php\/2016\/12\/31\/podsumowanie-roku-2016\/"},"modified":"2018-10-07T00:26:33","modified_gmt":"2018-10-07T00:26:33","slug":"podsumowanie-roku-2016","status":"publish","type":"post","link":"https:\/\/zapatrzonawksiazki.pl\/index.php\/2016\/12\/31\/podsumowanie-roku-2016\/","title":{"rendered":"Podsumowanie roku 2016"},"content":{"rendered":"<div class=\"separator\" style=\"clear: both; text-align: center;\">\n<a href=\"https:\/\/4.bp.blogspot.com\/-FA7NN7S8DqI\/WGftgX3jnoI\/AAAAAAAANSA\/3HPeFJzaSBYaEQ8tYhzActiFJl23EaGPgCLcB\/s1600\/sylwester.jpg\" imageanchor=\"1\" style=\"margin-left: 1em; margin-right: 1em;\"><img decoding=\"async\" loading=\"lazy\" border=\"0\" height=\"336\" src=\"https:\/\/4.bp.blogspot.com\/-FA7NN7S8DqI\/WGftgX3jnoI\/AAAAAAAANSA\/3HPeFJzaSBYaEQ8tYhzActiFJl23EaGPgCLcB\/s640\/sylwester.jpg\" width=\"640\" \/><\/a><\/div>\n<p><\/p>\n<div style=\"text-align: center;\">\nCze\u015b\u0107!<\/div>\n<p><\/p>\n<div style=\"text-align: justify;\">\nKolejny wsp\u00f3lny rok za nami. Bywa\u0142o r\u00f3\u017cnie, ale jednak da\u0142 on w ko\u015b\u0107, jak s\u0105dz\u0119 nie tylko mi, ale i wielu z was. Mnie samej w \u017cyciu prywatnym, jak i blogowym uk\u0142ada\u0142o si\u0119&#8230; losowo. Momentami nie by\u0142o, czasu, ch\u0119ci, motywacji, a czasami trudno by\u0142o si\u0119 skupi\u0107 przez ekscytacje tym, co ma nadej\u015b\u0107 oraz wspomnienia dni, kt\u00f3re by\u0142y takie wspania\u0142e. Cieszmy si\u0119 w\u0142a\u015bnie tym, co by\u0142o dobre, pami\u0119tajmy czego si\u0119 nauczyli\u015bmy oraz faktem, \u017ce w\u0142a\u015bnie si\u0119 ko\u0144czy i nadchodzi nowy, z nowymi mo\u017cliwo\u015bciami i szansami do wykorzystania.&nbsp;<\/div>\n<p><\/p>\n<div class=\"separator\" style=\"clear: both; text-align: center;\">\n<iframe loading=\"lazy\" allowfullscreen=\"\" class=\"YOUTUBE-iframe-video\" data-thumbnail-src=\"https:\/\/i.ytimg.com\/vi\/hXuzJYzx04Y\/0.jpg\" frameborder=\"0\" height=\"266\" src=\"https:\/\/www.youtube.com\/embed\/hXuzJYzx04Y?feature=player_embedded\" width=\"320\"><\/iframe><\/div>\n<p><\/p>\n<div style=\"text-align: justify;\">\nJako\u015b od kilku dni chodzi mi ona po g\u0142owie i my\u015bl\u0119, \u017ce idealnie nadaje si\u0119 na Nowy Rok. \ud83d\ude09<\/div>\n<div style=\"text-align: justify;\">\n<\/div>\n<div style=\"text-align: justify;\">\nPo kr\u00f3tkim wst\u0119pie przejd\u017amy mo\u017ce do konkret\u00f3w. Jak ten rok wygl\u0105da\u0142 pod wzgl\u0119dem statystyk? My\u015bl\u0119, \u017ce nie by\u0142o \u017ale. W tym roku napisa\u0142am 148 post\u00f3w \u0142\u0105cznie z tym (razem 1 320), zyska\u0142am 59 (razem 630) obserwator\u00f3w poprzez bloggera i 77 (razem 693) obserwator\u00f3w przez Google+. 2 073 (razem 21 838) &#8211; tyle komentarzy napisali\u015bmy przez te 12 miesi\u0119cy, a bloga nawiedzono a\u017c 230 675 (razem 836 819) razy! Jak na ma\u0142o aktywny czas wyniki s\u0105 zadowalaj\u0105ce. No ale nie by\u0142oby tego gdyby nie wy dlatego te\u017c gor\u0105co wam dzi\u0119kuj\u0119 za wszystko! \ud83d\udc96<\/div>\n<div style=\"text-align: justify;\">\n<\/div>\n<div style=\"text-align: justify;\">\nJu\u017c w <a href=\"http:\/\/zapatrzonawksiazki.blogspot.com\/2016\/12\/jestem-z-wami-juz-6-lat_15.html\" target=\"_blank\">po\u015bcie urodzinowym<\/a> wspomina\u0142am jak wygl\u0105da\u0142 ten rok ze strony blogera i ksi\u0105\u017ckoholika. Nie chcia\u0142abym si\u0119 powtarza\u0107, ale niezapomniane s\u0105 dla mnie takie wydarzenia, jak spotkanie z Colleen Hoover czy obecno\u015b\u0107 na Warszawskich Targach Ksi\u0105\u017cki. Mi\u0142e by\u0142o gdy proszono mnie o rekomendacje lub proponowano patronaty. Dzi\u0119kuj\u0119 autorom oraz wydawnictwom za zaufanie, kiedy przekazywali mi do recenzji swoje powie\u015bci. Jednocze\u015bnie przepraszam za po\u015blizgi czasowe i obiecuj\u0119 popraw\u0119. Postaram si\u0119 by\u0107 bardziej zorganizowana. \ud83d\ude09<\/div>\n<div style=\"text-align: justify;\">\n<\/div>\n<div style=\"text-align: justify;\">\nW tym roku przeczyta\u0142am 125 ksi\u0105\u017cek. Mniej ni\u017c w zesz\u0142ym roku, ale nadal jestem zadowolona! W nadchodz\u0105cym chc\u0119 na pewno przeczyta\u0107 100 ksi\u0105\u017cek, je\u015bli b\u0119dzie wi\u0119cej &#8211; rewelacja, je\u015bli nie &#8211; te\u017c b\u0119dzie dobrze. Bo nie chodzi o liczby, a o rado\u015b\u0107 z czytania.<\/div>\n<div style=\"text-align: justify;\">\n<\/div>\n<div style=\"text-align: justify;\">\nJak co roku bra\u0142am udzia\u0142 w wyzwaniach, w tym ich liczba zmala\u0142a, a w nadchodz\u0105cym&#8230; rezygnuje z nich ca\u0142kowicie. Chyba musz\u0119 od nich odpocz\u0105\u0107 i zobaczy\u0107 jak to b\u0119dzie bez my\u015blenia do kt\u00f3rego wyzwania pasuje dana ksi\u0105\u017cka. \ud83d\ude09 Tymczasem ten rok wygl\u0105da\u0142 nast\u0119puj\u0105co:<\/div>\n<div style=\"text-align: justify;\">\n<b>Karciane wyzwanie ksi\u0105\u017ckowe<\/b> &#8211; 42\/52 &#8211; Specjalnie wzi\u0119\u0142am najtrudniejsz\u0105 opcj\u0119, gdzie jedna ksi\u0105\u017cka podlega\u0142a jednej kategorii. Nie \u0142udzi\u0142am si\u0119, \u017ce uda mi si\u0119 ze wszystkimi, ale jestem mile zaskoczona i\u017c zabrak\u0142o mi tylko 10 do zamkni\u0119cia wyzwania. Podoba mi si\u0119 ten wynik.<br \/><b>Czytam fantastyk\u0119 IV<\/b> &#8211; 26 &#8211; Tutaj jestem w sumie zadowolona, z za\u0142o\u017cenia chcia\u0142am chocia\u017c jedn\u0105 na miesi\u0105c, a tu prosz\u0119, wysz\u0142o du\u017co wi\u0119cej.<br \/><b><strike>Kiedy\u015b przeczytam edycja 3<\/strike><\/b> &#8211; 5\/12 &#8211; Ehhh, no nie nadaje si\u0119 do planowanych wyzwa\u0144. Nigdy mi nie wychodzi gdy zrobi\u0119 list\u0119 naprz\u00f3d tego, co mam czyta\u0107. <br \/><b>Przeczytam 52 ksi\u0105\u017cki<\/b> &#8211; 125\/52 &#8211; Z tego trudno by\u0142oby nie by\u0107 zadowolonym, prawda? \ud83d\ude09<\/div>\n<p><\/p>\n<div style=\"text-align: center;\">\n<u>Co mnie urzek\u0142o, a co znudzi\u0142o w 2016 roku?<\/u><\/div>\n<p><\/p>\n<div style=\"text-align: justify;\">\nO dziwo tym razem bez problemu mog\u0142am wytypowa\u0107 10 najlepszych pozycji, to one dosta\u0142y maksymalne oceny i szturmem zdoby\u0142y moje serce. To one co\u015b we mnie zmieni\u0142y i sk\u0142oni\u0142y do refleksji.&nbsp;<\/div>\n<p><\/p>\n<div class=\"separator\" style=\"clear: both; text-align: center;\">\n<a href=\"https:\/\/3.bp.blogspot.com\/-8-mR2aanCio\/WGfVm4k4g1I\/AAAAAAAANRM\/yUTayAJXQ_Y8HMknx5DqZ-upxELZN3h3wCLcB\/s1600\/najlepsze1.jpg\" imageanchor=\"1\" style=\"margin-left: 1em; margin-right: 1em;\"><img decoding=\"async\" loading=\"lazy\" border=\"0\" height=\"362\" src=\"https:\/\/3.bp.blogspot.com\/-8-mR2aanCio\/WGfVm4k4g1I\/AAAAAAAANRM\/yUTayAJXQ_Y8HMknx5DqZ-upxELZN3h3wCLcB\/s640\/najlepsze1.jpg\" width=\"640\" \/><\/a><\/div>\n<div style=\"text-align: justify;\">\n<br \/>\n<i><b>Zanim si\u0119 pojawi\u0142e\u015b<\/b><\/i> Jojo Moyes wstrz\u0105sn\u0119\u0142o mn\u0105 najbardziej, sprawi\u0142a, \u017ce przez wiele tygodni rozmy\u015bla\u0142am o ty, co by\u0142o w niej zawarte. Moje przemy\u015blenia by\u0142y i s\u0105 zbyt osobiste, by je opisa\u0107, ale musicie wiedzie\u0107, \u017ce j\u0105 trzeba przeczyta\u0107. <i><b>Promyczek<\/b><\/i> i <b><i>Gus<\/i><\/b> Kim Holden &#8211; ale\u017c mnie te ksi\u0105\u017cki sponiewiera\u0142y emocjonalnie, serio. \u015amia\u0142am si\u0119 przy nich i p\u0142aka\u0142am, ale to tak, \u017ce a\u017c domownicy dziwnie na mnie patrzyli. No c\u00f3\u017c, chyba nie cz\u0119sto wiz\u0105 mnie wyj\u0105c\u0105 nad ksi\u0105\u017ck\u0105. Z kolei <i><b>Anio\u0142 do wynaj\u0119cia<\/b><\/i> Magdy Kordel przywr\u00f3ci\u0142 mi magi\u0119 \u015bwi\u0105t, sprawi\u0142, \u017ce zacz\u0119\u0142am na nowo wierzy\u0107 w cuda. <i><b>Jak powietrze<\/b><\/i> Agaty Czykierdy-Grabowskiej jest najlepszym polskim NA. Takie rzeczywiste, realne i trafiaj\u0105ce do serc! <i><b>Uk\u0142ad<\/b><\/i> Elle Kennedy kocham ca\u0142ym swym serduchem, chyba ju\u017c cztery razy do niej wraca\u0142am, wiecie? To idealny przyk\u0142ad jakie fajne mo\u017ce by\u0107 NA bez dramatycznych rozsta\u0144, wzbudzania zazdro\u015bci i foch\u00f3w. Cudna! Z Brittainy C. Cherry mam taki problem, \u017ce ka\u017cda jej ksi\u0105\u017cka jest dla mnie wspania\u0142a, ale <i><b>Art &amp; Soul<\/b><\/i> przebija wszystkie. <i><b>Jedyny i niepowtarzalny Iwan<\/b><\/i> Katherine Applegate &#8211; rewelacyjna pozycja, dla ka\u017cdego, niezale\u017cnie od wieku, obowi\u0105zkowa pozycja w bibliotece m\u0142odego czytelnika. <i><b>Dziewczyn\u0119 o kruchym sercu<\/b><\/i> El\u017cbiety Rod\u017ce\u0144 mi usilnie polecano i ciesz\u0119 si\u0119 z tego ogromnie, bo to by\u0142a niesamowita pozycja! Oczywi\u015bcie nie mog\u0142o te\u017c zabrakn\u0105\u0107 p<i><b>ierwszej ilustrowanej cz\u0119\u015bci o Harrym Poterze<\/b><\/i>! Zakocha\u0142am si\u0119 w ilustracjach Jim Kaya!<\/div>\n<div style=\"text-align: justify;\">\n<\/div>\n<div style=\"text-align: justify;\">\nNo dobra, nie mia\u0142am serca nie wspomnie\u0107 o tych, co nie dorobi\u0142y si\u0119 10, ale nie wiele im brakowa\u0142o lub i tak zas\u0142uguj\u0105 na wzmiank\u0119, bo s\u0105 pozycjami wartymi uwagi.<\/div>\n<p><\/p>\n<div class=\"separator\" style=\"clear: both; text-align: center;\">\n<a href=\"https:\/\/4.bp.blogspot.com\/-m86Jt6a-0Fk\/WGfhWeVVdlI\/AAAAAAAANRc\/eFIUF4m30gE4IGKCa7qjOd_t3L7oTNPQACLcB\/s1600\/najlepsze2.jpg\" imageanchor=\"1\" style=\"margin-left: 1em; margin-right: 1em;\"><img decoding=\"async\" loading=\"lazy\" border=\"0\" height=\"360\" src=\"https:\/\/4.bp.blogspot.com\/-m86Jt6a-0Fk\/WGfhWeVVdlI\/AAAAAAAANRc\/eFIUF4m30gE4IGKCa7qjOd_t3L7oTNPQACLcB\/s640\/najlepsze2.jpg\" width=\"640\" \/><\/a><\/div>\n<p><\/p>\n<div style=\"text-align: justify;\">\nTyle pere\u0142ek, ka\u017cda ma co\u015b w sobie. Wida\u0107 te\u017c tu jakie wydawnictwa i kt\u00f3rych autor\u00f3w lubi\u0119 najbardziej. \ud83d\ude42 Je\u015bli czego\u015b z tego zestawienia nie czyta\u0142y\u015bcie &#8211; zupe\u0142nie nie wiem na co czekacie. Serio!<\/div>\n<div style=\"text-align: justify;\">\n<\/div>\n<div style=\"text-align: justify;\">\nTeraz czas na gnio&#8230; Nie nie mog\u0119 u\u017cy\u0107 tego s\u0142owa, bo \u017cadna z tych ksi\u0105\u017cek nie zarobi\u0142a u mnie 1, ale kitami s\u0105 niezaprzeczalnie. <\/div>\n<p><\/p>\n<div class=\"separator\" style=\"clear: both; text-align: center;\">\n<a href=\"https:\/\/2.bp.blogspot.com\/-5BA0qfEfoAs\/WGfjQECmAZI\/AAAAAAAANRo\/I4oYhUi1Ibwbj1EDGIYgl2j41V4wP6zsACLcB\/s1600\/najgorsze.jpg\" imageanchor=\"1\" style=\"margin-left: 1em; margin-right: 1em;\"><img decoding=\"async\" loading=\"lazy\" border=\"0\" height=\"640\" src=\"https:\/\/2.bp.blogspot.com\/-5BA0qfEfoAs\/WGfjQECmAZI\/AAAAAAAANRo\/I4oYhUi1Ibwbj1EDGIYgl2j41V4wP6zsACLcB\/s640\/najgorsze.jpg\" width=\"640\" \/><\/a><\/div>\n<p><\/p>\n<div style=\"text-align: justify;\">\n<i><b>Uniewa\u017cnienie<\/b><\/i> Emmy Chase&#8230; nawet nie wiem jak w skr\u00f3cie mia\u0142abym o tym opowiedzie\u0107, bo ci\u015bnie mi si\u0119 na usta ca\u0142a litania. Tej ksi\u0105\u017cce m\u00f3wi\u0119 stanowcze NIE! Tak samo jest z <i><b>Mimo moich win<\/b><\/i> Tarryn Fisher, kt\u00f3ra by\u0142a dla mnie ca\u0142kowicie pozbawiona emocji i nudna. <i><b>Od z\u0142ej do przekl\u0119tej<\/b><\/i> Katie Alender okaza\u0142o si\u0119 kiepsk\u0105 kopi\u0105 pierwszego tomu, szkoda&#8230; Po pozosta\u0142ych trzech spodziewa\u0142am si\u0119 du\u017co wi\u0119cej i to, co sob\u0105 prezentuj\u0105 strasznie mnie rozczarowa\u0142o. W prawdzie Anna Bellon jest m\u0142odziutka i jej <i><b>Uratuj mnie<\/b><\/i> to debiut, autorka ma szans\u0119 na doszlifowanie stylu, ale nie mog\u0119 jej tutaj omin\u0105\u0107, bo mia\u0142a zbyt du\u017co niedoci\u0105gni\u0119\u0107. Na <i><b>Pracownie dobrych my\u015bli<\/b><\/i> Magdaleny Witkiewicz czeka\u0142am niecierpliwie, ale zderzenie z rzeczywisto\u015bci\u0105 by\u0142o bolesne. To nie jest Witkiewicz jak\u0105 znam i lubi\u0119. I to nie jest m\u00f3j wymys\u0142, bo przyk\u0142adowo mam\u0119 r\u00f3wnie\u017c rozczarowa\u0142a i nie da\u0142a rady jej sko\u0144czy\u0107. R\u00f3wnie bolesny zaw\u00f3d sprawi\u0142a mi Diana Palmer swoim <b><i>On i ja<\/i><\/b>, no ok, to romans, ale Palmer ma klas\u0119, kt\u00f3rej tu zabrak\u0142o. Chlip.<\/div>\n<div style=\"text-align: justify;\">\n<\/div>\n<div style=\"text-align: justify;\">\nWiecie, \u017ce w tym roku nie by\u0142o \u017cadnej ok\u0142adki, kt\u00f3ra by mi si\u0119 nie podoba\u0142a na tyle, by uwa\u017ca\u0107, \u017ce jest fe i w og\u00f3le? Nie wiem co si\u0119 ze mn\u0105 dzieje. Ale! Wynalaz\u0142am kilka prze\u015blicznych ok\u0142adek! \ud83d\udc96<\/div>\n<p><\/p>\n<div class=\"separator\" style=\"clear: both; text-align: center;\">\n<a href=\"https:\/\/2.bp.blogspot.com\/-Z1vYXqhWmMY\/WGfr7NaAToI\/AAAAAAAANR4\/Ue536WMxjwQWUVefLzc2AFaQrIatmCt0gCLcB\/s1600\/okladki%2Bthebest.jpg\" imageanchor=\"1\" style=\"margin-left: 1em; margin-right: 1em;\"><img decoding=\"async\" loading=\"lazy\" border=\"0\" height=\"640\" src=\"https:\/\/2.bp.blogspot.com\/-Z1vYXqhWmMY\/WGfr7NaAToI\/AAAAAAAANR4\/Ue536WMxjwQWUVefLzc2AFaQrIatmCt0gCLcB\/s640\/okladki%2Bthebest.jpg\" width=\"640\" \/><\/a><\/div>\n<p><\/p>\n<div style=\"text-align: justify;\">\nTo chyba wszystko na ten rok, by\u0142 jaki by\u0142. Teraz czas na 2017 i na nowe szanse!<\/div>\n<p><\/p>\n<div class=\"separator\" style=\"clear: both; text-align: center;\">\n<a href=\"https:\/\/2.bp.blogspot.com\/-3tzGd7ti1AE\/WGftu0DdrXI\/AAAAAAAANSE\/oeUlVLarXwsyfum6k4dWlN13nIBCIYs8ACLcB\/s1600\/sylw2.jpg\" imageanchor=\"1\" style=\"margin-left: 1em; margin-right: 1em;\"><img decoding=\"async\" loading=\"lazy\" border=\"0\" height=\"352\" src=\"https:\/\/2.bp.blogspot.com\/-3tzGd7ti1AE\/WGftu0DdrXI\/AAAAAAAANSE\/oeUlVLarXwsyfum6k4dWlN13nIBCIYs8ACLcB\/s640\/sylw2.jpg\" width=\"640\" \/><\/a><\/div>\n<div style=\"text-align: center;\">\nKochani!<\/div>\n<div style=\"text-align: center;\">\nW Nowym Roku \u017cycz\u0119 Wam by by\u0142 on lepszy ni\u017c 2016.&nbsp;<\/div>\n<div style=\"text-align: center;\">\nNiech spe\u0142ni\u0105 si\u0119 Wasze marzenia.&nbsp;<\/div>\n<div style=\"text-align: center;\">\nNiech braknie trosk i z\u0142ych moment\u00f3w.<\/div>\n<div style=\"text-align: center;\">\nSzcz\u0119\u015bcia i samych wspania\u0142ych ksi\u0105\u017cek!<\/div>\n<div style=\"text-align: center;\">\n<\/div>\n<div style=\"text-align: center;\">\nHAPPY NEW YEAR!<\/div>\n<div style=\"text-align: center;\">\n\ud83d\udc95<\/p>\n<div style=\"text-align: left;\">\n*pierwsza i ostatnia grafika pochodz\u0105 z Google Grafika <\/div>\n<\/div>\n","protected":false},"excerpt":{"rendered":"<p>Cze\u015b\u0107! Kolejny wsp\u00f3lny rok za nami. Bywa\u0142o r\u00f3\u017cnie, ale jednak da\u0142 on w ko\u015b\u0107, jak s\u0105dz\u0119 nie tylko mi, ale i wielu z was. Mnie samej w \u017cyciu prywatnym, jak i blogowym uk\u0142ada\u0142o si\u0119&#8230; losowo. Momentami nie by\u0142o, czasu, ch\u0119ci, motywacji, a czasami trudno by\u0142o si\u0119 skupi\u0107 przez ekscytacje tym, co ma nadej\u015b\u0107 oraz wspomnienia [&hellip;]<\/p>\n","protected":false},"author":2,"featured_media":0,"comment_status":"open","ping_status":"open","sticky":false,"template":"","format":"standard","meta":[],"categories":[1],"tags":[173],"jetpack_featured_media_url":"","_links":{"self":[{"href":"https:\/\/zapatrzonawksiazki.pl\/index.php\/wp-json\/wp\/v2\/posts\/137"}],"collection":[{"href":"https:\/\/zapatrzonawksiazki.pl\/index.php\/wp-json\/wp\/v2\/posts"}],"about":[{"href":"https:\/\/zapatrzonawksiazki.pl\/index.php\/wp-json\/wp\/v2\/types\/post"}],"author":[{"embeddable":true,"href":"https:\/\/zapatrzonawksiazki.pl\/index.php\/wp-json\/wp\/v2\/users\/2"}],"replies":[{"embeddable":true,"href":"https:\/\/zapatrzonawksiazki.pl\/index.php\/wp-json\/wp\/v2\/comments?post=137"}],"version-history":[{"count":1,"href":"https:\/\/zapatrzonawksiazki.pl\/index.php\/wp-json\/wp\/v2\/posts\/137\/revisions"}],"predecessor-version":[{"id":1638,"href":"https:\/\/zapatrzonawksiazki.pl\/index.php\/wp-json\/wp\/v2\/posts\/137\/revisions\/1638"}],"wp:attachment":[{"href":"https:\/\/zapatrzonawksiazki.pl\/index.php\/wp-json\/wp\/v2\/media?parent=137"}],"wp:term":[{"taxonomy":"category","embeddable":true,"href":"https:\/\/zapatrzonawksiazki.pl\/index.php\/wp-json\/wp\/v2\/categories?post=137"},{"taxonomy":"post_tag","embeddable":true,"href":"https:\/\/zapatrzonawksiazki.pl\/index.php\/wp-json\/wp\/v2\/tags?post=137"}],"curies":[{"name":"wp","href":"https:\/\/api.w.org\/{rel}","templated":true}]}}