{"id":1368,"date":"2011-05-20T15:44:00","date_gmt":"2011-05-20T15:44:00","guid":{"rendered":"http:\/\/zapatrzonawksiazki.pl\/index.php\/2011\/05\/20\/sciezki-avenidow-agnieszka-grzelak\/"},"modified":"2018-10-07T00:36:13","modified_gmt":"2018-10-07T00:36:13","slug":"sciezki-avenidow-agnieszka-grzelak","status":"publish","type":"post","link":"https:\/\/zapatrzonawksiazki.pl\/index.php\/2011\/05\/20\/sciezki-avenidow-agnieszka-grzelak\/","title":{"rendered":"\u201e\u015acie\u017cki Avenid\u00f3w\u201d- Agnieszka Grzelak"},"content":{"rendered":"<div class=\"separator\" style=\"clear: both; text-align: center;\"><a href=\"http:\/\/2.bp.blogspot.com\/-CSnOl1z0z6g\/TdaLT1jGtmI\/AAAAAAAAAZk\/MEu7V9-CPH0\/s1600\/IMG_0197.JPG\" imageanchor=\"1\" style=\"clear: left; float: left; margin-bottom: 1em; margin-right: 1em;\"><img decoding=\"async\" loading=\"lazy\" border=\"0\" height=\"320\" src=\"http:\/\/2.bp.blogspot.com\/-CSnOl1z0z6g\/TdaLT1jGtmI\/AAAAAAAAAZk\/MEu7V9-CPH0\/s320\/IMG_0197.JPG\" width=\"240\" \/><\/a><\/div>\n<p><\/p>\n<div class=\"MsoNormal\"><i>No i przeczyta\u0142am kolejn\u0105 ksi\u0105\u017ck\u0119 dzi\u0119ki akcji \u201eW\u0142\u00f3czykijka\u201d. Tym razem znowu trafi\u0142am na seri\u0119 i niestety nie od pocz\u0105tku. Ale na szcz\u0119\u015bcie nie by\u0142o to zbyt dokuczliwe. Czy si\u0119gn\u0119 jeszcze po t\u0105 seri\u0119? Przyznam szczerze, \u017ce nie wiem. Moja przygody by\u0142y r\u00f3\u017cna z t\u0105 ksi\u0105\u017ck\u0105 i mimo wszystko podoba\u0142a mi si\u0119. Ale o tym za chwil\u0119. <\/i><\/div>\n<div class=\"MsoNormal\">\n<\/div>\n<div class=\"MsoNormal\"><i>Ksi\u0105\u017cka zaczyna si\u0119 od momentu gdy przyjaci\u00f3\u0142ka Mori bierze \u015blub ze swoim wybrankiem. Ale to nie o nich chce opowiedzie\u0107, a o Mori. M\u0142oda dziewczyna nadal mieszka z rodzicami w zamku, kt\u00f3ry nale\u017cy do rodziny. Dziewczyna ma niezwyk\u0142y dar. Potrafi odczytywa\u0107 uczucia ludzi z otaczaj\u0105cych j\u0105 kolor\u00f3w. Potrafi stwierdzi\u0107 kiedy kto\u015b m\u00f3wi prawd\u0119, a kiedy oszukuje. Mori na \u015blubie przyjaci\u00f3\u0142ki poznaje przystojnego m\u0142odzie\u0144ca, kt\u00f3ry jest ni\u0105 zauroczony. Ona za\u015b co\u015b zaczyna czu\u0107 do niego. Po jakim\u015b czasie Mori przeprowadza si\u0119 do miasta w celu usamodzielnienia si\u0119. Zarabia na siebie robi\u0105c bi\u017cuteri\u0119 i maluj\u0105c obrazy. Mi\u0119dzyczasie chodzi do biblioteki miejskiej gdzie znowu spotyka Dark. A tam zaczyna si\u0119 ich przygoda\u2026 Pewnego dnia w bibliotece pojawiaj\u0105 si\u0119 dziwni ludzie (?) i zabieraj\u0105 ich do \u015bwiata ksi\u0105\u017cek, a \u015bci\u015blej m\u00f3wi\u0105c do \u015bwiata Avenid\u00f3w. Co im si\u0119 przytrafi\u0142o musicie ju\u017c sami odkry\u0107\u2026<\/i><\/div>\n<div class=\"MsoNormal\">\n<\/div>\n<div class=\"MsoNormal\"><i>Mam mieszane uczucia co do ksi\u0105\u017cki. Z jednej strony mi si\u0119 podoba\u0142a, a z drugiej strony nie bardzo\u2026 Podoba\u0142 mi si\u0119 \u015bwiat Avenid\u00f3w. Tak misternie zbudowany od podstaw. Maj\u0105cy swoj\u0105 histori\u0119, legendy, kultur\u0119. Za to wielkie brawa. Ale ksi\u0105\u017cka nie porwa\u0142a mnie fabu\u0142\u0105. Jak dla mnie by\u0142a taka no nie wiem. Momentami si\u0119 nudzi\u0142am czytaj\u0105c poniewa\u017c ni\u0107 si\u0119 nie dzia\u0142o. Znaczy dzia\u0142o, ale nic specjalnego. Dla mnie by\u0142o za ma\u0142o akcji, przyg\u00f3d (cho\u0107 pewnie jak ja bym mia\u0142a to prze\u017cywa\u0107 to by by\u0142o za du\u017co;)). Ale ja od ksi\u0105\u017cki, szczeg\u00f3lnie takiej, oczekuje dreszczyku i akcji od kt\u00f3rej nie b\u0119d\u0119 potrafi\u0142a si\u0119 oderwa\u0107. Cho\u0107 musz\u0119 przyzna\u0107, \u017ce ko\u0144cowe strony po\u0142kn\u0119\u0142am \ud83d\ude09 <\/i><\/div>\n<div class=\"MsoNormal\">\n<\/div>\n<div class=\"MsoNormal\"><i>Czy ksi\u0105\u017cka powinna dalej w\u0119drowa\u0107? Owszem. Poniewa\u017c &nbsp;mimo wszystko polecam j\u0105 bo warto poczyta\u0107 o \u015bwiecie gdzie nie trzeba si\u0119 ba\u0107 wyj\u015bcia za r\u00f3g, nie patrzy si\u0119 z obaw\u0105 na osob\u0119 naprzeciwko nas, a ksi\u0105\u017cki to \u015bwi\u0119to\u015b\u0107.<\/i><\/div>\n<div class=\"MsoNormal\">\n<\/div>\n<div class=\"MsoNormal\"><b><i>Ksi\u0105\u017ck\u0119 przeczyta\u0142am dzi\u0119ki akcji \u201eW\u0142\u00f3czykijka\u201d przekazan\u0105 przez wydawnictwo \u201ePr\u00f3szy\u0144ski i S-ka\u201d!<\/i><\/b><\/div>\n<div class=\"separator\" style=\"clear: both; text-align: center;\"><a href=\"http:\/\/2.bp.blogspot.com\/-wNvJGvGGeIM\/TdaLyQLfD1I\/AAAAAAAAAZo\/UHVKEo8xteU\/s1600\/spopa.jpg\" imageanchor=\"1\" style=\"margin-left: 1em; margin-right: 1em;\"><img decoding=\"async\" border=\"0\" src=\"http:\/\/2.bp.blogspot.com\/-wNvJGvGGeIM\/TdaLyQLfD1I\/AAAAAAAAAZo\/UHVKEo8xteU\/s1600\/spopa.jpg\" \/><\/a><\/div>\n<div class=\"MsoNormal\">\n<\/div>\n<div class=\"MsoNormal\">\n<\/div>\n<div class=\"MsoNormal\"><b><i>Autor: <\/i><\/b><i>Agnieszka Grzelak<\/i><\/div>\n<div class=\"MsoNormal\"><b><i>Tytu\u0142: <\/i><\/b><i>\u015acie\u017cki Avenid\u00f3w<\/i><\/div>\n<div class=\"MsoNormal\"><b><i>Wydawnictwo: <\/i><\/b><i>Pr\u00f3szy\u0144ski i S-ka<\/i><\/div>\n<div class=\"MsoNormal\"><b><i>Rok wydania: <\/i><\/b><i>wrzesie\u0144 2010 <\/i><\/div>\n<div class=\"MsoNormal\"><b><i>Liczba stron: <\/i><\/b><i>296<\/i><\/div>\n","protected":false},"excerpt":{"rendered":"<p>No i przeczyta\u0142am kolejn\u0105 ksi\u0105\u017ck\u0119 dzi\u0119ki akcji \u201eW\u0142\u00f3czykijka\u201d. Tym razem znowu trafi\u0142am na seri\u0119 i niestety nie od pocz\u0105tku. Ale na szcz\u0119\u015bcie nie by\u0142o to zbyt dokuczliwe. Czy si\u0119gn\u0119 jeszcze po t\u0105 seri\u0119? Przyznam szczerze, \u017ce nie wiem. Moja przygody by\u0142y r\u00f3\u017cna z t\u0105 ksi\u0105\u017ck\u0105 i mimo wszystko podoba\u0142a mi si\u0119. Ale o tym za [&hellip;]<\/p>\n","protected":false},"author":2,"featured_media":0,"comment_status":"open","ping_status":"open","sticky":false,"template":"","format":"standard","meta":[],"categories":[1],"tags":[1093,1317,12,380,1318,875],"jetpack_featured_media_url":"","_links":{"self":[{"href":"https:\/\/zapatrzonawksiazki.pl\/index.php\/wp-json\/wp\/v2\/posts\/1368"}],"collection":[{"href":"https:\/\/zapatrzonawksiazki.pl\/index.php\/wp-json\/wp\/v2\/posts"}],"about":[{"href":"https:\/\/zapatrzonawksiazki.pl\/index.php\/wp-json\/wp\/v2\/types\/post"}],"author":[{"embeddable":true,"href":"https:\/\/zapatrzonawksiazki.pl\/index.php\/wp-json\/wp\/v2\/users\/2"}],"replies":[{"embeddable":true,"href":"https:\/\/zapatrzonawksiazki.pl\/index.php\/wp-json\/wp\/v2\/comments?post=1368"}],"version-history":[{"count":1,"href":"https:\/\/zapatrzonawksiazki.pl\/index.php\/wp-json\/wp\/v2\/posts\/1368\/revisions"}],"predecessor-version":[{"id":2869,"href":"https:\/\/zapatrzonawksiazki.pl\/index.php\/wp-json\/wp\/v2\/posts\/1368\/revisions\/2869"}],"wp:attachment":[{"href":"https:\/\/zapatrzonawksiazki.pl\/index.php\/wp-json\/wp\/v2\/media?parent=1368"}],"wp:term":[{"taxonomy":"category","embeddable":true,"href":"https:\/\/zapatrzonawksiazki.pl\/index.php\/wp-json\/wp\/v2\/categories?post=1368"},{"taxonomy":"post_tag","embeddable":true,"href":"https:\/\/zapatrzonawksiazki.pl\/index.php\/wp-json\/wp\/v2\/tags?post=1368"}],"curies":[{"name":"wp","href":"https:\/\/api.w.org\/{rel}","templated":true}]}}